{"id":74670,"date":"2018-04-16T11:07:08","date_gmt":"2018-04-16T14:07:08","guid":{"rendered":"http:\/\/www.hoymercedes.com.ar\/principal\/?p=74670"},"modified":"2018-04-16T09:14:15","modified_gmt":"2018-04-16T12:14:15","slug":"el-mamm-invita-a-visitar-la-muestra-de-guillermo-roux","status":"publish","type":"post","link":"https:\/\/www.hoymercedes.com.ar\/principal\/2018\/04\/16\/el-mamm-invita-a-visitar-la-muestra-de-guillermo-roux\/","title":{"rendered":"El MAMM invita a visitar la muestra de Guillermo Roux"},"content":{"rendered":"<p>El Museo de Arte \u00abMunicipalidad de Mercedes\u00bb extiende su invitaci\u00f3n a la comunidad art\u00edstica y todos aquellos interesados en asistir al pr\u00f3ximo viaje previsto para el d\u00eda s\u00e1bado 21 de abril.<\/p>\n<p>Como sucede periodicamente, el MAMM organiza excursiones a distintas muestras expuestas en espacio culturales. En esta oportunidad la visita ser\u00e1\u00a0al espacio-taller del Grupo Zafarrancho (\u201cun laboratorio subterr\u00e1neo de proyectos art\u00edsticos y curatoriales que alberga los talleres de ocho artistas\u201d) para luego ir a la muestra del gran maestro Guillermo Roux, \u201cDiario Gr\u00e1fico\u201d, en el Museo Nacional de Bellas Artes, acompa\u00f1ados por su curadora Cecilia Medina.<\/p>\n<p>El horario de partida ser\u00e1 a las 13 hs, desde la puerta del MAMM (calle 23 N\u00ba 383). Tanto el viaje como las visitas programadas no tienen costo alguno.<\/p>\n<p>La inscripci\u00f3n podr\u00e1 realizarse telef\u00f3nicamente comunic\u00e1ndose al 435368, o acerc\u00e1ndose personalmente al Museo en los horarios de atenci\u00f3n al p\u00fablico (martes a viernes de 8 a 18 hs.), a partir del martes 17 de Abril.<\/p>\n<p>&nbsp;<\/p>\n","protected":false},"excerpt":{"rendered":"<p>El Museo de Arte \u00abMunicipalidad de Mercedes\u00bb extiende su invitaci\u00f3n a la comunidad art\u00edstica y todos aquellos interesados en asistir &#8230; <a title=\"El MAMM invita a visitar la muestra de Guillermo Roux\" class=\"read-more\" href=\"https:\/\/www.hoymercedes.com.ar\/principal\/2018\/04\/16\/el-mamm-invita-a-visitar-la-muestra-de-guillermo-roux\/\" aria-label=\"Leer m\u00e1s sobre El MAMM invita a visitar la muestra de Guillermo Roux\">Leer m\u00e1s<\/a><\/p>\n","protected":false},"author":1,"featured_media":74671,"comment_status":"closed","ping_status":"open","sticky":false,"template":"","format":"standard","meta":{"_monsterinsights_skip_tracking":false,"_monsterinsights_sitenote_active":false,"_monsterinsights_sitenote_note":"","_monsterinsights_sitenote_category":0,"jetpack_post_was_ever_published":false,"_jetpack_newsletter_access":"","_jetpack_dont_email_post_to_subs":false,"_jetpack_newsletter_tier_id":0,"_jetpack_memberships_contains_paywalled_content":false,"_jetpack_memberships_contains_paid_content":false,"footnotes":"","jetpack_publicize_message":"","jetpack_publicize_feature_enabled":true,"jetpack_social_post_already_shared":true,"jetpack_social_options":{"image_generator_settings":{"template":"highway","default_image_id":0,"font":"","enabled":false},"version":2},"_wpas_customize_per_network":false},"categories":[104],"tags":[7805,8674,10,12923],"class_list":["post-74670","post","type-post","status-publish","format-standard","has-post-thumbnail","hentry","category-cultura","tag-cultura","tag-mamm","tag-mercedes","tag-tour-de-arte","generate-columns","tablet-grid-50","mobile-grid-100","grid-parent","grid-50"],"jetpack_publicize_connections":[],"jetpack_featured_media_url":"https:\/\/www.hoymercedes.com.ar\/principal\/wp-content\/uploads\/2018\/04\/16-mamm-guillermo-roux.-diario-grafico_roux-web.jpg","wps_subtitle":"Tour de Arte","jetpack_sharing_enabled":true,"_links":{"self":[{"href":"https:\/\/www.hoymercedes.com.ar\/principal\/wp-json\/wp\/v2\/posts\/74670","targetHints":{"allow":["GET"]}}],"collection":[{"href":"https:\/\/www.hoymercedes.com.ar\/principal\/wp-json\/wp\/v2\/posts"}],"about":[{"href":"https:\/\/www.hoymercedes.com.ar\/principal\/wp-json\/wp\/v2\/types\/post"}],"author":[{"embeddable":true,"href":"https:\/\/www.hoymercedes.com.ar\/principal\/wp-json\/wp\/v2\/users\/1"}],"replies":[{"embeddable":true,"href":"https:\/\/www.hoymercedes.com.ar\/principal\/wp-json\/wp\/v2\/comments?post=74670"}],"version-history":[{"count":0,"href":"https:\/\/www.hoymercedes.com.ar\/principal\/wp-json\/wp\/v2\/posts\/74670\/revisions"}],"wp:featuredmedia":[{"embeddable":true,"href":"https:\/\/www.hoymercedes.com.ar\/principal\/wp-json\/wp\/v2\/media\/74671"}],"wp:attachment":[{"href":"https:\/\/www.hoymercedes.com.ar\/principal\/wp-json\/wp\/v2\/media?parent=74670"}],"wp:term":[{"taxonomy":"category","embeddable":true,"href":"https:\/\/www.hoymercedes.com.ar\/principal\/wp-json\/wp\/v2\/categories?post=74670"},{"taxonomy":"post_tag","embeddable":true,"href":"https:\/\/www.hoymercedes.com.ar\/principal\/wp-json\/wp\/v2\/tags?post=74670"}],"curies":[{"name":"wp","href":"https:\/\/api.w.org\/{rel}","templated":true}]}}