{"id":74675,"date":"2018-04-17T12:00:20","date_gmt":"2018-04-17T15:00:20","guid":{"rendered":"http:\/\/www.hoymercedes.com.ar\/principal\/?p=74675"},"modified":"2018-04-17T09:24:05","modified_gmt":"2018-04-17T12:24:05","slug":"jose-l-casaretto-y-la-crisis-en-el-campo-debido-a-la-dificil-situacion-algunos-deberan-dejar-la-produccion","status":"publish","type":"post","link":"https:\/\/www.hoymercedes.com.ar\/principal\/2018\/04\/17\/jose-l-casaretto-y-la-crisis-en-el-campo-debido-a-la-dificil-situacion-algunos-deberan-dejar-la-produccion\/","title":{"rendered":"Jos\u00e9 L.Casaretto y la crisis en el campo:\u00a0\u00a0\u201cDebido a la dif\u00edcil situaci\u00f3n, algunos deber\u00e1n dejar la producci\u00f3n\u201d"},"content":{"rendered":"<p>El presidente de la Sociedad Rural Regional de Mercedes se mostr\u00f3 muy preocupado por la realidad del sector \u2013 \u201cSon impuestos muy altos en momento donde estamos pasando un momento cr\u00edtico\u201d, dijo en referencia al reval\u00fao inmobiliario.<\/p>\n<p>Existe en la actualidad un gran malestar entre los productores de campo debido a la decisi\u00f3n pol\u00edtica del gobierno bonaerense que encabeza Mar\u00eda Eugenia Vidal de incrementar en cerca de un 50 por ciento el impuesto inmobiliario bonaerense como consecuencia del reval\u00fao. El incremento se da en un muy mal momento de la actividad productiva agr\u00edcola ganadera y produce una distorsi\u00f3n importante en la estructura de costos.<\/p>\n<p>Para el Presidente de la Sociedad Rural de Mercedes, Jos\u00e9 Luis Casaretto, \u201clo que es la parte recaudatoria no concuerda con la parte productiva \u2013por supuesto que el valor inmobiliario ha subido- pero estos impuestos impactan de manera muy fuerte y negativa en la parte productiva\u201d sostuvo y a\u00f1adi\u00f3 \u201cson impuestos muy altos en un momento donde el campo est\u00e1 pasando por una situaci\u00f3n muy cr\u00edtica. Solo para como ejemplo es importante destacar que los valores que recibe el productor por la venta de leche es el mismo que el a\u00f1o pasado (cinco pesos con ochenta) algo realmente irrisorio, y as\u00ed todos los sectores\u201d.<\/p>\n<p>Casaretto destac\u00f3 \u201cno hay rentabilidad y encima ten\u00e9s que afrontar, no solo estos impuestos, sino que es todo un combo de elementos que se han ido por encima de los valores reales\u201d y puntualiz\u00f3 \u201choy todos los insumos est\u00e1n dolarizados, el combustible, la luz, todo lo que conlleva al quehacer diario de nuestro trabajo han crecido de forma indiscriminada y los valores de la materia prima siguen siendo los mismos del a\u00f1o pasado, por eso estamos mal\u201d.<\/p>\n<p>El Presidente de la Sociedad Rural de Mercedes, insisti\u00f3\u00a0\u00a0\u201cen estos tiempos donde el sector rural est\u00e1 pasando por un momento de crisis nos toca afrontar este impuesto tan alto\u201d y agreg\u00f3 \u201cestamos tratando de dialogar con el Gobierno para ver si de alguna manera se puede tomar una medida con respecto a este tema\u201d.<\/p>\n<p>Ante esta b\u00fasqueda de soluciones, Casaretto explic\u00f3\u00a0\u00a0\u201cARBA nos dice que es muy dif\u00edcil que se ejecute una rebaja porque ya est\u00e1 implementado el impuesto\u201d.\u00a0\u00a0\u00a0Y enumer\u00f3 los sectores m\u00e1s perjudicados por todos los tarifazos e impuestos impartidos, tanto por el Gobierno Nacional, como Provincial \u201cen Mercedes el sector granos \u2013sumado a la sequ\u00eda- se va a ver muy afectados, el sector lechero, el productor de ganado -el costo para el consumidor es alto pero los precios del ganado en pie son muy bajos- por eso dir\u00eda que pr\u00e1cticamente todos los sectores est\u00e1n afectados o est\u00e1n pasando un mal momento\u201d y se\u00f1al\u00f3 \u201ctambi\u00e9n tenemos el tema del combustible que est\u00e1 muy caro y afecta de sobremanera los costos de producci\u00f3n\u201d.<\/p>\n<p>\u201cDebido a la dif\u00edcil situaci\u00f3n econ\u00f3mica habr\u00e1 que ver c\u00f3mo los productores m\u00e1s afectados pueden resistir, aunque algunos, deber\u00e1n dejar la producci\u00f3n, otros aguantar\u00e1n. Mientras tanto veremos como buscamos soluciones, la verdad que es un a\u00f1o complicado\u201d defini\u00f3, Jos\u00e9 Luis Casaretto.<\/p>\n","protected":false},"excerpt":{"rendered":"<p>El presidente de la Sociedad Rural Regional de Mercedes se mostr\u00f3 muy preocupado por la realidad del sector \u2013 \u201cSon &#8230; <a title=\"Jos\u00e9 L.Casaretto y la crisis en el campo:\u00a0\u00a0\u201cDebido a la dif\u00edcil situaci\u00f3n, algunos deber\u00e1n dejar la producci\u00f3n\u201d\" class=\"read-more\" href=\"https:\/\/www.hoymercedes.com.ar\/principal\/2018\/04\/17\/jose-l-casaretto-y-la-crisis-en-el-campo-debido-a-la-dificil-situacion-algunos-deberan-dejar-la-produccion\/\" aria-label=\"Leer m\u00e1s sobre Jos\u00e9 L.Casaretto y la crisis en el campo:\u00a0\u00a0\u201cDebido a la dif\u00edcil situaci\u00f3n, algunos deber\u00e1n dejar la producci\u00f3n\u201d\">Leer m\u00e1s<\/a><\/p>\n","protected":false},"author":1,"featured_media":0,"comment_status":"closed","ping_status":"open","sticky":false,"template":"","format":"standard","meta":{"_monsterinsights_skip_tracking":false,"_monsterinsights_sitenote_active":false,"_monsterinsights_sitenote_note":"","_monsterinsights_sitenote_category":0,"jetpack_post_was_ever_published":false,"_jetpack_newsletter_access":"","_jetpack_dont_email_post_to_subs":false,"_jetpack_newsletter_tier_id":0,"_jetpack_memberships_contains_paywalled_content":false,"_jetpack_memberships_contains_paid_content":false,"footnotes":"","jetpack_publicize_message":"","jetpack_publicize_feature_enabled":true,"jetpack_social_post_already_shared":true,"jetpack_social_options":{"image_generator_settings":{"template":"highway","default_image_id":0,"font":"","enabled":false},"version":2},"_wpas_customize_per_network":false},"categories":[8],"tags":[56,12033,8748,531],"class_list":["post-74675","post","type-post","status-publish","format-standard","hentry","category-sociedad","tag-campo","tag-jose-luis-casaretto","tag-opinion","tag-sociedad-rural","generate-columns","tablet-grid-50","mobile-grid-100","grid-parent","grid-50"],"jetpack_publicize_connections":[],"jetpack_featured_media_url":"","wps_subtitle":"Sociedad y actualidad","jetpack_sharing_enabled":true,"_links":{"self":[{"href":"https:\/\/www.hoymercedes.com.ar\/principal\/wp-json\/wp\/v2\/posts\/74675","targetHints":{"allow":["GET"]}}],"collection":[{"href":"https:\/\/www.hoymercedes.com.ar\/principal\/wp-json\/wp\/v2\/posts"}],"about":[{"href":"https:\/\/www.hoymercedes.com.ar\/principal\/wp-json\/wp\/v2\/types\/post"}],"author":[{"embeddable":true,"href":"https:\/\/www.hoymercedes.com.ar\/principal\/wp-json\/wp\/v2\/users\/1"}],"replies":[{"embeddable":true,"href":"https:\/\/www.hoymercedes.com.ar\/principal\/wp-json\/wp\/v2\/comments?post=74675"}],"version-history":[{"count":0,"href":"https:\/\/www.hoymercedes.com.ar\/principal\/wp-json\/wp\/v2\/posts\/74675\/revisions"}],"wp:attachment":[{"href":"https:\/\/www.hoymercedes.com.ar\/principal\/wp-json\/wp\/v2\/media?parent=74675"}],"wp:term":[{"taxonomy":"category","embeddable":true,"href":"https:\/\/www.hoymercedes.com.ar\/principal\/wp-json\/wp\/v2\/categories?post=74675"},{"taxonomy":"post_tag","embeddable":true,"href":"https:\/\/www.hoymercedes.com.ar\/principal\/wp-json\/wp\/v2\/tags?post=74675"}],"curies":[{"name":"wp","href":"https:\/\/api.w.org\/{rel}","templated":true}]}}