{"id":74808,"date":"2018-04-20T08:01:34","date_gmt":"2018-04-20T11:01:34","guid":{"rendered":"http:\/\/www.hoymercedes.com.ar\/principal\/?p=74808"},"modified":"2018-04-20T08:37:42","modified_gmt":"2018-04-20T11:37:42","slug":"delegacion-gowland-detiene-a-sujeto-con-sustancias-prohibidas","status":"publish","type":"post","link":"https:\/\/www.hoymercedes.com.ar\/principal\/2018\/04\/20\/delegacion-gowland-detiene-a-sujeto-con-sustancias-prohibidas\/","title":{"rendered":"Delegaci\u00f3n Gowland detiene a sujeto con sustancias prohibidas"},"content":{"rendered":"<figure id=\"attachment_74809\" aria-describedby=\"caption-attachment-74809\" style=\"width: 620px\" class=\"wp-caption aligncenter\"><img loading=\"lazy\" decoding=\"async\" data-attachment-id=\"74809\" data-permalink=\"https:\/\/www.hoymercedes.com.ar\/principal\/2018\/04\/20\/delegacion-gowland-detiene-a-sujeto-con-sustancias-prohibidas\/marihuana-2\/#main\" data-orig-file=\"https:\/\/www.hoymercedes.com.ar\/principal\/wp-content\/uploads\/2018\/04\/marihuana.jpg\" data-orig-size=\"730,548\" data-comments-opened=\"0\" data-image-meta=\"{&quot;aperture&quot;:&quot;0&quot;,&quot;credit&quot;:&quot;&quot;,&quot;camera&quot;:&quot;&quot;,&quot;caption&quot;:&quot;&quot;,&quot;created_timestamp&quot;:&quot;0&quot;,&quot;copyright&quot;:&quot;&quot;,&quot;focal_length&quot;:&quot;0&quot;,&quot;iso&quot;:&quot;0&quot;,&quot;shutter_speed&quot;:&quot;0&quot;,&quot;title&quot;:&quot;&quot;,&quot;orientation&quot;:&quot;0&quot;}\" data-image-title=\"marihuana\" data-image-description=\"\" data-image-caption=\"&lt;p&gt;Decomiso&lt;\/p&gt;\n\" data-large-file=\"https:\/\/www.hoymercedes.com.ar\/principal\/wp-content\/uploads\/2018\/04\/marihuana.jpg\" class=\"size-medium wp-image-74809\" src=\"https:\/\/www.hoymercedes.com.ar\/principal\/wp-content\/uploads\/2018\/04\/marihuana-630x473.jpg\" alt=\"\" width=\"630\" height=\"473\" srcset=\"https:\/\/www.hoymercedes.com.ar\/principal\/wp-content\/uploads\/2018\/04\/marihuana-630x473.jpg 630w, https:\/\/www.hoymercedes.com.ar\/principal\/wp-content\/uploads\/2018\/04\/marihuana-150x113.jpg 150w, https:\/\/www.hoymercedes.com.ar\/principal\/wp-content\/uploads\/2018\/04\/marihuana.jpg 730w\" sizes=\"auto, (max-width: 630px) 100vw, 630px\" \/><figcaption id=\"caption-attachment-74809\" class=\"wp-caption-text\">Decomiso<\/figcaption><\/figure>\n<p>&nbsp;<\/p>\n<p>La Polic\u00eda Comunal en su Delegaci\u00f3n Gowland tras sus cambios estructurales contin\u00faa atendiendo las necesidades de los vecinos. En esta ocasi\u00f3n con la detenci\u00f3n de un masculino que ten\u00eda en su poder sustancias prohibidas.<\/p>\n<p>La situaci\u00f3n se vivi\u00f3 d\u00edas atr\u00e1s cuando los uniformados a cargo del Jefe Comunal Sergio Macedo efectuaron sus habituales tareas preventivas notando algo sospechoso con un joven que merodeaba la localidad.<\/p>\n<p>Fue as\u00ed que en horas de la madrugada personal Gabinete T\u00e9cnico Operativo en calles 515 entre 502 y 504 logran la aprehensi\u00f3n del joven que, adem\u00e1s, iba fumando parte de las sustancias que ten\u00eda en su poder, siendo una violaci\u00f3n a la ley vigente.<\/p>\n<p>Al ser detectado por la Polic\u00eda se logra incautar desde sus prendas 5 envoltorios de nylon color negro con sustancia vegetal que dio en su test positivo, siendo la com\u00fanmente denominada marihuana.<\/p>\n<p>Tras el pesaje y actuaciones correspondientes se dio intervenci\u00f3n a la justicia, recayendo en la U.F.I N\u00b03<br \/>\nPor su parte, el Comisario Macedo resalt\u00f3 la labor de los efectivos, atentos y actuando conforme a la ley, siendo el personal de calle nuevamente actor fundamental, a la vez que destac\u00f3 el constante apoyo de la justicia que recibe la instituci\u00f3n para continuar dando respuestas positivas a todos los vecinos de Gowland y Mercedes.<\/p>\n<p>El detenido tiene 19 a\u00f1os de edad y su domicilio es en la propia mencionada localidad.<\/p>\n","protected":false},"excerpt":{"rendered":"<p>&nbsp; La Polic\u00eda Comunal en su Delegaci\u00f3n Gowland tras sus cambios estructurales contin\u00faa atendiendo las necesidades de los vecinos. En &#8230; <a title=\"Delegaci\u00f3n Gowland detiene a sujeto con sustancias prohibidas\" class=\"read-more\" href=\"https:\/\/www.hoymercedes.com.ar\/principal\/2018\/04\/20\/delegacion-gowland-detiene-a-sujeto-con-sustancias-prohibidas\/\" aria-label=\"Leer m\u00e1s sobre Delegaci\u00f3n Gowland detiene a sujeto con sustancias prohibidas\">Leer m\u00e1s<\/a><\/p>\n","protected":false},"author":1,"featured_media":74809,"comment_status":"closed","ping_status":"open","sticky":false,"template":"","format":"standard","meta":{"_monsterinsights_skip_tracking":false,"_monsterinsights_sitenote_active":false,"_monsterinsights_sitenote_note":"","_monsterinsights_sitenote_category":0,"jetpack_post_was_ever_published":false,"_jetpack_newsletter_access":"","_jetpack_dont_email_post_to_subs":false,"_jetpack_newsletter_tier_id":0,"_jetpack_memberships_contains_paywalled_content":false,"_jetpack_memberships_contains_paid_content":false,"footnotes":"","jetpack_publicize_message":"","jetpack_publicize_feature_enabled":true,"jetpack_social_post_already_shared":true,"jetpack_social_options":{"image_generator_settings":{"template":"highway","default_image_id":0,"font":"","enabled":false},"version":2},"_wpas_customize_per_network":false},"categories":[85],"tags":[875,9592,5766,96],"class_list":["post-74808","post","type-post","status-publish","format-standard","has-post-thumbnail","hentry","category-policial","tag-gowland","tag-macedo","tag-policia-comunal","tag-policial-2","generate-columns","tablet-grid-50","mobile-grid-100","grid-parent","grid-50"],"jetpack_publicize_connections":[],"jetpack_featured_media_url":"https:\/\/www.hoymercedes.com.ar\/principal\/wp-content\/uploads\/2018\/04\/marihuana.jpg","wps_subtitle":"Policia Comunal","jetpack_sharing_enabled":true,"_links":{"self":[{"href":"https:\/\/www.hoymercedes.com.ar\/principal\/wp-json\/wp\/v2\/posts\/74808","targetHints":{"allow":["GET"]}}],"collection":[{"href":"https:\/\/www.hoymercedes.com.ar\/principal\/wp-json\/wp\/v2\/posts"}],"about":[{"href":"https:\/\/www.hoymercedes.com.ar\/principal\/wp-json\/wp\/v2\/types\/post"}],"author":[{"embeddable":true,"href":"https:\/\/www.hoymercedes.com.ar\/principal\/wp-json\/wp\/v2\/users\/1"}],"replies":[{"embeddable":true,"href":"https:\/\/www.hoymercedes.com.ar\/principal\/wp-json\/wp\/v2\/comments?post=74808"}],"version-history":[{"count":0,"href":"https:\/\/www.hoymercedes.com.ar\/principal\/wp-json\/wp\/v2\/posts\/74808\/revisions"}],"wp:featuredmedia":[{"embeddable":true,"href":"https:\/\/www.hoymercedes.com.ar\/principal\/wp-json\/wp\/v2\/media\/74809"}],"wp:attachment":[{"href":"https:\/\/www.hoymercedes.com.ar\/principal\/wp-json\/wp\/v2\/media?parent=74808"}],"wp:term":[{"taxonomy":"category","embeddable":true,"href":"https:\/\/www.hoymercedes.com.ar\/principal\/wp-json\/wp\/v2\/categories?post=74808"},{"taxonomy":"post_tag","embeddable":true,"href":"https:\/\/www.hoymercedes.com.ar\/principal\/wp-json\/wp\/v2\/tags?post=74808"}],"curies":[{"name":"wp","href":"https:\/\/api.w.org\/{rel}","templated":true}]}}