{"id":74849,"date":"2018-04-21T12:10:35","date_gmt":"2018-04-21T15:10:35","guid":{"rendered":"http:\/\/www.hoymercedes.com.ar\/principal\/?p=74849"},"modified":"2018-04-21T10:35:48","modified_gmt":"2018-04-21T13:35:48","slug":"alumnos-del-colegio-san-antonio-se-reunieron-con-ustarroz","status":"publish","type":"post","link":"https:\/\/www.hoymercedes.com.ar\/principal\/2018\/04\/21\/alumnos-del-colegio-san-antonio-se-reunieron-con-ustarroz\/","title":{"rendered":"Alumnos del Colegio San Antonio se reunieron con Ustarroz"},"content":{"rendered":"<p>El jefe comunal, Dr. Juan Ignacio Ustarroz, comparti\u00f3 un desayuno con los chicos del Colegio San Antonio de Padua. Fue en la oficina privada del intendente. Estuvieron representantes de la instituci\u00f3n, la Sra. Paloma Coconier, quien es int\u00e9rprete de lengua de se\u00f1as, Tatiana L\u00f3pez, Directora\u00a0\u00a0de Discapacidad. La actividad fue por todos calificada como muy positiva y grata, avanzando en temas m\u00e1s que importante para los chicos y tambi\u00e9n los vecinos.<\/p>\n<p><img loading=\"lazy\" decoding=\"async\" data-attachment-id=\"74850\" data-permalink=\"https:\/\/www.hoymercedes.com.ar\/principal\/2018\/04\/21\/alumnos-del-colegio-san-antonio-se-reunieron-con-ustarroz\/21-sanantonio-juani-2\/#main\" data-orig-file=\"https:\/\/www.hoymercedes.com.ar\/principal\/wp-content\/uploads\/2018\/04\/21-sanantonio-juani-2.jpg\" data-orig-size=\"750,500\" data-comments-opened=\"0\" data-image-meta=\"{&quot;aperture&quot;:&quot;0&quot;,&quot;credit&quot;:&quot;&quot;,&quot;camera&quot;:&quot;&quot;,&quot;caption&quot;:&quot;&quot;,&quot;created_timestamp&quot;:&quot;0&quot;,&quot;copyright&quot;:&quot;&quot;,&quot;focal_length&quot;:&quot;0&quot;,&quot;iso&quot;:&quot;0&quot;,&quot;shutter_speed&quot;:&quot;0&quot;,&quot;title&quot;:&quot;&quot;,&quot;orientation&quot;:&quot;0&quot;}\" data-image-title=\"21 sanantonio-juani-2\" data-image-description=\"\" data-image-caption=\"\" data-large-file=\"https:\/\/www.hoymercedes.com.ar\/principal\/wp-content\/uploads\/2018\/04\/21-sanantonio-juani-2.jpg\" class=\"aligncenter size-medium wp-image-74850\" src=\"https:\/\/www.hoymercedes.com.ar\/principal\/wp-content\/uploads\/2018\/04\/21-sanantonio-juani-2-630x420.jpg\" alt=\"\" width=\"630\" height=\"420\" srcset=\"https:\/\/www.hoymercedes.com.ar\/principal\/wp-content\/uploads\/2018\/04\/21-sanantonio-juani-2-630x420.jpg 630w, https:\/\/www.hoymercedes.com.ar\/principal\/wp-content\/uploads\/2018\/04\/21-sanantonio-juani-2-150x100.jpg 150w, https:\/\/www.hoymercedes.com.ar\/principal\/wp-content\/uploads\/2018\/04\/21-sanantonio-juani-2.jpg 750w\" sizes=\"auto, (max-width: 630px) 100vw, 630px\" \/><\/p>\n<p>Motiv\u00f3 el encuentro la demanda espont\u00e1nea de uno de los alumnos del establecimiento educativo mencionado, Nicol\u00e1s, quien pone en conocimiento a las autoridades municipales, en el acto del d\u00eda 24 de Marzo llevado a cabo en La Plaza San Martin, sobre la presencia de una compa\u00f1era de nombre Valentina, que presenta discapacidad auditiva y no habr\u00eda podido disfrutar del acto, ya que se comunica a trav\u00e9s del lenguaje de se\u00f1as.<\/p>\n<p>Tras el planteo, se gener\u00f3 el rico encuentro y se trabaj\u00f3 entre los representantes comunales y los estudiantiles especialmente en ver si se puede empezar a contar en actos oficiales de alg\u00fan por lo que plantea la posibilidad de contar con alg\u00fan recurso para dar respuesta a esta necesidad.<\/p>\n<p>\u201cHa sido una excelente iniciativa de los chicos. Nada m\u00e1s grato que poder o\u00edr de ellos algo tan importante como lo planteado, que es ni m\u00e1s ni menos que un planteo para seguir creando una ciudad m\u00e1s inclusiva\u201d y destac\u00f3 que \u201ces un orgullo ver su preocupaci\u00f3n, su propuesta, su compromiso con su compa\u00f1era y con todos. Ellos, claramente, nos ense\u00f1an\u201d, sostuvo Juan Ustaroz.<\/p>\n<p>Tras la mesa de trabajo se plantearon distintas acciones a desplegar que generaran una propuesta concreta que pronto dar\u00e1n a conocer y as\u00ed plasmarlas en proyectos\u00a0\u00a0para generar pol\u00edticas p\u00fablicas, en nombre de Valentina y de todas aquellas personas que lo necesiten, resaltando la actitud e iniciativa del grupo de alumnos quienes han demostrado su grandeza y solidaridad.<\/p>\n<p>&nbsp;<\/p>\n<p>Fuente: Prensa Municipal<\/p>\n","protected":false},"excerpt":{"rendered":"<p>El jefe comunal, Dr. Juan Ignacio Ustarroz, comparti\u00f3 un desayuno con los chicos del Colegio San Antonio de Padua. Fue &#8230; <a title=\"Alumnos del Colegio San Antonio se reunieron con Ustarroz\" class=\"read-more\" href=\"https:\/\/www.hoymercedes.com.ar\/principal\/2018\/04\/21\/alumnos-del-colegio-san-antonio-se-reunieron-con-ustarroz\/\" aria-label=\"Leer m\u00e1s sobre Alumnos del Colegio San Antonio se reunieron con Ustarroz\">Leer m\u00e1s<\/a><\/p>\n","protected":false},"author":1,"featured_media":74850,"comment_status":"closed","ping_status":"open","sticky":false,"template":"","format":"standard","meta":{"_monsterinsights_skip_tracking":false,"_monsterinsights_sitenote_active":false,"_monsterinsights_sitenote_note":"","_monsterinsights_sitenote_category":0,"jetpack_post_was_ever_published":false,"_jetpack_newsletter_access":"","_jetpack_dont_email_post_to_subs":false,"_jetpack_newsletter_tier_id":0,"_jetpack_memberships_contains_paywalled_content":false,"_jetpack_memberships_contains_paid_content":false,"footnotes":"","jetpack_publicize_message":"","jetpack_publicize_feature_enabled":true,"jetpack_social_post_already_shared":true,"jetpack_social_options":{"image_generator_settings":{"template":"highway","default_image_id":0,"font":"","enabled":false},"version":2},"_wpas_customize_per_network":false},"categories":[30],"tags":[3907,47,8599,10,244],"class_list":["post-74849","post","type-post","status-publish","format-standard","has-post-thumbnail","hentry","category-municipio","tag-colegio-san-antonio","tag-educacion-2","tag-juan-ignacio-ustarroz","tag-mercedes","tag-municipio-2","generate-columns","tablet-grid-50","mobile-grid-100","grid-parent","grid-50"],"jetpack_publicize_connections":[],"jetpack_featured_media_url":"https:\/\/www.hoymercedes.com.ar\/principal\/wp-content\/uploads\/2018\/04\/21-sanantonio-juani-2.jpg","wps_subtitle":"Encuentro con estudiantes","jetpack_sharing_enabled":true,"_links":{"self":[{"href":"https:\/\/www.hoymercedes.com.ar\/principal\/wp-json\/wp\/v2\/posts\/74849","targetHints":{"allow":["GET"]}}],"collection":[{"href":"https:\/\/www.hoymercedes.com.ar\/principal\/wp-json\/wp\/v2\/posts"}],"about":[{"href":"https:\/\/www.hoymercedes.com.ar\/principal\/wp-json\/wp\/v2\/types\/post"}],"author":[{"embeddable":true,"href":"https:\/\/www.hoymercedes.com.ar\/principal\/wp-json\/wp\/v2\/users\/1"}],"replies":[{"embeddable":true,"href":"https:\/\/www.hoymercedes.com.ar\/principal\/wp-json\/wp\/v2\/comments?post=74849"}],"version-history":[{"count":0,"href":"https:\/\/www.hoymercedes.com.ar\/principal\/wp-json\/wp\/v2\/posts\/74849\/revisions"}],"wp:featuredmedia":[{"embeddable":true,"href":"https:\/\/www.hoymercedes.com.ar\/principal\/wp-json\/wp\/v2\/media\/74850"}],"wp:attachment":[{"href":"https:\/\/www.hoymercedes.com.ar\/principal\/wp-json\/wp\/v2\/media?parent=74849"}],"wp:term":[{"taxonomy":"category","embeddable":true,"href":"https:\/\/www.hoymercedes.com.ar\/principal\/wp-json\/wp\/v2\/categories?post=74849"},{"taxonomy":"post_tag","embeddable":true,"href":"https:\/\/www.hoymercedes.com.ar\/principal\/wp-json\/wp\/v2\/tags?post=74849"}],"curies":[{"name":"wp","href":"https:\/\/api.w.org\/{rel}","templated":true}]}}