{"id":74941,"date":"2018-04-24T09:04:25","date_gmt":"2018-04-24T12:04:25","guid":{"rendered":"http:\/\/www.hoymercedes.com.ar\/principal\/?p=74941"},"modified":"2018-04-23T17:11:13","modified_gmt":"2018-04-23T20:11:13","slug":"angel-rutigliano-inaugura-muestra-titulada-la-vaca-loca","status":"publish","type":"post","link":"https:\/\/www.hoymercedes.com.ar\/principal\/2018\/04\/24\/angel-rutigliano-inaugura-muestra-titulada-la-vaca-loca\/","title":{"rendered":"\u00c1ngel Rutigliano inaugura muestra titulada \u00abLa Vaca Loca\u00bb"},"content":{"rendered":"<p>Este jueves 26 de abril, a la hora 20, el artista \u00c1ngel Rutigliano inaugura la exposici\u00f3n pict\u00f3rica titulada \u00abLa Vaca Loca\u00bb. Hasta el 11 de mayo, la muestra de pinturas podr\u00e1 verse en el sal\u00f3n de avenida 30 N\u00b0 564 de Mercedes de lunes a viernes de 8 a 13 y de 14 a 16 horas, con acceso libre y gratuito.<\/p>\n<p>Angel Rutigliano naci\u00f3 en Capital Federal y es Lic. en Psicolog\u00eda, y en sus palabras nos refiere: \u00abPodr\u00eda situar que en mi ni\u00f1ez dibujaba con un t\u00edo inventor, Don Julio Rutigliano, creador del famoso \u201cSifo-vin\u201d. Un sif\u00f3n que ten\u00eda dos compartimentos en donde se colocaba respectivamente soda y vino. Nunca logr\u00f3 que el vino subiera pero me qued\u00f3 de ese intento las ganas de experimentar; de pensar que el error puede ser parte del devenir de una obra.<\/p>\n<p>Tambi\u00e9n puedo establecer como marca tener un hermano mellizo. La idea de que en la copia tambi\u00e9n se juega algo de la singularidad es un sello en donde puedo reconocerme. Algo de estas l\u00f3gicas aparecen en mis cuadros. Crec\u00ed con la cultura de los Comic. Estudie con Mauro Parodi, Pablo Russo y Jorge Ricciardulli.\u00bb<\/p>\n","protected":false},"excerpt":{"rendered":"<p>Este jueves 26 de abril, a la hora 20, el artista \u00c1ngel Rutigliano inaugura la exposici\u00f3n pict\u00f3rica titulada \u00abLa Vaca &#8230; <a title=\"\u00c1ngel Rutigliano inaugura muestra titulada \u00abLa Vaca Loca\u00bb\" class=\"read-more\" href=\"https:\/\/www.hoymercedes.com.ar\/principal\/2018\/04\/24\/angel-rutigliano-inaugura-muestra-titulada-la-vaca-loca\/\" aria-label=\"Leer m\u00e1s sobre \u00c1ngel Rutigliano inaugura muestra titulada \u00abLa Vaca Loca\u00bb\">Leer m\u00e1s<\/a><\/p>\n","protected":false},"author":1,"featured_media":74942,"comment_status":"closed","ping_status":"open","sticky":false,"template":"","format":"standard","meta":{"_monsterinsights_skip_tracking":false,"_monsterinsights_sitenote_active":false,"_monsterinsights_sitenote_note":"","_monsterinsights_sitenote_category":0,"jetpack_post_was_ever_published":false,"_jetpack_newsletter_access":"","_jetpack_dont_email_post_to_subs":false,"_jetpack_newsletter_tier_id":0,"_jetpack_memberships_contains_paywalled_content":false,"_jetpack_memberships_contains_paid_content":false,"footnotes":"","jetpack_publicize_message":"","jetpack_publicize_feature_enabled":true,"jetpack_social_post_already_shared":true,"jetpack_social_options":{"image_generator_settings":{"template":"highway","default_image_id":0,"font":"","enabled":false},"version":2},"_wpas_customize_per_network":false},"categories":[104],"tags":[12954,7805,10,9056],"class_list":["post-74941","post","type-post","status-publish","format-standard","has-post-thumbnail","hentry","category-cultura","tag-angel-rutigliano","tag-cultura","tag-mercedes","tag-pintura","generate-columns","tablet-grid-50","mobile-grid-100","grid-parent","grid-50"],"jetpack_publicize_connections":[],"jetpack_featured_media_url":"https:\/\/www.hoymercedes.com.ar\/principal\/wp-content\/uploads\/2018\/04\/24-rutigliano-e1524514259918.jpg","wps_subtitle":"Exposici\u00f3n pict\u00f3rica","jetpack_sharing_enabled":true,"_links":{"self":[{"href":"https:\/\/www.hoymercedes.com.ar\/principal\/wp-json\/wp\/v2\/posts\/74941","targetHints":{"allow":["GET"]}}],"collection":[{"href":"https:\/\/www.hoymercedes.com.ar\/principal\/wp-json\/wp\/v2\/posts"}],"about":[{"href":"https:\/\/www.hoymercedes.com.ar\/principal\/wp-json\/wp\/v2\/types\/post"}],"author":[{"embeddable":true,"href":"https:\/\/www.hoymercedes.com.ar\/principal\/wp-json\/wp\/v2\/users\/1"}],"replies":[{"embeddable":true,"href":"https:\/\/www.hoymercedes.com.ar\/principal\/wp-json\/wp\/v2\/comments?post=74941"}],"version-history":[{"count":0,"href":"https:\/\/www.hoymercedes.com.ar\/principal\/wp-json\/wp\/v2\/posts\/74941\/revisions"}],"wp:featuredmedia":[{"embeddable":true,"href":"https:\/\/www.hoymercedes.com.ar\/principal\/wp-json\/wp\/v2\/media\/74942"}],"wp:attachment":[{"href":"https:\/\/www.hoymercedes.com.ar\/principal\/wp-json\/wp\/v2\/media?parent=74941"}],"wp:term":[{"taxonomy":"category","embeddable":true,"href":"https:\/\/www.hoymercedes.com.ar\/principal\/wp-json\/wp\/v2\/categories?post=74941"},{"taxonomy":"post_tag","embeddable":true,"href":"https:\/\/www.hoymercedes.com.ar\/principal\/wp-json\/wp\/v2\/tags?post=74941"}],"curies":[{"name":"wp","href":"https:\/\/api.w.org\/{rel}","templated":true}]}}