{"id":74986,"date":"2018-04-24T14:53:47","date_gmt":"2018-04-24T17:53:47","guid":{"rendered":"http:\/\/www.hoymercedes.com.ar\/principal\/?p=74986"},"modified":"2018-04-24T14:53:47","modified_gmt":"2018-04-24T17:53:47","slug":"selva-criticas-al-gobierno-por-las-medidas-economicas","status":"publish","type":"post","link":"https:\/\/www.hoymercedes.com.ar\/principal\/2018\/04\/24\/selva-criticas-al-gobierno-por-las-medidas-economicas\/","title":{"rendered":"Selva: Cr\u00edticas al gobierno por las medidas econ\u00f3micas"},"content":{"rendered":"<p>En una entrevista con un medio de televisi\u00f3n por cable, el Diputado Nacional Carlos Selva critic\u00f3 duramente las medidas que est\u00e1 llevando adelante el Gobierno en torno a las tarifas.\u00a0\u201cHoy el Gobierno disfraza la progresividad de los impuestos con el costo de la energ\u00eda. Ha venido incrementando la presi\u00f3n fiscal solapadamente\u201d, sostuvo el legislador del Frente UNA.<\/p>\n<p><img loading=\"lazy\" decoding=\"async\" data-attachment-id=\"74987\" data-permalink=\"https:\/\/www.hoymercedes.com.ar\/principal\/2018\/04\/24\/selva-criticas-al-gobierno-por-las-medidas-economicas\/24-selva-en-tv\/#main\" data-orig-file=\"https:\/\/www.hoymercedes.com.ar\/principal\/wp-content\/uploads\/2018\/04\/24-selva-en-tv.jpg\" data-orig-size=\"750,454\" data-comments-opened=\"0\" data-image-meta=\"{&quot;aperture&quot;:&quot;1.8&quot;,&quot;credit&quot;:&quot;&quot;,&quot;camera&quot;:&quot;iPhone 7&quot;,&quot;caption&quot;:&quot;&quot;,&quot;created_timestamp&quot;:&quot;1524501883&quot;,&quot;copyright&quot;:&quot;&quot;,&quot;focal_length&quot;:&quot;3.99&quot;,&quot;iso&quot;:&quot;40&quot;,&quot;shutter_speed&quot;:&quot;0.02&quot;,&quot;title&quot;:&quot;&quot;,&quot;orientation&quot;:&quot;1&quot;}\" data-image-title=\"24 selva en tv\" data-image-description=\"\" data-image-caption=\"\" data-large-file=\"https:\/\/www.hoymercedes.com.ar\/principal\/wp-content\/uploads\/2018\/04\/24-selva-en-tv.jpg\" class=\"aligncenter size-medium wp-image-74987\" src=\"https:\/\/www.hoymercedes.com.ar\/principal\/wp-content\/uploads\/2018\/04\/24-selva-en-tv-630x381.jpg\" alt=\"\" width=\"630\" height=\"381\" srcset=\"https:\/\/www.hoymercedes.com.ar\/principal\/wp-content\/uploads\/2018\/04\/24-selva-en-tv-630x381.jpg 630w, https:\/\/www.hoymercedes.com.ar\/principal\/wp-content\/uploads\/2018\/04\/24-selva-en-tv-150x91.jpg 150w, https:\/\/www.hoymercedes.com.ar\/principal\/wp-content\/uploads\/2018\/04\/24-selva-en-tv.jpg 750w\" sizes=\"auto, (max-width: 630px) 100vw, 630px\" \/><\/p>\n<p>\u201cNosotros somos legisladores, no hacemos decretos, hacemos leyes, cada uno tiene una propuesta, y esas propuestas se discuten, se debaten, y por eso hay una frustraci\u00f3n de que muchos hablan de lo que hay que hacer, pero no se sientan en el recinto a debatir los temas, como pas\u00f3 en la \u00faltima sesi\u00f3n. Esto va en l\u00ednea con una de las estrategias del Gobierno de atacar sistem\u00e1ticamente al Congreso, sin dudas debido a que es la caja de resonancia de un mont\u00f3n de cuestiones que el Gobierno est\u00e1 llevando adelante que est\u00e1n mal, y esperamos volver a un grado de razonabilidad para lograr los consensos necesarios que le sirvan a los ciudadanos\u201d, asever\u00f3.<\/p>\n<p>Selva tambi\u00e9n se refiri\u00f3 a la situaci\u00f3n que est\u00e1n atravesando hoy las Peque\u00f1as y Medianas Empresas en torno a los incrementos tarifarios: \u201cNosotros fuimos generadores de la Ley PyME, que llev\u00f3 much\u00edsimo tiempo poder llevarla al debate parlamentario. Se sanciona creo en el mes de junio. El primer tarifazo fue en el mes de julio, afectando totalmente el sentido de lo sancionado en la ley. Hoy es imperiosamente necesario que el Gobierno establezca como prioridad el tema de las Peque\u00f1as y Medianas Empresas, lo que est\u00e1 pasando en la Agroindustria, los tambos\u2026 No es un tema de t\u00edtulos. Yo vivo en una ciudad del interior, soy de Mercedes, provincia de Buenos Aires, y conozco por ejemplo lo que est\u00e1 pasando en la Industria Lechera. Un tambo que cierra no se recupera. Es un trabajo muy particular, de mucho sacrificio. Me genera impotencia que no se encuentren soluciones a este tipo de situaciones\u201d, sostuvo.<\/p>\n<p>Carlos Selva afirm\u00f3 que \u201ccualquier tipo de pa\u00eds que pretende desarrollarse, tiene a la energ\u00eda como uno de sus ejes principales\u201d: \u201cSi no se mira la energ\u00eda como eje de desarrollo, evaluada hasta geopol\u00edticamente, el tipo de medidas que est\u00e1 llevando adelante el Gobierno van a poner en crisis localidades completas\u201d, dijo.<\/p>\n<p>El diputado tambi\u00e9n fue consultado en torno a c\u00f3mo est\u00e1 parado el Frente Renovador hoy frente al Gobierno, a lo que respondi\u00f3: \u201cNosotros en el a\u00f1o 2015 tomamos una decisi\u00f3n de legitimar la voluntad popular, acompa\u00f1ando decisiones del Gobierno que cre\u00edamos acertadas, lejos del sector que todos los d\u00edas pretend\u00eda que el Gobierno se cayera. Con esa decisi\u00f3n pagamos un costo pol\u00edtico muy grande, pero convencidos de que hab\u00eda que acompa\u00f1ar en el inicio la transici\u00f3n del Gobierno. En el a\u00f1o 2016 el Gobierno sac\u00f3 90 leyes con 35 diputados menos que ahora. No es que el Congreso no funcion\u00f3 en sesiones ordinarias por la oposici\u00f3n. No funcion\u00f3 porque el Presidente de la C\u00e1mara que es oficialista es el que define, y defini\u00f3 que los \u00fanicos temas que se pod\u00edan tratar eran los que planteaba el oficialismo. Todos estuvimos bregando para que eso no pasara. Di\u00e1logo cero\u201d.<\/p>\n<p>\u201cEn la instancia que hoy nos encontramos, es que el bloque del oficialismo hoy no tiene mayor\u00eda en la C\u00e1mara. S\u00ed la tiene en todas las comisiones, m\u00e1s all\u00e1 de las presidencias que tienen en base a un sistema muy similar al sistema d\u2019ont de distribuci\u00f3n. Los \u00fanicos proyectos que se pueden tratar en el recinto son los que salen con despacho de las comisiones, sino hay que tener los dos tercios, que nadie lo tiene. Lo que tiene que saber la ciudadan\u00eda es que si hay cosas que no salen del Congreso no es porque no se hayan presentado, sino porque hoy el oficialismo ni siquiera se toma el trabajo de discutirlos, bloqueando en las comisiones toda iniciativa legislativa que no provenga de Cambiemos\u201d, afirm\u00f3 Selva.<\/p>\n<p>Respecto a la situaci\u00f3n actual del Frente pol\u00edtico que integra y de cara al futuro dijo que hoy el Frente Renovador est\u00e1 \u201cen un fuerte debate\u201d: \u201cDe construir dentro del justicialismo acuerdos, que todav\u00eda no consiste en la unificaci\u00f3n de fuerzas sino en la creaci\u00f3n de una agenda parlamentaria com\u00fan, compromiso que iniciamos con la reuni\u00f3n en Entre R\u00edos el mes pasado, y que contin\u00faa este jueves en C\u00f3rdoba, asumiendo tambi\u00e9n el compromiso muchos gobernadores de tratar de plasmar en la agenda pol\u00edtica, una agenda parlamentaria com\u00fan\u201d, complet\u00f3.<\/p>\n<p>Fuente: sitio web Carlos Selva<\/p>\n","protected":false},"excerpt":{"rendered":"<p>En una entrevista con un medio de televisi\u00f3n por cable, el Diputado Nacional Carlos Selva critic\u00f3 duramente las medidas que &#8230; <a title=\"Selva: Cr\u00edticas al gobierno por las medidas econ\u00f3micas\" class=\"read-more\" href=\"https:\/\/www.hoymercedes.com.ar\/principal\/2018\/04\/24\/selva-criticas-al-gobierno-por-las-medidas-economicas\/\" aria-label=\"Leer m\u00e1s sobre Selva: Cr\u00edticas al gobierno por las medidas econ\u00f3micas\">Leer m\u00e1s<\/a><\/p>\n","protected":false},"author":1,"featured_media":74987,"comment_status":"closed","ping_status":"open","sticky":false,"template":"","format":"standard","meta":{"_monsterinsights_skip_tracking":false,"_monsterinsights_sitenote_active":false,"_monsterinsights_sitenote_note":"","_monsterinsights_sitenote_category":0,"jetpack_post_was_ever_published":false,"_jetpack_newsletter_access":"","_jetpack_dont_email_post_to_subs":false,"_jetpack_newsletter_tier_id":0,"_jetpack_memberships_contains_paywalled_content":false,"_jetpack_memberships_contains_paid_content":false,"footnotes":"","jetpack_publicize_message":"","jetpack_publicize_feature_enabled":true,"jetpack_social_post_already_shared":true,"jetpack_social_options":{"image_generator_settings":{"template":"highway","default_image_id":0,"font":"","enabled":false},"version":2},"_wpas_customize_per_network":false},"categories":[5210],"tags":[12864,39,10,10113],"class_list":["post-74986","post","type-post","status-publish","format-standard","has-post-thumbnail","hentry","category-politica-nacional","tag-aumento-de-tarifas","tag-carlos-selva","tag-mercedes","tag-politica-nacional","generate-columns","tablet-grid-50","mobile-grid-100","grid-parent","grid-50"],"jetpack_publicize_connections":[],"jetpack_featured_media_url":"https:\/\/www.hoymercedes.com.ar\/principal\/wp-content\/uploads\/2018\/04\/24-selva-en-tv.jpg","wps_subtitle":"Aumento de tarifas","jetpack_sharing_enabled":true,"_links":{"self":[{"href":"https:\/\/www.hoymercedes.com.ar\/principal\/wp-json\/wp\/v2\/posts\/74986","targetHints":{"allow":["GET"]}}],"collection":[{"href":"https:\/\/www.hoymercedes.com.ar\/principal\/wp-json\/wp\/v2\/posts"}],"about":[{"href":"https:\/\/www.hoymercedes.com.ar\/principal\/wp-json\/wp\/v2\/types\/post"}],"author":[{"embeddable":true,"href":"https:\/\/www.hoymercedes.com.ar\/principal\/wp-json\/wp\/v2\/users\/1"}],"replies":[{"embeddable":true,"href":"https:\/\/www.hoymercedes.com.ar\/principal\/wp-json\/wp\/v2\/comments?post=74986"}],"version-history":[{"count":0,"href":"https:\/\/www.hoymercedes.com.ar\/principal\/wp-json\/wp\/v2\/posts\/74986\/revisions"}],"wp:featuredmedia":[{"embeddable":true,"href":"https:\/\/www.hoymercedes.com.ar\/principal\/wp-json\/wp\/v2\/media\/74987"}],"wp:attachment":[{"href":"https:\/\/www.hoymercedes.com.ar\/principal\/wp-json\/wp\/v2\/media?parent=74986"}],"wp:term":[{"taxonomy":"category","embeddable":true,"href":"https:\/\/www.hoymercedes.com.ar\/principal\/wp-json\/wp\/v2\/categories?post=74986"},{"taxonomy":"post_tag","embeddable":true,"href":"https:\/\/www.hoymercedes.com.ar\/principal\/wp-json\/wp\/v2\/tags?post=74986"}],"curies":[{"name":"wp","href":"https:\/\/api.w.org\/{rel}","templated":true}]}}