{"id":75072,"date":"2018-04-26T13:29:06","date_gmt":"2018-04-26T16:29:06","guid":{"rendered":"http:\/\/www.hoymercedes.com.ar\/principal\/?p=75072"},"modified":"2018-04-26T15:12:07","modified_gmt":"2018-04-26T18:12:07","slug":"armaceuticos-viajaron-a-la-plata-a-reclamar-a-vidal-por-ingreso-de-farmacity-a-provincia","status":"publish","type":"post","link":"https:\/\/www.hoymercedes.com.ar\/principal\/2018\/04\/26\/armaceuticos-viajaron-a-la-plata-a-reclamar-a-vidal-por-ingreso-de-farmacity-a-provincia\/","title":{"rendered":"Farmac\u00e9uticos viajaron a La Plata a reclamar a Vidal por ingreso de Farmacity a provincia"},"content":{"rendered":"<figure id=\"attachment_75073\" aria-describedby=\"caption-attachment-75073\" style=\"width: 620px\" class=\"wp-caption aligncenter\"><img loading=\"lazy\" decoding=\"async\" data-attachment-id=\"75073\" data-permalink=\"https:\/\/www.hoymercedes.com.ar\/principal\/2018\/04\/26\/armaceuticos-viajaron-a-la-plata-a-reclamar-a-vidal-por-ingreso-de-farmacity-a-provincia\/viaje-farmaceuticos-2\/#main\" data-orig-file=\"https:\/\/www.hoymercedes.com.ar\/principal\/wp-content\/uploads\/2018\/04\/viaje-farmaceuticos-1.jpg\" data-orig-size=\"1280,719\" data-comments-opened=\"0\" data-image-meta=\"{&quot;aperture&quot;:&quot;0&quot;,&quot;credit&quot;:&quot;&quot;,&quot;camera&quot;:&quot;&quot;,&quot;caption&quot;:&quot;&quot;,&quot;created_timestamp&quot;:&quot;0&quot;,&quot;copyright&quot;:&quot;&quot;,&quot;focal_length&quot;:&quot;0&quot;,&quot;iso&quot;:&quot;0&quot;,&quot;shutter_speed&quot;:&quot;0&quot;,&quot;title&quot;:&quot;&quot;,&quot;orientation&quot;:&quot;0&quot;}\" data-image-title=\"viaje-farmaceuticos\" data-image-description=\"\" data-image-caption=\"\" data-large-file=\"https:\/\/www.hoymercedes.com.ar\/principal\/wp-content\/uploads\/2018\/04\/viaje-farmaceuticos-1-1024x575.jpg\" class=\"wp-image-75073 size-medium\" src=\"https:\/\/www.hoymercedes.com.ar\/principal\/wp-content\/uploads\/2018\/04\/viaje-farmaceuticos-1-630x354.jpg\" alt=\"\" width=\"630\" height=\"354\" srcset=\"https:\/\/www.hoymercedes.com.ar\/principal\/wp-content\/uploads\/2018\/04\/viaje-farmaceuticos-1-630x354.jpg 630w, https:\/\/www.hoymercedes.com.ar\/principal\/wp-content\/uploads\/2018\/04\/viaje-farmaceuticos-1-150x84.jpg 150w, https:\/\/www.hoymercedes.com.ar\/principal\/wp-content\/uploads\/2018\/04\/viaje-farmaceuticos-1-1024x575.jpg 1024w, https:\/\/www.hoymercedes.com.ar\/principal\/wp-content\/uploads\/2018\/04\/viaje-farmaceuticos-1.jpg 1280w\" sizes=\"auto, (max-width: 630px) 100vw, 630px\" \/><figcaption id=\"caption-attachment-75073\" class=\"wp-caption-text\">Farmac\u00e9uticos viajaron a La Plata<\/figcaption><\/figure>\n<p>Este jueves los farmac\u00e9uticos de Mercedes viajaron a La Plata con el objetivo de que no se proceda con la habilitaci\u00f3n de la cadena \u201cFarmacity\u201d en la Provincia, algo que por ley no se puede, pero que desde el gobierno de Vidal busca implementarse. Ellos reclaman que ser\u00e1 \u201cel fin de las peque\u00f1as farmacias\u201d y que se pasa de la visi\u00f3n de tienda \u201cde servicios a la salud\u201d a tiendas \u201ccomerciales\u201d.<\/p>\n<p>Desde hace un tiempo se viene hablando de tema. La cadena Farmacity es parte del entramado empresarial de los miembros del gobierno ya que para los farmac\u00e9uticos al ser de Mario Quintana \u2013accionista de Farmacity y vice jefe de gabinete- se buscar construir \u201cun monopolio\u201d y busca\u00a0 que\u00a0 \u201clos ricos sean m\u00e1s ricos y ello en perjuicio de los peque\u00f1os comercios locales, como en Mercedes\u201d.<\/p>\n<p>Esta movilizaci\u00f3n hizo que en Mercedes s\u00f3lo est\u00e9n abiertas las farmacias de turno dado que los dem\u00e1s representantes viajaron a la Capital Provincial a ver si Vidal los recib\u00eda.<\/p>\n<p>Recordemos que en Mercedes son 39 farmacias con cerca de 100 empleados, y, en la defensa de dichos puestos de trabajo, fue que el intendente Dr. Ustarroz realiz\u00f3 un decreto que impide el ingreso de la cadena a la ciudad.<\/p>\n<p>El encuentro de los farmac\u00e9uticos bonaerenses se realiz\u00f3 en las calles 5 entre 51 y 53, desde donde se dirigieron hacia la casa de gobierno bonaerense con el objetivo de entregar una carta abierta a la gobernadora Mar\u00eda Eugenia Vidal.<\/p>\n<figure id=\"attachment_75064\" aria-describedby=\"caption-attachment-75064\" style=\"width: 620px\" class=\"wp-caption aligncenter\"><img loading=\"lazy\" decoding=\"async\" data-attachment-id=\"75064\" data-permalink=\"https:\/\/www.hoymercedes.com.ar\/principal\/farmacias-turno-viajealaplata\/\" data-orig-file=\"https:\/\/www.hoymercedes.com.ar\/principal\/wp-content\/uploads\/2018\/04\/farmacias.turno_.viajealaplata.jpg\" data-orig-size=\"730,616\" data-comments-opened=\"0\" data-image-meta=\"{&quot;aperture&quot;:&quot;0&quot;,&quot;credit&quot;:&quot;&quot;,&quot;camera&quot;:&quot;&quot;,&quot;caption&quot;:&quot;&quot;,&quot;created_timestamp&quot;:&quot;0&quot;,&quot;copyright&quot;:&quot;&quot;,&quot;focal_length&quot;:&quot;0&quot;,&quot;iso&quot;:&quot;0&quot;,&quot;shutter_speed&quot;:&quot;0&quot;,&quot;title&quot;:&quot;&quot;,&quot;orientation&quot;:&quot;0&quot;}\" data-image-title=\"farmacias.turno.viajealaplata\" data-image-description=\"\" data-image-caption=\"&lt;p&gt;Farmacias en Alerta&lt;\/p&gt;\n\" data-large-file=\"https:\/\/www.hoymercedes.com.ar\/principal\/wp-content\/uploads\/2018\/04\/farmacias.turno_.viajealaplata.jpg\" class=\"size-medium wp-image-75064\" src=\"https:\/\/www.hoymercedes.com.ar\/principal\/wp-content\/uploads\/2018\/04\/farmacias.turno_.viajealaplata-630x532.jpg\" alt=\"\" width=\"630\" height=\"532\" srcset=\"https:\/\/www.hoymercedes.com.ar\/principal\/wp-content\/uploads\/2018\/04\/farmacias.turno_.viajealaplata-630x532.jpg 630w, https:\/\/www.hoymercedes.com.ar\/principal\/wp-content\/uploads\/2018\/04\/farmacias.turno_.viajealaplata-150x127.jpg 150w, https:\/\/www.hoymercedes.com.ar\/principal\/wp-content\/uploads\/2018\/04\/farmacias.turno_.viajealaplata.jpg 730w\" sizes=\"auto, (max-width: 630px) 100vw, 630px\" \/><figcaption id=\"caption-attachment-75064\" class=\"wp-caption-text\">Farmacias en Alerta<\/figcaption><\/figure>\n","protected":false},"excerpt":{"rendered":"<p>Este jueves los farmac\u00e9uticos de Mercedes viajaron a La Plata con el objetivo de que no se proceda con la &#8230; <a title=\"Farmac\u00e9uticos viajaron a La Plata a reclamar a Vidal por ingreso de Farmacity a provincia\" class=\"read-more\" href=\"https:\/\/www.hoymercedes.com.ar\/principal\/2018\/04\/26\/armaceuticos-viajaron-a-la-plata-a-reclamar-a-vidal-por-ingreso-de-farmacity-a-provincia\/\" aria-label=\"Leer m\u00e1s sobre Farmac\u00e9uticos viajaron a La Plata a reclamar a Vidal por ingreso de Farmacity a provincia\">Leer m\u00e1s<\/a><\/p>\n","protected":false},"author":1,"featured_media":75073,"comment_status":"closed","ping_status":"open","sticky":false,"template":"","format":"standard","meta":{"_monsterinsights_skip_tracking":false,"_monsterinsights_sitenote_active":false,"_monsterinsights_sitenote_note":"","_monsterinsights_sitenote_category":0,"jetpack_post_was_ever_published":false,"_jetpack_newsletter_access":"","_jetpack_dont_email_post_to_subs":false,"_jetpack_newsletter_tier_id":0,"_jetpack_memberships_contains_paywalled_content":false,"_jetpack_memberships_contains_paid_content":false,"footnotes":"","jetpack_publicize_message":"","jetpack_publicize_feature_enabled":true,"jetpack_social_post_already_shared":true,"jetpack_social_options":{"image_generator_settings":{"template":"highway","default_image_id":0,"font":"","enabled":false},"version":2},"_wpas_customize_per_network":false},"categories":[9791],"tags":[12947,12979,7985,12980,100,134],"class_list":["post-75072","post","type-post","status-publish","format-standard","has-post-thumbnail","hentry","category-salud","tag-colegio-de-farmaceuticos","tag-farmaceuticos-de-mercedes","tag-la-plata","tag-no-a-farmacity","tag-reclamo","tag-salud","generate-columns","tablet-grid-50","mobile-grid-100","grid-parent","grid-50"],"jetpack_publicize_connections":[],"jetpack_featured_media_url":"https:\/\/www.hoymercedes.com.ar\/principal\/wp-content\/uploads\/2018\/04\/viaje-farmaceuticos-1.jpg","wps_subtitle":"Reclamos","jetpack_sharing_enabled":true,"_links":{"self":[{"href":"https:\/\/www.hoymercedes.com.ar\/principal\/wp-json\/wp\/v2\/posts\/75072","targetHints":{"allow":["GET"]}}],"collection":[{"href":"https:\/\/www.hoymercedes.com.ar\/principal\/wp-json\/wp\/v2\/posts"}],"about":[{"href":"https:\/\/www.hoymercedes.com.ar\/principal\/wp-json\/wp\/v2\/types\/post"}],"author":[{"embeddable":true,"href":"https:\/\/www.hoymercedes.com.ar\/principal\/wp-json\/wp\/v2\/users\/1"}],"replies":[{"embeddable":true,"href":"https:\/\/www.hoymercedes.com.ar\/principal\/wp-json\/wp\/v2\/comments?post=75072"}],"version-history":[{"count":0,"href":"https:\/\/www.hoymercedes.com.ar\/principal\/wp-json\/wp\/v2\/posts\/75072\/revisions"}],"wp:featuredmedia":[{"embeddable":true,"href":"https:\/\/www.hoymercedes.com.ar\/principal\/wp-json\/wp\/v2\/media\/75073"}],"wp:attachment":[{"href":"https:\/\/www.hoymercedes.com.ar\/principal\/wp-json\/wp\/v2\/media?parent=75072"}],"wp:term":[{"taxonomy":"category","embeddable":true,"href":"https:\/\/www.hoymercedes.com.ar\/principal\/wp-json\/wp\/v2\/categories?post=75072"},{"taxonomy":"post_tag","embeddable":true,"href":"https:\/\/www.hoymercedes.com.ar\/principal\/wp-json\/wp\/v2\/tags?post=75072"}],"curies":[{"name":"wp","href":"https:\/\/api.w.org\/{rel}","templated":true}]}}