{"id":75088,"date":"2018-04-27T09:30:29","date_gmt":"2018-04-27T12:30:29","guid":{"rendered":"http:\/\/www.hoymercedes.com.ar\/principal\/?p=75088"},"modified":"2018-04-27T09:01:10","modified_gmt":"2018-04-27T12:01:10","slug":"propuestas-culturales-para-el-fin-de-semana-largo","status":"publish","type":"post","link":"https:\/\/www.hoymercedes.com.ar\/principal\/2018\/04\/27\/propuestas-culturales-para-el-fin-de-semana-largo\/","title":{"rendered":"Propuestas culturales para el fin de semana largo"},"content":{"rendered":"<p style=\"font-weight: 400;\"><em>Los distintos museos estar\u00e1n abierto al p\u00fablico durante durante el fin de semana largo con actividades especiales. Las propuestas son libres y gratuitas para todos los que deseen visitarlas. La Direcci\u00f3n de Cultura apuesta fuerte a la actividad educativa, hist\u00f3rica y art\u00edstica en Mercedes.<\/em><\/p>\n<p style=\"font-weight: 400;\">Se estima que el pr\u00f3ximo fin de semana arribe a la ciudad un nutrido grupo de turistas provenientes de distintos puntos de la zona y la Capital Federal. En este sentido, los museos dependientes de la Direcci\u00f3n de Cultura Municipal ya est\u00e1n trabajando con las actividades que ofrecer\u00e1n a los visitantes.<\/p>\n<p style=\"font-weight: 400;\">Todos los d\u00edas, de\u00a010 a\u00a014, el Museo Hist\u00f3rico \u201cV\u00edctor E. M\u00edguez\u201d abrir\u00e1 sus puertas con todo su patrimonio a disposici\u00f3n del p\u00fablico. Una serie sumamente importante que se ha instalado de manera cuidada con una puesta en valor muy particular de nuestro pasado hist\u00f3rico y cultural present\u00e1ndose en constante agradecimiento a todos los vecinos que decidieron desprenderse de sus emociones m\u00e1s \u00edntimas y cercanas para dejarlas al cuidado de todo el equipo del Museo M\u00edguez.<\/p>\n<p style=\"font-weight: 400;\">Para los mismos horarios, el Complejo Cultural Ameghino Mar\u00edn ya organiz\u00f3 sus espacios: La sala de paleontolog\u00eda presentar\u00e1 su muestra de Mega fauna Prehist\u00f3rica con piezas de aproximadamente diez mil a\u00f1os de existencia. Adem\u00e1s, los visitantes podr\u00e1n disfrutar de la exhibici\u00f3n de restos culturales de los habitantes de dos sitios arqueol\u00f3gicos destacados como las cercan\u00edas\u00a0\u00a0de Ca\u00f1ada Honda y el R\u00edo Luj\u00e1n ubicados en una l\u00ednea de tiempo previo a la conquista. Por \u00faltimo, la sala de Biodiversidad, con elementos de la naturaleza de nuestra ciudad y la flamante expo de Etnograf\u00eda, compuesta por r\u00e9plicas de distintas culturas prehisp\u00e1nicas que convergen entre EE. UU. y Tierra del Fuego, adem\u00e1s de la donaci\u00f3n de m\u00e1scaras abor\u00edgenes de rituales del amazonas que gestionara el reconocido paleont\u00f3logo Jos\u00e9 Bonaparte ante Mirna Liberman de Sousa, por aquel entonces estudiante de la Universidad de R\u00edo Grande do Sul, en Brasil. Y, como siempre, se le suma a estas alternativas, las visitas guiadas y las cl\u00e1sicas actividades de dibujo y pintura para los m\u00e1s chicos.<\/p>\n<p style=\"font-weight: 400;\">Con un horario distinto, abrir\u00e1 todo el fin de semana el Museo de Arte de la Municipalidad de Mercedes. Ser\u00e1 de\u00a016 a\u00a020 y ofrecer\u00e1 al p\u00fablico las muestras Re(in)sistencias Urbanas, en la sala B del Museo. Se trata de la\u00a0nueva exposici\u00f3n de Paula F\u00edgoli, quien propone mirar el arte urbano y sus variados mensajes donde, adem\u00e1s, participan Javier del Olmo, Ver\u00f3nica Vi\u00f1as Juan Cuello y Florencia Lagos como artistas invitados. En las salas C y D, el fot\u00f3grafo profesional Diego Paruelo lleg\u00f3 a Mercedes con la muestra \u201c2 de abril\u201d, un recorrido fotogr\u00e1fico que recuerda los \u00faltimos tres a\u00f1os de vida de Sergio Gasco, ex combatiente de la Guerra de Malvinas. Un trabajo crudo y a la vez, un merecido homenaje a los veteranos de guerra en general. Por \u00faltimo, en la sala A, se siguen exponiendo obras del patrimonio pict\u00f3rico del Museo obtenidas como adquisiciones de los distintos concursos anuales de pintura y fotograf\u00eda.<\/p>\n<p style=\"font-weight: 400;\">Muchas actividades para recrear un fin de semana que puede ser muy ameno y cultural si se elige a los museos de la ciudad como un paseo destacado en cualquiera de estos d\u00edas.<\/p>\n","protected":false},"excerpt":{"rendered":"<p>Los distintos museos estar\u00e1n abierto al p\u00fablico durante durante el fin de semana largo con actividades especiales. Las propuestas son &#8230; <a title=\"Propuestas culturales para el fin de semana largo\" class=\"read-more\" href=\"https:\/\/www.hoymercedes.com.ar\/principal\/2018\/04\/27\/propuestas-culturales-para-el-fin-de-semana-largo\/\" aria-label=\"Leer m\u00e1s sobre Propuestas culturales para el fin de semana largo\">Leer m\u00e1s<\/a><\/p>\n","protected":false},"author":1,"featured_media":54887,"comment_status":"closed","ping_status":"open","sticky":false,"template":"","format":"standard","meta":{"_monsterinsights_skip_tracking":false,"_monsterinsights_sitenote_active":false,"_monsterinsights_sitenote_note":"","_monsterinsights_sitenote_category":0,"jetpack_post_was_ever_published":false,"_jetpack_newsletter_access":"","_jetpack_dont_email_post_to_subs":false,"_jetpack_newsletter_tier_id":0,"_jetpack_memberships_contains_paywalled_content":false,"_jetpack_memberships_contains_paid_content":false,"footnotes":"","jetpack_publicize_message":"","jetpack_publicize_feature_enabled":true,"jetpack_social_post_already_shared":true,"jetpack_social_options":{"image_generator_settings":{"template":"highway","default_image_id":0,"font":"","enabled":false},"version":2},"_wpas_customize_per_network":false},"categories":[104],"tags":[12984,7805,8674,10,3766,8835],"class_list":["post-75088","post","type-post","status-publish","format-standard","has-post-thumbnail","hentry","category-cultura","tag-capaccio-lucia","tag-cultura","tag-mamm","tag-mercedes","tag-museo-miguez","tag-observatorio","generate-columns","tablet-grid-50","mobile-grid-100","grid-parent","grid-50"],"jetpack_publicize_connections":[],"jetpack_featured_media_url":"https:\/\/www.hoymercedes.com.ar\/principal\/wp-content\/uploads\/2016\/09\/museo.jpg","wps_subtitle":"Entretenimiento","jetpack_sharing_enabled":true,"_links":{"self":[{"href":"https:\/\/www.hoymercedes.com.ar\/principal\/wp-json\/wp\/v2\/posts\/75088","targetHints":{"allow":["GET"]}}],"collection":[{"href":"https:\/\/www.hoymercedes.com.ar\/principal\/wp-json\/wp\/v2\/posts"}],"about":[{"href":"https:\/\/www.hoymercedes.com.ar\/principal\/wp-json\/wp\/v2\/types\/post"}],"author":[{"embeddable":true,"href":"https:\/\/www.hoymercedes.com.ar\/principal\/wp-json\/wp\/v2\/users\/1"}],"replies":[{"embeddable":true,"href":"https:\/\/www.hoymercedes.com.ar\/principal\/wp-json\/wp\/v2\/comments?post=75088"}],"version-history":[{"count":0,"href":"https:\/\/www.hoymercedes.com.ar\/principal\/wp-json\/wp\/v2\/posts\/75088\/revisions"}],"wp:featuredmedia":[{"embeddable":true,"href":"https:\/\/www.hoymercedes.com.ar\/principal\/wp-json\/wp\/v2\/media\/54887"}],"wp:attachment":[{"href":"https:\/\/www.hoymercedes.com.ar\/principal\/wp-json\/wp\/v2\/media?parent=75088"}],"wp:term":[{"taxonomy":"category","embeddable":true,"href":"https:\/\/www.hoymercedes.com.ar\/principal\/wp-json\/wp\/v2\/categories?post=75088"},{"taxonomy":"post_tag","embeddable":true,"href":"https:\/\/www.hoymercedes.com.ar\/principal\/wp-json\/wp\/v2\/tags?post=75088"}],"curies":[{"name":"wp","href":"https:\/\/api.w.org\/{rel}","templated":true}]}}