{"id":751,"date":"2010-12-02T04:36:15","date_gmt":"2010-12-02T04:36:15","guid":{"rendered":"http:\/\/www.hoymercedes.com.ar\/principal\/?p=751"},"modified":"2010-12-02T04:36:15","modified_gmt":"2010-12-02T04:36:15","slug":"actividades-en-u5-en-relacion-a-la-lucha-contra-el-sida","status":"publish","type":"post","link":"https:\/\/www.hoymercedes.com.ar\/principal\/2010\/12\/02\/actividades-en-u5-en-relacion-a-la-lucha-contra-el-sida\/","title":{"rendered":"Actividades en U5 en relaci\u00f3n a la lucha contra el Sida"},"content":{"rendered":"<p style=\"text-align: justify;\">En el D\u00eda Internacional de la Lucha contra el SIDA, en el anexo femenino de la Unidad 5 de Mercedes, se desarrollo una charla informativa sobre m\u00e9todos preventivos, an\u00e1lisis y sus distintos estadios,\u00a0\u00a0y formas de enfrentar la enfermedad.<\/p>\n<p style=\"text-align: justify;\">El taller estuvo a cargo de Mart\u00edn Avalle perteneciente a la Direcci\u00f3n de Salud Penitenciaria con sede en la secci\u00f3n de salud de la Unidad, que junto a la Asistente Social Celeste Burone de la Oficina de Pre Egreso del Patronato de Liberados, repartieron folleter\u00eda del Ministerio de Salud de la Naci\u00f3n y preservativos para las internas.<\/p>\n<p style=\"text-align: justify;\"><a href=\"https:\/\/www.hoymercedes.com.ar\/principal\/wp-content\/uploads\/2010\/12\/sidau5.jpg\"><img loading=\"lazy\" decoding=\"async\" data-attachment-id=\"753\" data-permalink=\"https:\/\/www.hoymercedes.com.ar\/principal\/2010\/12\/02\/actividades-en-u5-en-relacion-a-la-lucha-contra-el-sida\/sidau5\/#main\" data-orig-file=\"https:\/\/www.hoymercedes.com.ar\/principal\/wp-content\/uploads\/2010\/12\/sidau5.jpg\" data-orig-size=\"300,225\" data-comments-opened=\"1\" data-image-meta=\"{&quot;aperture&quot;:&quot;2.7&quot;,&quot;credit&quot;:&quot;&quot;,&quot;camera&quot;:&quot;KODAK EASYSHARE C813 ZOOM DIGITAL CAMERA&quot;,&quot;caption&quot;:&quot;&quot;,&quot;created_timestamp&quot;:&quot;1167740581&quot;,&quot;copyright&quot;:&quot;&quot;,&quot;focal_length&quot;:&quot;6&quot;,&quot;iso&quot;:&quot;200&quot;,&quot;shutter_speed&quot;:&quot;0.015625&quot;,&quot;title&quot;:&quot;&quot;}\" data-image-title=\"sidau5\" data-image-description=\"\" data-image-caption=\"\" data-large-file=\"https:\/\/www.hoymercedes.com.ar\/principal\/wp-content\/uploads\/2010\/12\/sidau5.jpg\" class=\"aligncenter size-full wp-image-753\" title=\"sidau5\" src=\"https:\/\/www.hoymercedes.com.ar\/principal\/wp-content\/uploads\/2010\/12\/sidau5.jpg\" alt=\"\" width=\"300\" height=\"225\" \/><\/a><\/p>\n","protected":false},"excerpt":{"rendered":"<p>En el D\u00eda Internacional de la Lucha contra el SIDA, en el anexo femenino de la Unidad 5 de Mercedes, &#8230; <a title=\"Actividades en U5 en relaci\u00f3n a la lucha contra el Sida\" class=\"read-more\" href=\"https:\/\/www.hoymercedes.com.ar\/principal\/2010\/12\/02\/actividades-en-u5-en-relacion-a-la-lucha-contra-el-sida\/\" aria-label=\"Leer m\u00e1s sobre Actividades en U5 en relaci\u00f3n a la lucha contra el Sida\">Leer m\u00e1s<\/a><\/p>\n","protected":false},"author":1,"featured_media":0,"comment_status":"open","ping_status":"open","sticky":false,"template":"","format":"standard","meta":{"_monsterinsights_skip_tracking":false,"_monsterinsights_sitenote_active":false,"_monsterinsights_sitenote_note":"","_monsterinsights_sitenote_category":0,"jetpack_post_was_ever_published":false,"_jetpack_newsletter_access":"","_jetpack_dont_email_post_to_subs":false,"_jetpack_newsletter_tier_id":0,"_jetpack_memberships_contains_paywalled_content":false,"_jetpack_memberships_contains_paid_content":false,"footnotes":"","jetpack_publicize_message":"","jetpack_publicize_feature_enabled":true,"jetpack_social_post_already_shared":false,"jetpack_social_options":{"image_generator_settings":{"template":"highway","default_image_id":0,"font":"","enabled":false},"version":2},"_wpas_customize_per_network":false},"categories":[8],"tags":[113],"class_list":["post-751","post","type-post","status-publish","format-standard","hentry","category-sociedad","tag-unidad-5","generate-columns","tablet-grid-50","mobile-grid-100","grid-parent","grid-50"],"jetpack_publicize_connections":[],"jetpack_featured_media_url":"","wps_subtitle":"","jetpack_sharing_enabled":true,"_links":{"self":[{"href":"https:\/\/www.hoymercedes.com.ar\/principal\/wp-json\/wp\/v2\/posts\/751","targetHints":{"allow":["GET"]}}],"collection":[{"href":"https:\/\/www.hoymercedes.com.ar\/principal\/wp-json\/wp\/v2\/posts"}],"about":[{"href":"https:\/\/www.hoymercedes.com.ar\/principal\/wp-json\/wp\/v2\/types\/post"}],"author":[{"embeddable":true,"href":"https:\/\/www.hoymercedes.com.ar\/principal\/wp-json\/wp\/v2\/users\/1"}],"replies":[{"embeddable":true,"href":"https:\/\/www.hoymercedes.com.ar\/principal\/wp-json\/wp\/v2\/comments?post=751"}],"version-history":[{"count":0,"href":"https:\/\/www.hoymercedes.com.ar\/principal\/wp-json\/wp\/v2\/posts\/751\/revisions"}],"wp:attachment":[{"href":"https:\/\/www.hoymercedes.com.ar\/principal\/wp-json\/wp\/v2\/media?parent=751"}],"wp:term":[{"taxonomy":"category","embeddable":true,"href":"https:\/\/www.hoymercedes.com.ar\/principal\/wp-json\/wp\/v2\/categories?post=751"},{"taxonomy":"post_tag","embeddable":true,"href":"https:\/\/www.hoymercedes.com.ar\/principal\/wp-json\/wp\/v2\/tags?post=751"}],"curies":[{"name":"wp","href":"https:\/\/api.w.org\/{rel}","templated":true}]}}