{"id":75131,"date":"2018-04-27T17:05:39","date_gmt":"2018-04-27T20:05:39","guid":{"rendered":"http:\/\/www.hoymercedes.com.ar\/principal\/?p=75131"},"modified":"2018-04-27T16:08:53","modified_gmt":"2018-04-27T19:08:53","slug":"el-coro-polifonico-nacional-vuelve-a-mercedes-con-gospel","status":"publish","type":"post","link":"https:\/\/www.hoymercedes.com.ar\/principal\/2018\/04\/27\/el-coro-polifonico-nacional-vuelve-a-mercedes-con-gospel\/","title":{"rendered":"El Coro Polif\u00f3nico Nacional vuelve a Mercedes con G\u00f3spel"},"content":{"rendered":"<p><em><strong>El concierto ser\u00e1 el venidero domingo 6 de mayo, 17 horas, en la Parroquia San Patricio. El Coro Polif\u00f3nico Nacional llega a Mercedes con la organizaci\u00f3n del Centro de Egresados del Colegio Nacional y la Direcci\u00f3n de Cultura de la Municipalidad de Mercedes.<\/strong><\/em><\/p>\n<p><img loading=\"lazy\" decoding=\"async\" data-attachment-id=\"75132\" data-permalink=\"https:\/\/www.hoymercedes.com.ar\/principal\/2018\/04\/27\/el-coro-polifonico-nacional-vuelve-a-mercedes-con-gospel\/27-muni-coro\/#main\" data-orig-file=\"https:\/\/www.hoymercedes.com.ar\/principal\/wp-content\/uploads\/2018\/04\/27-muni-coro.jpg\" data-orig-size=\"750,500\" data-comments-opened=\"0\" data-image-meta=\"{&quot;aperture&quot;:&quot;4.8&quot;,&quot;credit&quot;:&quot;&quot;,&quot;camera&quot;:&quot;NIKON D3100&quot;,&quot;caption&quot;:&quot;&quot;,&quot;created_timestamp&quot;:&quot;1524829002&quot;,&quot;copyright&quot;:&quot;&quot;,&quot;focal_length&quot;:&quot;38&quot;,&quot;iso&quot;:&quot;2500&quot;,&quot;shutter_speed&quot;:&quot;0.016666666666667&quot;,&quot;title&quot;:&quot;&quot;,&quot;orientation&quot;:&quot;1&quot;}\" data-image-title=\"27 muni coro\" data-image-description=\"\" data-image-caption=\"\" data-large-file=\"https:\/\/www.hoymercedes.com.ar\/principal\/wp-content\/uploads\/2018\/04\/27-muni-coro.jpg\" class=\"aligncenter size-medium wp-image-75132\" src=\"https:\/\/www.hoymercedes.com.ar\/principal\/wp-content\/uploads\/2018\/04\/27-muni-coro-630x420.jpg\" alt=\"\" width=\"630\" height=\"420\" srcset=\"https:\/\/www.hoymercedes.com.ar\/principal\/wp-content\/uploads\/2018\/04\/27-muni-coro-630x420.jpg 630w, https:\/\/www.hoymercedes.com.ar\/principal\/wp-content\/uploads\/2018\/04\/27-muni-coro-150x100.jpg 150w, https:\/\/www.hoymercedes.com.ar\/principal\/wp-content\/uploads\/2018\/04\/27-muni-coro.jpg 750w\" sizes=\"auto, (max-width: 630px) 100vw, 630px\" \/><\/p>\n<p>Vuelve a la ciudad el Coro Polif\u00f3nico Nacional. Nuevamente los coreutas estar\u00e1n present\u00e1ndose en la Parroquia San Patricio de Mercedes con un espect\u00e1culo con entrada libre y gratuita para los vecinos. Desde las horas 17, el coro har\u00e1 un homenaje al \u201cGospel\u201d con la direcci\u00f3n del Maestro Jos\u00e9 Mar\u00eda Sciutto. Organizan la Direcci\u00f3n de Cultura de la Municipalidad de Mercedes y Pro Arte Mercedes del Centro Egresados del Colegio Nacional Florentino Ameghino.<\/p>\n<p>El anuncio del nuevo concierto del Coro Polif\u00f3nico Nacional lo hicieron a trav\u00e9s de una conferencia de prensa el Intendente Municipal Juan Ignacio Ustarroz, la Directora de Cultura Luc\u00eda Capaccio y el titular del Centro de Egresados del Colegio Nacional, Ricardo Espa\u00f1a. En su encuentro con los medios, Ustarroz, Capaccio y Espa\u00f1a hicieron hincapi\u00e9 en el trabajo conjunto para gestionar una nueva visita del Coro que depende del Ministerio de Cultura de Naci\u00f3n.<\/p>\n<p>Asimismo, adelantaron el programa que el Coro Polif\u00f3nico Nacional presentar\u00e1 en Mercedes. \u201cGloria al Gospel\u201d es el nombre del espect\u00e1culo que dirige el Maestro Jos\u00e9 Mar\u00eda Sciutto. Un show que tendr\u00e1 entre las voces participantes, las actuaciones estelares de las solistas Griselda Adano, Paula Mena y Vanesa Tom\u00e1s.<\/p>\n<p>De acuerdo a lo explicado por Ricardo Espa\u00f1a, el Gospel se caracteriza por ser interpretaciones \u201ca capella\u201d. No obstante, en el espect\u00e1culo que presentar\u00e1 el Coro en la Parroquia San Patricio habr\u00e1 \u00a0una orquesta con las trompetas de Oscar A. L\u00f3pez de Calatayud, Guillermo Tejada Arce, Ramiro Nicol\u00e1s Especht Hubcyzk y Esteban Rolls, los trombones de Maximiliano De la Fuente, Adrian Nalli y Jorge Ram\u00edrez y la tuba de Pedro Pulzovan.\u00a0La banda musical tambi\u00e9n est\u00e1 integrada por Leonardo Petroni (\u00d3rgano), Ezequiel Alberto Calzado Linaje (Timbal) y Marina Andrea Calzado Linaje (Percusi\u00f3n).<\/p>\n<p>Asimismo, el programa incluye \u201cCuando yo no est\u00e9\u201d con composici\u00f3n y piano de\u00a0Juan \u201cPollo\u201d Raffo; y \u201cYerbal\u201d del mismo compositor con el acompa\u00f1amiento de Mariano S\u00edvori (contrabajo) y Rodrigo Genni (bater\u00eda). Luego continuar\u00e1n con \u201cMagnificat Gospel\u201d de Robert Ray y G\u00f3spel Magnificat\u201d de Patti Drennan con la voz de Soledad de la Rosa y el tr\u00edo de jazz integrado por Raffo, S\u00edvori y Genni.<\/p>\n<p><img loading=\"lazy\" decoding=\"async\" data-attachment-id=\"67039\" data-permalink=\"https:\/\/www.hoymercedes.com.ar\/principal\/2017\/09\/11\/el-15-de-septiembre-actuaran-la-orquesta-sinfonica-y-el-coro-polifonico-nacional\/11-coro-polifonico-n\/#main\" data-orig-file=\"https:\/\/www.hoymercedes.com.ar\/principal\/wp-content\/uploads\/2017\/09\/11-Coro-Polifonico-N.jpg\" data-orig-size=\"630,258\" data-comments-opened=\"0\" data-image-meta=\"{&quot;aperture&quot;:&quot;2.8&quot;,&quot;credit&quot;:&quot;Rodrigo Ruiz Ciancia&quot;,&quot;camera&quot;:&quot;Canon EOS 60D&quot;,&quot;caption&quot;:&quot;&quot;,&quot;created_timestamp&quot;:&quot;1439761577&quot;,&quot;copyright&quot;:&quot;\\u00a9 Rodrigo Ruiz Ciancia&quot;,&quot;focal_length&quot;:&quot;57&quot;,&quot;iso&quot;:&quot;3200&quot;,&quot;shutter_speed&quot;:&quot;0.003125&quot;,&quot;title&quot;:&quot;&quot;,&quot;orientation&quot;:&quot;1&quot;}\" data-image-title=\"11 Coro Polifonico N\" data-image-description=\"\" data-image-caption=\"\" data-large-file=\"https:\/\/www.hoymercedes.com.ar\/principal\/wp-content\/uploads\/2017\/09\/11-Coro-Polifonico-N.jpg\" class=\"aligncenter size-medium wp-image-67039\" src=\"https:\/\/www.hoymercedes.com.ar\/principal\/wp-content\/uploads\/2017\/09\/11-Coro-Polifonico-N-630x258.jpg\" alt=\"\" width=\"630\" height=\"258\" srcset=\"https:\/\/www.hoymercedes.com.ar\/principal\/wp-content\/uploads\/2017\/09\/11-Coro-Polifonico-N.jpg 630w, https:\/\/www.hoymercedes.com.ar\/principal\/wp-content\/uploads\/2017\/09\/11-Coro-Polifonico-N-150x61.jpg 150w\" sizes=\"auto, (max-width: 630px) 100vw, 630px\" \/><\/p>\n<p>&nbsp;<\/p>\n<p>&nbsp;<\/p>\n","protected":false},"excerpt":{"rendered":"<p>El concierto ser\u00e1 el venidero domingo 6 de mayo, 17 horas, en la Parroquia San Patricio. El Coro Polif\u00f3nico Nacional &#8230; <a title=\"El Coro Polif\u00f3nico Nacional vuelve a Mercedes con G\u00f3spel\" class=\"read-more\" href=\"https:\/\/www.hoymercedes.com.ar\/principal\/2018\/04\/27\/el-coro-polifonico-nacional-vuelve-a-mercedes-con-gospel\/\" aria-label=\"Leer m\u00e1s sobre El Coro Polif\u00f3nico Nacional vuelve a Mercedes con G\u00f3spel\">Leer m\u00e1s<\/a><\/p>\n","protected":false},"author":1,"featured_media":67039,"comment_status":"closed","ping_status":"open","sticky":false,"template":"","format":"standard","meta":{"_monsterinsights_skip_tracking":false,"_monsterinsights_sitenote_active":false,"_monsterinsights_sitenote_note":"","_monsterinsights_sitenote_category":0,"jetpack_post_was_ever_published":false,"_jetpack_newsletter_access":"","_jetpack_dont_email_post_to_subs":false,"_jetpack_newsletter_tier_id":0,"_jetpack_memberships_contains_paywalled_content":false,"_jetpack_memberships_contains_paid_content":false,"footnotes":"","jetpack_publicize_message":"","jetpack_publicize_feature_enabled":true,"jetpack_social_post_already_shared":true,"jetpack_social_options":{"image_generator_settings":{"template":"highway","default_image_id":0,"font":"","enabled":false},"version":2},"_wpas_customize_per_network":false},"categories":[104],"tags":[8689,9511,7805,739,10,244],"class_list":["post-75131","post","type-post","status-publish","format-standard","has-post-thumbnail","hentry","category-cultura","tag-centro-de-egresados-del-colegio-nacional","tag-coro-polifonico-nacional","tag-cultura","tag-direccion-de-cultura","tag-mercedes","tag-municipio-2","generate-columns","tablet-grid-50","mobile-grid-100","grid-parent","grid-50"],"jetpack_publicize_connections":[],"jetpack_featured_media_url":"https:\/\/www.hoymercedes.com.ar\/principal\/wp-content\/uploads\/2017\/09\/11-Coro-Polifonico-N.jpg","wps_subtitle":"Con entrada libre y gratuita ","jetpack_sharing_enabled":true,"_links":{"self":[{"href":"https:\/\/www.hoymercedes.com.ar\/principal\/wp-json\/wp\/v2\/posts\/75131","targetHints":{"allow":["GET"]}}],"collection":[{"href":"https:\/\/www.hoymercedes.com.ar\/principal\/wp-json\/wp\/v2\/posts"}],"about":[{"href":"https:\/\/www.hoymercedes.com.ar\/principal\/wp-json\/wp\/v2\/types\/post"}],"author":[{"embeddable":true,"href":"https:\/\/www.hoymercedes.com.ar\/principal\/wp-json\/wp\/v2\/users\/1"}],"replies":[{"embeddable":true,"href":"https:\/\/www.hoymercedes.com.ar\/principal\/wp-json\/wp\/v2\/comments?post=75131"}],"version-history":[{"count":0,"href":"https:\/\/www.hoymercedes.com.ar\/principal\/wp-json\/wp\/v2\/posts\/75131\/revisions"}],"wp:featuredmedia":[{"embeddable":true,"href":"https:\/\/www.hoymercedes.com.ar\/principal\/wp-json\/wp\/v2\/media\/67039"}],"wp:attachment":[{"href":"https:\/\/www.hoymercedes.com.ar\/principal\/wp-json\/wp\/v2\/media?parent=75131"}],"wp:term":[{"taxonomy":"category","embeddable":true,"href":"https:\/\/www.hoymercedes.com.ar\/principal\/wp-json\/wp\/v2\/categories?post=75131"},{"taxonomy":"post_tag","embeddable":true,"href":"https:\/\/www.hoymercedes.com.ar\/principal\/wp-json\/wp\/v2\/tags?post=75131"}],"curies":[{"name":"wp","href":"https:\/\/api.w.org\/{rel}","templated":true}]}}