{"id":75173,"date":"2018-04-28T20:01:50","date_gmt":"2018-04-28T23:01:50","guid":{"rendered":"http:\/\/www.hoymercedes.com.ar\/principal\/?p=75173"},"modified":"2018-04-28T19:05:55","modified_gmt":"2018-04-28T22:05:55","slug":"diputados-proponen-que-los-municipios-paguen-luz-a-precio-de-generacion","status":"publish","type":"post","link":"https:\/\/www.hoymercedes.com.ar\/principal\/2018\/04\/28\/diputados-proponen-que-los-municipios-paguen-luz-a-precio-de-generacion\/","title":{"rendered":"Diputados proponen que los municipios paguen luz a precio de generaci\u00f3n"},"content":{"rendered":"<p><em><strong>Tratar\u00e1n que se les cobre la tarifa de luz como servicio p\u00fablico esencial a precio de generaci\u00f3n. El proyecto ser\u00e1 abordado por la comisi\u00f3n de Asuntos Municipales, cuyo vicepresidente segundo es Carlos Selva (ex jefe comunal de Mercedes).<\/strong><\/em><\/p>\n<p><!--more--><\/p>\n<p>El interbloque Argentina Federal y el Frente Renovador de Diputados buscar\u00e1n avanzar con un proyecto de ley por el cual proponen que a los municipios se les cobre la tarifa de luz como servicio p\u00fablico esencial a precio de generaci\u00f3n y no, como sucede actualmente, a precio de distribuci\u00f3n.<\/p>\n<p>Se supo que el proyecto ser\u00e1 abordado por la comisi\u00f3n de Asuntos Municipales, que preside el randazzista Eduardo Bucca (ex intendente de Bol\u00edvar), y cuyo vicepresidente segundo es Carlos Selva (ex jefe comunal de Mercedes).<\/p>\n<p>En la reuni\u00f3n, programada para el mi\u00e9rcoles, los bloques mencionados, que re\u00fanen a 6 de los 31 integrantes de la comisi\u00f3n, conf\u00edan en contar con el concurso de kirchneristas (que suman 9 diputados) para poder emitir dictamen.<\/p>\n<p>Desde el Peronismo Federal aseguraron que se tratar\u00eda de una primera reuni\u00f3n introductoria sobre el tema. De hecho estar\u00e1n como invitados en la comisi\u00f3n los intendentes bonaerenses de San Fernando, Tigre, Las Heras, Pinto y Chascom\u00fas, entre otros, para exponer sobre la problem\u00e1tica con las tarifas en cada uno de sus distritos.<\/p>\n<p>&nbsp;<\/p>\n<p>Fuente: web Carlos Selva<\/p>\n","protected":false},"excerpt":{"rendered":"<p>Tratar\u00e1n que se les cobre la tarifa de luz como servicio p\u00fablico esencial a precio de generaci\u00f3n. El proyecto ser\u00e1 &#8230; <a title=\"Diputados proponen que los municipios paguen luz a precio de generaci\u00f3n\" class=\"read-more\" href=\"https:\/\/www.hoymercedes.com.ar\/principal\/2018\/04\/28\/diputados-proponen-que-los-municipios-paguen-luz-a-precio-de-generacion\/\" aria-label=\"Leer m\u00e1s sobre Diputados proponen que los municipios paguen luz a precio de generaci\u00f3n\">Leer m\u00e1s<\/a><\/p>\n","protected":false},"author":1,"featured_media":73435,"comment_status":"closed","ping_status":"open","sticky":false,"template":"","format":"standard","meta":{"_monsterinsights_skip_tracking":false,"_monsterinsights_sitenote_active":false,"_monsterinsights_sitenote_note":"","_monsterinsights_sitenote_category":0,"jetpack_post_was_ever_published":false,"_jetpack_newsletter_access":"","_jetpack_dont_email_post_to_subs":false,"_jetpack_newsletter_tier_id":0,"_jetpack_memberships_contains_paywalled_content":false,"_jetpack_memberships_contains_paid_content":false,"footnotes":"","jetpack_publicize_message":"","jetpack_publicize_feature_enabled":true,"jetpack_social_post_already_shared":true,"jetpack_social_options":{"image_generator_settings":{"template":"highway","default_image_id":0,"font":"","enabled":false},"version":2},"_wpas_customize_per_network":false},"categories":[5210],"tags":[39,9654,161,244,10113,9285],"class_list":["post-75173","post","type-post","status-publish","format-standard","has-post-thumbnail","hentry","category-politica-nacional","tag-carlos-selva","tag-congreso-nacional","tag-diputados","tag-municipio-2","tag-politica-nacional","tag-tarifas","generate-columns","tablet-grid-50","mobile-grid-100","grid-parent","grid-50"],"jetpack_publicize_connections":[],"jetpack_featured_media_url":"https:\/\/www.hoymercedes.com.ar\/principal\/wp-content\/uploads\/2018\/03\/13-Carlos-Selva.jpg","wps_subtitle":"En comisi\u00f3n que integra Selva","jetpack_sharing_enabled":true,"_links":{"self":[{"href":"https:\/\/www.hoymercedes.com.ar\/principal\/wp-json\/wp\/v2\/posts\/75173","targetHints":{"allow":["GET"]}}],"collection":[{"href":"https:\/\/www.hoymercedes.com.ar\/principal\/wp-json\/wp\/v2\/posts"}],"about":[{"href":"https:\/\/www.hoymercedes.com.ar\/principal\/wp-json\/wp\/v2\/types\/post"}],"author":[{"embeddable":true,"href":"https:\/\/www.hoymercedes.com.ar\/principal\/wp-json\/wp\/v2\/users\/1"}],"replies":[{"embeddable":true,"href":"https:\/\/www.hoymercedes.com.ar\/principal\/wp-json\/wp\/v2\/comments?post=75173"}],"version-history":[{"count":0,"href":"https:\/\/www.hoymercedes.com.ar\/principal\/wp-json\/wp\/v2\/posts\/75173\/revisions"}],"wp:featuredmedia":[{"embeddable":true,"href":"https:\/\/www.hoymercedes.com.ar\/principal\/wp-json\/wp\/v2\/media\/73435"}],"wp:attachment":[{"href":"https:\/\/www.hoymercedes.com.ar\/principal\/wp-json\/wp\/v2\/media?parent=75173"}],"wp:term":[{"taxonomy":"category","embeddable":true,"href":"https:\/\/www.hoymercedes.com.ar\/principal\/wp-json\/wp\/v2\/categories?post=75173"},{"taxonomy":"post_tag","embeddable":true,"href":"https:\/\/www.hoymercedes.com.ar\/principal\/wp-json\/wp\/v2\/tags?post=75173"}],"curies":[{"name":"wp","href":"https:\/\/api.w.org\/{rel}","templated":true}]}}