{"id":75182,"date":"2018-04-30T09:36:23","date_gmt":"2018-04-30T12:36:23","guid":{"rendered":"http:\/\/www.hoymercedes.com.ar\/principal\/?p=75182"},"modified":"2018-04-28T19:50:45","modified_gmt":"2018-04-28T22:50:45","slug":"ciclo-de-cine-en-el-mamm-en-honor-al-vino","status":"publish","type":"post","link":"https:\/\/www.hoymercedes.com.ar\/principal\/2018\/04\/30\/ciclo-de-cine-en-el-mamm-en-honor-al-vino\/","title":{"rendered":"Ciclo de Cine en el MAMM en honor al vino"},"content":{"rendered":"<p>El Museo de Arte de la Municipalidad de Mercedes contin\u00faa con el CineMAMM y ha propuesto para el mes de mayo dedicarle las producciones filmogr\u00e1ficas al vino. Cada jueves del mes se proyectar\u00e1 de acuerdo al cronograma: \u00abEntre Copas\u00bb (3\/5); \u00abUn buen A\u00f1o\u00bb (10\/5); \u00abUn Paseo por las Nubes\u00bb (17\/5) y\u00a0\u201cBottle shock\u201d (24\/5). El \u00faltimo jueves habr\u00e1 un evento de cierre con una degustaci\u00f3n de la bebida homenajeada.<\/p>\n<p><!--more--><\/p>\n<p>Fruto de nuestra tierra y elemento \u00fanico para compartir y generar espacios de intimidad, frescura y complicidad entre las personas, se presentar\u00e1 \u00abMomentos de la Vid\u00bb, un nuevo ciclo de cine que re\u00fane Films pensados y desarrollados en derredor de ese elemento tan sensible que nos ha regalado la vida.<\/p>\n<p>Por eso, el 3 de mayo, primer jueves del mes y estrenando horario de invierno (ser\u00e1 a las 19), se proyectar\u00e1 la pel\u00edcula \u201cEntre copas\u201d (conocida internacionalmente como Sideways), la comedia dram\u00e1tica estrenada en 2004 y ganadora del Oscar al mejor gui\u00f3n adaptado, dirigida por Alexander Payne, a su vez autor del gui\u00f3n junto a Jim Taylor que cuenta la historia de dos tipos cuarentones de personalidades opuestas, quienes hacen un viaje de una semana al pueblo de vi\u00f1edos de Santa Barbara. Paul Giamatti y Thomas Haden Church, al igual que las actrices Virginia Madsen y Sandra Oh, en el papel secundario de dos chicas que se involucran sentimentalmente con los mencionados personajes, recibieron tambi\u00e9n elogios por su trabajo en el film.<\/p>\n<p>Para el jueves 10, los amantes del cine podr\u00e1n disfrutar de \u201cUn buen a\u00f1o\u201d, la pel\u00edcula brit\u00e1nica dirigida por Ridley Scott y protagonizada por Russell Crowe, estrenada el 27 de octubre de 2006 y basada en la novela hom\u00f3nima de Peter Mayle donde se cuenta la historia de Max Skinner (Russell Crowe), un corredor de bolsa exitoso residente en Londres que recibe en herencia un vi\u00f1edo franc\u00e9s de su t\u00edo Henry (Albert Finney).<\/p>\n<p>El 17 de mayo, \u201cUn paseo por las nubes\u201d (A Walk in the Clouds) es una pel\u00edcula estadounidense de 1995, del g\u00e9nero de drama rom\u00e1ntico, dirigida por Alfonso Ar\u00e1u, con Keanu Reeves, Aitana S\u00e1nchez-Gij\u00f3n, Giancarlo Giannini, Anthony Quinn y Ang\u00e9lica Arag\u00f3n. El gui\u00f3n se basa en la pel\u00edcula italiana de 1942 Cuatro pasos por las nubes de Piero Tellini, Cesare Zavattini y Vittorio de Benedetti. La banda sonora fue escrita por Maurice Jarre y las dos canciones por Leo Brouwer\/Alfonso Ar\u00e1u.<\/p>\n<p>La \u00faltima entrega del mes ser\u00e1 el jueves 24 con \u201cBottle shock\u201d, de Randall Miller. Es una pel\u00edcula de 2008, una comedia dram\u00e1tica basada en la competencia de vino, cuando el vino de California derrot\u00f3 al vino franc\u00e9s en una prueba a ciegas. Protagonizada por Alan Rickman, Chris Pine y Bill Pullman y dirigida por Randall Miller, qui\u00e9n escribi\u00f3 el gui\u00f3n junto con Jody Savin y Ross Schwartz.<\/p>\n<p>Antes de que finalice el mes de mayo, el jueves 31 de mayo se proyectar\u00e1 un breve documental sobre el vino y culminar\u00e1 el ciclo, como no pod\u00eda ser de otra manera, con una importante degustaci\u00f3n para el p\u00fablico presente con diversas cepas de producciones variadas.<\/p>\n<p>Mayo a puro vino. Sensaciones de felicidad con texturas y aromas \u00fanicos en un ciclo que no deja de crecer. Como siempre y en cada jueves, con entrada libre y gratuita en la sala B del Museo de Arte de la Municipalidad de Mercedes (23 nro. 383).<\/p>\n<p>Fuente: MAMM<\/p>\n<p align=\"center\">\n","protected":false},"excerpt":{"rendered":"<p>El Museo de Arte de la Municipalidad de Mercedes contin\u00faa con el CineMAMM y ha propuesto para el mes de &#8230; <a title=\"Ciclo de Cine en el MAMM en honor al vino\" class=\"read-more\" href=\"https:\/\/www.hoymercedes.com.ar\/principal\/2018\/04\/30\/ciclo-de-cine-en-el-mamm-en-honor-al-vino\/\" aria-label=\"Leer m\u00e1s sobre Ciclo de Cine en el MAMM en honor al vino\">Leer m\u00e1s<\/a><\/p>\n","protected":false},"author":1,"featured_media":75183,"comment_status":"closed","ping_status":"open","sticky":false,"template":"","format":"standard","meta":{"_monsterinsights_skip_tracking":false,"_monsterinsights_sitenote_active":false,"_monsterinsights_sitenote_note":"","_monsterinsights_sitenote_category":0,"jetpack_post_was_ever_published":false,"_jetpack_newsletter_access":"","_jetpack_dont_email_post_to_subs":false,"_jetpack_newsletter_tier_id":0,"_jetpack_memberships_contains_paywalled_content":false,"_jetpack_memberships_contains_paid_content":false,"footnotes":"","jetpack_publicize_message":"","jetpack_publicize_feature_enabled":true,"jetpack_social_post_already_shared":true,"jetpack_social_options":{"image_generator_settings":{"template":"highway","default_image_id":0,"font":"","enabled":false},"version":2},"_wpas_customize_per_network":false},"categories":[104],"tags":[10181,7805,8674,11744],"class_list":["post-75182","post","type-post","status-publish","format-standard","has-post-thumbnail","hentry","category-cultura","tag-ciclo-de-cine","tag-cultura","tag-mamm","tag-museo-de-arte-municipalidad-de-mercedes","generate-columns","tablet-grid-50","mobile-grid-100","grid-parent","grid-50"],"jetpack_publicize_connections":[],"jetpack_featured_media_url":"https:\/\/www.hoymercedes.com.ar\/principal\/wp-content\/uploads\/2018\/04\/30-cine-mamm-vino.jpg","wps_subtitle":"Desde el jueves 3 de mayo","jetpack_sharing_enabled":true,"_links":{"self":[{"href":"https:\/\/www.hoymercedes.com.ar\/principal\/wp-json\/wp\/v2\/posts\/75182","targetHints":{"allow":["GET"]}}],"collection":[{"href":"https:\/\/www.hoymercedes.com.ar\/principal\/wp-json\/wp\/v2\/posts"}],"about":[{"href":"https:\/\/www.hoymercedes.com.ar\/principal\/wp-json\/wp\/v2\/types\/post"}],"author":[{"embeddable":true,"href":"https:\/\/www.hoymercedes.com.ar\/principal\/wp-json\/wp\/v2\/users\/1"}],"replies":[{"embeddable":true,"href":"https:\/\/www.hoymercedes.com.ar\/principal\/wp-json\/wp\/v2\/comments?post=75182"}],"version-history":[{"count":0,"href":"https:\/\/www.hoymercedes.com.ar\/principal\/wp-json\/wp\/v2\/posts\/75182\/revisions"}],"wp:featuredmedia":[{"embeddable":true,"href":"https:\/\/www.hoymercedes.com.ar\/principal\/wp-json\/wp\/v2\/media\/75183"}],"wp:attachment":[{"href":"https:\/\/www.hoymercedes.com.ar\/principal\/wp-json\/wp\/v2\/media?parent=75182"}],"wp:term":[{"taxonomy":"category","embeddable":true,"href":"https:\/\/www.hoymercedes.com.ar\/principal\/wp-json\/wp\/v2\/categories?post=75182"},{"taxonomy":"post_tag","embeddable":true,"href":"https:\/\/www.hoymercedes.com.ar\/principal\/wp-json\/wp\/v2\/tags?post=75182"}],"curies":[{"name":"wp","href":"https:\/\/api.w.org\/{rel}","templated":true}]}}