{"id":75185,"date":"2018-05-03T08:51:11","date_gmt":"2018-05-03T11:51:11","guid":{"rendered":"http:\/\/www.hoymercedes.com.ar\/principal\/?p=75185"},"modified":"2018-05-02T23:45:57","modified_gmt":"2018-05-03T02:45:57","slug":"muestra-en-el-mamm-analogos-complementarios-de-lidia-paladino","status":"publish","type":"post","link":"https:\/\/www.hoymercedes.com.ar\/principal\/2018\/05\/03\/muestra-en-el-mamm-analogos-complementarios-de-lidia-paladino\/","title":{"rendered":"Muestra en el MAMM: \u00abAn\u00e1logos Complementarios\u00bb de Lidia Paladino\u00a0"},"content":{"rendered":"<p>El pr\u00f3ximo domingo 6 de mayo, 18 horas, en la Sala B del Museo de Arte \u00abMunicipalidad de Mercedes\u00bb, se llevar\u00e1 a cabo la inauguraci\u00f3n de \u201cAn\u00e1logos- Complementarios\u201d, una serie de grabados que transitan por las distintas t\u00e9cnicas que ofrece la disciplina (relieves, aguafuertes, litograf\u00edas, collagraph, Offset y m\u00e1s), y que contiene, adem\u00e1s, soportes hechos de papel artesanal, fabricados por la misma artista. Entrada libre y gratuita.<\/p>\n<p>Comienzo, fin y nuevo comienzo, es la historia de los movimientos conscientes e inconscientes del mundo interior y exterior, los ciclos que influyen en la creaci\u00f3n y dotan de singularidad perceptiva, de identidad, al artista en su quehacer.\u00a0En el Todo se supone lo Uno, y viceversa. Esta peque\u00f1a y gran s\u00edntesis existencial abarca los siglos y eras, y nada hay que escape a su comprensi\u00f3n. Ya sea una l\u00ednea o un punto, del tama\u00f1o de un hombre o estrella, el poder de lo un\u00edvoco se manifiesta en la totalidad flagrante, y mantiene unido el sentido al cual aspiramos.\u00a0La misi\u00f3n de aquellos que logran habitar lo intermedio es mostrar, compartir ese destello de lo eterno, es all\u00ed donde reside el arte. \u201cAlgo se gesta en nuestro interior. Una necesidad de alcanzar a comprender signos complejos, m\u00e1s no imposibles de asimilar. Un mundo m\u00e1gico de elementos que nos conectan con lo m\u00e1s profundo de nuestro ser y a la vez nuestra relaci\u00f3n con el Universo\u201d, comenta Lidia.<\/p>\n<p>La muestra presentar\u00e1 obras de distintas etapas productivas a trav\u00e9s de las cuales Paladino busca reflejar la circularidad de la vida, los cambios c\u00edclicos que acontecen en el plano material y espiritual en el transcurso del tiempo, adoptando una mirada observadora y reflexiva hacia la Naturaleza, prestando atenci\u00f3n a los juegos y relaciones que surgen del conjunto de obras.<\/p>\n<p>Egresada de las prestigiosas Escuelas Nacionales \u00abManuel Belgrano\u00bb y \u00abPrilidiano Pueyrred\u00f3n\u00bb\u00a0como Profesora de Dibujo y Grabado, Lidia Paladino cuenta con una gran trayectoria participando de variedad de Salones Nacionales, Provinciales y Municipales, Bienales Internacionales, muestras individuales y colectivas en pa\u00edses como Francia, Espa\u00f1a, Portugal, Italia, Macedonia, Jap\u00f3n, Taiw\u00e1n y otros, obteniendo infinidad de premios y menciones de gran m\u00e9rito, siendo sus obras patrimonio de importantes Museos Nacionales como el Museo Nacional del Grabado, Museo de Arte Contempor\u00e1neo (Arg.), adem\u00e1s de integrar colecciones p\u00fablicas y privadas en diversos pa\u00edses del mundo.<\/p>\n<p>Entrada libre y gratuita.<\/p>\n","protected":false},"excerpt":{"rendered":"<p>El pr\u00f3ximo domingo 6 de mayo, 18 horas, en la Sala B del Museo de Arte \u00abMunicipalidad de Mercedes\u00bb, se &#8230; <a title=\"Muestra en el MAMM: \u00abAn\u00e1logos Complementarios\u00bb de Lidia Paladino\u00a0\" class=\"read-more\" href=\"https:\/\/www.hoymercedes.com.ar\/principal\/2018\/05\/03\/muestra-en-el-mamm-analogos-complementarios-de-lidia-paladino\/\" aria-label=\"Leer m\u00e1s sobre Muestra en el MAMM: \u00abAn\u00e1logos Complementarios\u00bb de Lidia Paladino\u00a0\">Leer m\u00e1s<\/a><\/p>\n","protected":false},"author":1,"featured_media":75187,"comment_status":"closed","ping_status":"open","sticky":false,"template":"","format":"standard","meta":{"_monsterinsights_skip_tracking":false,"_monsterinsights_sitenote_active":false,"_monsterinsights_sitenote_note":"","_monsterinsights_sitenote_category":0,"jetpack_post_was_ever_published":false,"_jetpack_newsletter_access":"","_jetpack_dont_email_post_to_subs":false,"_jetpack_newsletter_tier_id":0,"_jetpack_memberships_contains_paywalled_content":false,"_jetpack_memberships_contains_paid_content":false,"footnotes":"","jetpack_publicize_message":"","jetpack_publicize_feature_enabled":true,"jetpack_social_post_already_shared":true,"jetpack_social_options":{"image_generator_settings":{"template":"highway","default_image_id":0,"font":"","enabled":false},"version":2},"_wpas_customize_per_network":false},"categories":[104],"tags":[7805,8674,10,12999],"class_list":["post-75185","post","type-post","status-publish","format-standard","has-post-thumbnail","hentry","category-cultura","tag-cultura","tag-mamm","tag-mercedes","tag-muestra-de-grabados","generate-columns","tablet-grid-50","mobile-grid-100","grid-parent","grid-50"],"jetpack_publicize_connections":[],"jetpack_featured_media_url":"https:\/\/www.hoymercedes.com.ar\/principal\/wp-content\/uploads\/2018\/04\/02-mamm-paladino.jpg","wps_subtitle":"Grabados","jetpack_sharing_enabled":true,"_links":{"self":[{"href":"https:\/\/www.hoymercedes.com.ar\/principal\/wp-json\/wp\/v2\/posts\/75185","targetHints":{"allow":["GET"]}}],"collection":[{"href":"https:\/\/www.hoymercedes.com.ar\/principal\/wp-json\/wp\/v2\/posts"}],"about":[{"href":"https:\/\/www.hoymercedes.com.ar\/principal\/wp-json\/wp\/v2\/types\/post"}],"author":[{"embeddable":true,"href":"https:\/\/www.hoymercedes.com.ar\/principal\/wp-json\/wp\/v2\/users\/1"}],"replies":[{"embeddable":true,"href":"https:\/\/www.hoymercedes.com.ar\/principal\/wp-json\/wp\/v2\/comments?post=75185"}],"version-history":[{"count":0,"href":"https:\/\/www.hoymercedes.com.ar\/principal\/wp-json\/wp\/v2\/posts\/75185\/revisions"}],"wp:featuredmedia":[{"embeddable":true,"href":"https:\/\/www.hoymercedes.com.ar\/principal\/wp-json\/wp\/v2\/media\/75187"}],"wp:attachment":[{"href":"https:\/\/www.hoymercedes.com.ar\/principal\/wp-json\/wp\/v2\/media?parent=75185"}],"wp:term":[{"taxonomy":"category","embeddable":true,"href":"https:\/\/www.hoymercedes.com.ar\/principal\/wp-json\/wp\/v2\/categories?post=75185"},{"taxonomy":"post_tag","embeddable":true,"href":"https:\/\/www.hoymercedes.com.ar\/principal\/wp-json\/wp\/v2\/tags?post=75185"}],"curies":[{"name":"wp","href":"https:\/\/api.w.org\/{rel}","templated":true}]}}