{"id":75211,"date":"2018-04-30T20:00:57","date_gmt":"2018-04-30T23:00:57","guid":{"rendered":"http:\/\/www.hoymercedes.com.ar\/principal\/?p=75211"},"modified":"2018-05-01T10:50:19","modified_gmt":"2018-05-01T13:50:19","slug":"panazo-el-gran-problema-es-el-tarifazo-en-el-mes-de-marzo-pague-17-mil-pesos-de-luz-cuando-antes-pagaba-4-mil-pesos-bimestrales","status":"publish","type":"post","link":"https:\/\/www.hoymercedes.com.ar\/principal\/2018\/04\/30\/panazo-el-gran-problema-es-el-tarifazo-en-el-mes-de-marzo-pague-17-mil-pesos-de-luz-cuando-antes-pagaba-4-mil-pesos-bimestrales\/","title":{"rendered":"Panazo: \u201cel gran problema es el tarifazo, en el mes de marzo pagu\u00e9 17 mil pesos de luz cuando antes pagaba 4 mil pesos bimestrales\u201d"},"content":{"rendered":"<p>&nbsp;<\/p>\n<p>\u00c1ngel Indurain, due\u00f1o de la panader\u00eda El Progreso (22 y 103) relat\u00f3 \u201cel gran problema es lo que estamos padeciendo todos, que es el desmedido aumento de tarifas \u2013gas, luz, cargas sociales, impuestos- que hace que nuestra realidad sea cada d\u00eda m\u00e1s dura. Por ejemplo, en el mes de marzo pagu\u00e9 17 mil pesos de luz y ahora me volvi\u00f3 a venir lo mismo. Antes pagaba 4 mil pesos bimestrales. Con el gas pasa exactamente lo mismo\u201d.<\/p>\n<p>El mi\u00e9rcoles pasado, cuando en la C\u00e1mara baja los bloques opositores intenten tratar nuevamente los tarifazos, los gremios de panaderos de Buenos Aires protagonizar\u00e1n el \u00abpanazo\u00bb para denunciar la baja en las ventas, los aumentos en las materias primas y los aumentos en los servicios b\u00e1sicos. Regalaron 5 mil kilos de pan en forma de protesta se decidi\u00f3 al trascender que habr\u00e1 un nuevo aumento de la bolsa de harina.<\/p>\n<p>Se especula que las ventas en las panader\u00edas cayeron un 70 por ciento, por la baja en el poder adquisitivo de los consumidores, \u201cse han achicado las cantidades de compra, ahora te compran hasta de a una factura. Aumentaron mucho los precios y baj\u00f3 la producci\u00f3n. Est\u00e1bamos pagando la bolsa de harina 330 pesos y en 15 d\u00edas el precio se fue a 450 pesos y se especula que en 1 o 2 meses la bolsa de harina pasara a valer 600 pesos\u201d.<\/p>\n<p>La bolsa de harina de 50 kilos tuvo un incremento del 50 por ciento entre enero y abril. \u201cDesgraciadamente venimos corriendo por detr\u00e1s de los gastos, estamos tratando de sostener los precios pero de esta manera se vuelve inviable\u201d sostuvo, \u00c1ngel Indurain.<\/p>\n<p>Miguel Huici, due\u00f1o de la panader\u00eda \u201cLa Dulce Anita\u201d (18 y 41), tambi\u00e9n afectado por las constantes subas de las materias primas y tarifas expres\u00f3: \u201cen lo que va del a\u00f1o ya recib\u00ed\u00a0 tres aumentos en el costo de la harina y por lo que habl\u00e9 con el distribuidor, se estar\u00eda por venir un cuarto aumento. Esto claramente repercute en el precio final que es el que paga el consumidor. Yo s\u00e9 que al consumidor se le hace muy duro comprar el pan\u201d.<\/p>\n<p>Adem\u00e1s subray\u00f3 \u201cen este \u00faltimo a\u00f1o se viene notando mucho el cambio en el consumo, la gente se viene cuidando mucho\u201d.<\/p>\n<p>Por otro lado, opin\u00f3 \u201clos tarifazos afectan en gran medida sobre lo que es el precio final del pan. Yo trato de cuidar el consumo pero las tarifas se vienen muy arriba, la verdad que se ha incrementado mucho\u201d.<\/p>\n<p>&nbsp;<\/p>\n<p>&nbsp;<\/p>\n<p>&nbsp;<\/p>\n<p>&nbsp;<\/p>\n<p>&nbsp;<\/p>\n<p>&nbsp;<\/p>\n","protected":false},"excerpt":{"rendered":"<p>&nbsp; \u00c1ngel Indurain, due\u00f1o de la panader\u00eda El Progreso (22 y 103) relat\u00f3 \u201cel gran problema es lo que estamos &#8230; <a title=\"Panazo: \u201cel gran problema es el tarifazo, en el mes de marzo pagu\u00e9 17 mil pesos de luz cuando antes pagaba 4 mil pesos bimestrales\u201d\" class=\"read-more\" href=\"https:\/\/www.hoymercedes.com.ar\/principal\/2018\/04\/30\/panazo-el-gran-problema-es-el-tarifazo-en-el-mes-de-marzo-pague-17-mil-pesos-de-luz-cuando-antes-pagaba-4-mil-pesos-bimestrales\/\" aria-label=\"Leer m\u00e1s sobre Panazo: \u201cel gran problema es el tarifazo, en el mes de marzo pagu\u00e9 17 mil pesos de luz cuando antes pagaba 4 mil pesos bimestrales\u201d\">Leer m\u00e1s<\/a><\/p>\n","protected":false},"author":1,"featured_media":75212,"comment_status":"closed","ping_status":"open","sticky":false,"template":"","format":"standard","meta":{"_monsterinsights_skip_tracking":false,"_monsterinsights_sitenote_active":false,"_monsterinsights_sitenote_note":"","_monsterinsights_sitenote_category":0,"jetpack_post_was_ever_published":false,"_jetpack_newsletter_access":"","_jetpack_dont_email_post_to_subs":false,"_jetpack_newsletter_tier_id":0,"_jetpack_memberships_contains_paywalled_content":false,"_jetpack_memberships_contains_paid_content":false,"footnotes":"","jetpack_publicize_message":"","jetpack_publicize_feature_enabled":true,"jetpack_social_post_already_shared":true,"jetpack_social_options":{"image_generator_settings":{"template":"highway","default_image_id":0,"font":"","enabled":false},"version":2},"_wpas_customize_per_network":false},"categories":[5],"tags":[13004,13005,5319,13003],"class_list":["post-75211","post","type-post","status-publish","format-standard","has-post-thumbnail","hentry","category-politica","tag-pan","tag-panazo","tag-politica-2","tag-tarifazos","generate-columns","tablet-grid-50","mobile-grid-100","grid-parent","grid-50"],"jetpack_publicize_connections":[],"jetpack_featured_media_url":"https:\/\/www.hoymercedes.com.ar\/principal\/wp-content\/uploads\/2018\/04\/pan-congreso.jpg","wps_subtitle":"","jetpack_sharing_enabled":true,"_links":{"self":[{"href":"https:\/\/www.hoymercedes.com.ar\/principal\/wp-json\/wp\/v2\/posts\/75211","targetHints":{"allow":["GET"]}}],"collection":[{"href":"https:\/\/www.hoymercedes.com.ar\/principal\/wp-json\/wp\/v2\/posts"}],"about":[{"href":"https:\/\/www.hoymercedes.com.ar\/principal\/wp-json\/wp\/v2\/types\/post"}],"author":[{"embeddable":true,"href":"https:\/\/www.hoymercedes.com.ar\/principal\/wp-json\/wp\/v2\/users\/1"}],"replies":[{"embeddable":true,"href":"https:\/\/www.hoymercedes.com.ar\/principal\/wp-json\/wp\/v2\/comments?post=75211"}],"version-history":[{"count":0,"href":"https:\/\/www.hoymercedes.com.ar\/principal\/wp-json\/wp\/v2\/posts\/75211\/revisions"}],"wp:featuredmedia":[{"embeddable":true,"href":"https:\/\/www.hoymercedes.com.ar\/principal\/wp-json\/wp\/v2\/media\/75212"}],"wp:attachment":[{"href":"https:\/\/www.hoymercedes.com.ar\/principal\/wp-json\/wp\/v2\/media?parent=75211"}],"wp:term":[{"taxonomy":"category","embeddable":true,"href":"https:\/\/www.hoymercedes.com.ar\/principal\/wp-json\/wp\/v2\/categories?post=75211"},{"taxonomy":"post_tag","embeddable":true,"href":"https:\/\/www.hoymercedes.com.ar\/principal\/wp-json\/wp\/v2\/tags?post=75211"}],"curies":[{"name":"wp","href":"https:\/\/api.w.org\/{rel}","templated":true}]}}