{"id":75254,"date":"2018-05-02T11:32:07","date_gmt":"2018-05-02T14:32:07","guid":{"rendered":"http:\/\/www.hoymercedes.com.ar\/principal\/?p=75254"},"modified":"2018-05-02T10:40:10","modified_gmt":"2018-05-02T13:40:10","slug":"escritores-de-sade-mercedes-en-la-feria-del-libro","status":"publish","type":"post","link":"https:\/\/www.hoymercedes.com.ar\/principal\/2018\/05\/02\/escritores-de-sade-mercedes-en-la-feria-del-libro\/","title":{"rendered":"Escritores de SADE Mercedes en la Feria del Libro"},"content":{"rendered":"<p>Los escritores Bruno Le\u00f3n Z\u00e1rate con su novela \u00abLa Orden de los Serafines 1\u00bb, la correctora profesional Daiana Congett con su novela \u00abSementerio\u00bb, Estela Vezzani con su poemario \u00abDesde el hueco del alma\u00bb y Jorge Citr\u00e1ngolo Casal con su obra \u00abBiograf\u00edas Especiales\u00bb (vida de los c\u00e9lebres escritores de Mercedes) y la Gaceta 5 a\u00f1os, estuvieron en el stand de la Sociedad Argentina de Escritores en la Feria del Libro que por estos d\u00edas se lleva adelante en la ciudad de Buenos Aires.<\/p>\n<p>En la tarde de este 2 de mayo, 18.30 horas, volver\u00e1n a presentarse en la Sala \u00abJulio Cortazar\u00bb junto a los escritores de SADE\u00a0 nacional por los 90 a\u00f1os de la creaci\u00f3n de la instituci\u00f3n.<\/p>\n<figure id=\"attachment_75255\" aria-describedby=\"caption-attachment-75255\" style=\"width: 620px\" class=\"wp-caption aligncenter\"><img loading=\"lazy\" decoding=\"async\" data-attachment-id=\"75255\" data-permalink=\"https:\/\/www.hoymercedes.com.ar\/principal\/2018\/05\/02\/escritores-de-sade-mercedes-en-la-feria-del-libro\/02-zarate-feria-2018-2-1\/#main\" data-orig-file=\"https:\/\/www.hoymercedes.com.ar\/principal\/wp-content\/uploads\/2018\/05\/02-Z\u00e1rate-feria-2018-2-1.jpg\" data-orig-size=\"750,422\" data-comments-opened=\"0\" data-image-meta=\"{&quot;aperture&quot;:&quot;0&quot;,&quot;credit&quot;:&quot;&quot;,&quot;camera&quot;:&quot;&quot;,&quot;caption&quot;:&quot;&quot;,&quot;created_timestamp&quot;:&quot;0&quot;,&quot;copyright&quot;:&quot;&quot;,&quot;focal_length&quot;:&quot;0&quot;,&quot;iso&quot;:&quot;0&quot;,&quot;shutter_speed&quot;:&quot;0&quot;,&quot;title&quot;:&quot;&quot;,&quot;orientation&quot;:&quot;0&quot;}\" data-image-title=\"02 Z\u00e1rate feria 2018 2 (1)\" data-image-description=\"\" data-image-caption=\"&lt;p&gt;Bruno Zarate en el stand de la SADE nacional. &lt;\/p&gt;\n\" data-large-file=\"https:\/\/www.hoymercedes.com.ar\/principal\/wp-content\/uploads\/2018\/05\/02-Z\u00e1rate-feria-2018-2-1.jpg\" class=\"size-medium wp-image-75255\" src=\"https:\/\/www.hoymercedes.com.ar\/principal\/wp-content\/uploads\/2018\/05\/02-Z\u00e1rate-feria-2018-2-1-630x354.jpg\" alt=\"\" width=\"630\" height=\"354\" srcset=\"https:\/\/www.hoymercedes.com.ar\/principal\/wp-content\/uploads\/2018\/05\/02-Z\u00e1rate-feria-2018-2-1-630x354.jpg 630w, https:\/\/www.hoymercedes.com.ar\/principal\/wp-content\/uploads\/2018\/05\/02-Z\u00e1rate-feria-2018-2-1-150x84.jpg 150w, https:\/\/www.hoymercedes.com.ar\/principal\/wp-content\/uploads\/2018\/05\/02-Z\u00e1rate-feria-2018-2-1.jpg 750w\" sizes=\"auto, (max-width: 630px) 100vw, 630px\" \/><figcaption id=\"caption-attachment-75255\" class=\"wp-caption-text\">Bruno Zarate en el stand de la SADE nacional.<\/figcaption><\/figure>\n","protected":false},"excerpt":{"rendered":"<p>Los escritores Bruno Le\u00f3n Z\u00e1rate con su novela \u00abLa Orden de los Serafines 1\u00bb, la correctora profesional Daiana Congett con &#8230; <a title=\"Escritores de SADE Mercedes en la Feria del Libro\" class=\"read-more\" href=\"https:\/\/www.hoymercedes.com.ar\/principal\/2018\/05\/02\/escritores-de-sade-mercedes-en-la-feria-del-libro\/\" aria-label=\"Leer m\u00e1s sobre Escritores de SADE Mercedes en la Feria del Libro\">Leer m\u00e1s<\/a><\/p>\n","protected":false},"author":1,"featured_media":75255,"comment_status":"closed","ping_status":"open","sticky":false,"template":"","format":"standard","meta":{"_monsterinsights_skip_tracking":false,"_monsterinsights_sitenote_active":false,"_monsterinsights_sitenote_note":"","_monsterinsights_sitenote_category":0,"jetpack_post_was_ever_published":false,"_jetpack_newsletter_access":"","_jetpack_dont_email_post_to_subs":false,"_jetpack_newsletter_tier_id":0,"_jetpack_memberships_contains_paywalled_content":false,"_jetpack_memberships_contains_paid_content":false,"footnotes":"","jetpack_publicize_message":"","jetpack_publicize_feature_enabled":true,"jetpack_social_post_already_shared":true,"jetpack_social_options":{"image_generator_settings":{"template":"highway","default_image_id":0,"font":"","enabled":false},"version":2},"_wpas_customize_per_network":false},"categories":[104],"tags":[7805,685,73,8974,5148],"class_list":["post-75254","post","type-post","status-publish","format-standard","has-post-thumbnail","hentry","category-cultura","tag-cultura","tag-feria-del-libro","tag-literatura","tag-sade","tag-sade-mercedes","generate-columns","tablet-grid-50","mobile-grid-100","grid-parent","grid-50"],"jetpack_publicize_connections":[],"jetpack_featured_media_url":"https:\/\/www.hoymercedes.com.ar\/principal\/wp-content\/uploads\/2018\/05\/02-Z\u00e1rate-feria-2018-2-1.jpg","wps_subtitle":"En el stand de SADE Nacional","jetpack_sharing_enabled":true,"_links":{"self":[{"href":"https:\/\/www.hoymercedes.com.ar\/principal\/wp-json\/wp\/v2\/posts\/75254","targetHints":{"allow":["GET"]}}],"collection":[{"href":"https:\/\/www.hoymercedes.com.ar\/principal\/wp-json\/wp\/v2\/posts"}],"about":[{"href":"https:\/\/www.hoymercedes.com.ar\/principal\/wp-json\/wp\/v2\/types\/post"}],"author":[{"embeddable":true,"href":"https:\/\/www.hoymercedes.com.ar\/principal\/wp-json\/wp\/v2\/users\/1"}],"replies":[{"embeddable":true,"href":"https:\/\/www.hoymercedes.com.ar\/principal\/wp-json\/wp\/v2\/comments?post=75254"}],"version-history":[{"count":0,"href":"https:\/\/www.hoymercedes.com.ar\/principal\/wp-json\/wp\/v2\/posts\/75254\/revisions"}],"wp:featuredmedia":[{"embeddable":true,"href":"https:\/\/www.hoymercedes.com.ar\/principal\/wp-json\/wp\/v2\/media\/75255"}],"wp:attachment":[{"href":"https:\/\/www.hoymercedes.com.ar\/principal\/wp-json\/wp\/v2\/media?parent=75254"}],"wp:term":[{"taxonomy":"category","embeddable":true,"href":"https:\/\/www.hoymercedes.com.ar\/principal\/wp-json\/wp\/v2\/categories?post=75254"},{"taxonomy":"post_tag","embeddable":true,"href":"https:\/\/www.hoymercedes.com.ar\/principal\/wp-json\/wp\/v2\/tags?post=75254"}],"curies":[{"name":"wp","href":"https:\/\/api.w.org\/{rel}","templated":true}]}}