{"id":75257,"date":"2018-05-02T12:15:40","date_gmt":"2018-05-02T15:15:40","guid":{"rendered":"http:\/\/www.hoymercedes.com.ar\/principal\/?p=75257"},"modified":"2018-05-02T12:04:42","modified_gmt":"2018-05-02T15:04:42","slug":"accidente-laboral-en-un-silo-del-cuartel-xviii","status":"publish","type":"post","link":"https:\/\/www.hoymercedes.com.ar\/principal\/2018\/05\/02\/accidente-laboral-en-un-silo-del-cuartel-xviii\/","title":{"rendered":"Accidente laboral en un silo del Cuartel XVIII"},"content":{"rendered":"<p>En el cuartel XVIII del partido de Mercedes, un trabajador rural de 28 a\u00f1os sufri\u00f3 un accidente laboral al caer un silo de una granja av\u00edcola de la zona. La Polic\u00eda Rural lo traslad\u00f3 al Hospital Dudarry con urgencia. Tras el trabajo m\u00e9dico, el parte\u00a0 asegura que sufri\u00f3 lesiones leves.<\/p>\n<p>La Polic\u00eda Rural inform\u00f3 que\u00a0en la granja avicola \u00abOvotec\u00bb, sita en el cuartel XVIII, un empleado sufri\u00f3 un accidente laboral al caer de un silo. Cristian Gutierrez, de 28 a\u00f1os, fue golpeado por el silo y cay\u00f3 semi-inconsciente a un costado. La ambulancia del Hospital Dubarry traslada al joven para hacer los estudios necesarios en el nosocomio de calle 12.<\/p>\n<p>El precario m\u00e9dico dictamin\u00f3 lesiones de car\u00e1cter leves sin que se encuentre, hasta el momento del parte policial, complicaciones en el joven.<\/p>\n<p>no obstante, interviene la UFI N\u00b0 2 Depto Jud. Mercedes.<\/p>\n<p><img loading=\"lazy\" decoding=\"async\" data-attachment-id=\"75258\" data-permalink=\"https:\/\/www.hoymercedes.com.ar\/principal\/2018\/05\/02\/accidente-laboral-en-un-silo-del-cuartel-xviii\/02-policia-rural\/#main\" data-orig-file=\"https:\/\/www.hoymercedes.com.ar\/principal\/wp-content\/uploads\/2018\/05\/02-policia-rural.jpg\" data-orig-size=\"718,478\" data-comments-opened=\"0\" data-image-meta=\"{&quot;aperture&quot;:&quot;0&quot;,&quot;credit&quot;:&quot;&quot;,&quot;camera&quot;:&quot;&quot;,&quot;caption&quot;:&quot;&quot;,&quot;created_timestamp&quot;:&quot;0&quot;,&quot;copyright&quot;:&quot;&quot;,&quot;focal_length&quot;:&quot;0&quot;,&quot;iso&quot;:&quot;0&quot;,&quot;shutter_speed&quot;:&quot;0&quot;,&quot;title&quot;:&quot;&quot;,&quot;orientation&quot;:&quot;0&quot;}\" data-image-title=\"02 policia rural\" data-image-description=\"\" data-image-caption=\"\" data-large-file=\"https:\/\/www.hoymercedes.com.ar\/principal\/wp-content\/uploads\/2018\/05\/02-policia-rural.jpg\" class=\"aligncenter size-medium wp-image-75258\" src=\"https:\/\/www.hoymercedes.com.ar\/principal\/wp-content\/uploads\/2018\/05\/02-policia-rural-630x419.jpg\" alt=\"\" width=\"630\" height=\"419\" srcset=\"https:\/\/www.hoymercedes.com.ar\/principal\/wp-content\/uploads\/2018\/05\/02-policia-rural-630x419.jpg 630w, https:\/\/www.hoymercedes.com.ar\/principal\/wp-content\/uploads\/2018\/05\/02-policia-rural-150x100.jpg 150w, https:\/\/www.hoymercedes.com.ar\/principal\/wp-content\/uploads\/2018\/05\/02-policia-rural.jpg 718w\" sizes=\"auto, (max-width: 630px) 100vw, 630px\" \/><\/p>\n","protected":false},"excerpt":{"rendered":"<p>En el cuartel XVIII del partido de Mercedes, un trabajador rural de 28 a\u00f1os sufri\u00f3 un accidente laboral al caer &#8230; <a title=\"Accidente laboral en un silo del Cuartel XVIII\" class=\"read-more\" href=\"https:\/\/www.hoymercedes.com.ar\/principal\/2018\/05\/02\/accidente-laboral-en-un-silo-del-cuartel-xviii\/\" aria-label=\"Leer m\u00e1s sobre Accidente laboral en un silo del Cuartel XVIII\">Leer m\u00e1s<\/a><\/p>\n","protected":false},"author":1,"featured_media":75258,"comment_status":"closed","ping_status":"open","sticky":false,"template":"","format":"standard","meta":{"_monsterinsights_skip_tracking":false,"_monsterinsights_sitenote_active":false,"_monsterinsights_sitenote_note":"","_monsterinsights_sitenote_category":0,"jetpack_post_was_ever_published":false,"_jetpack_newsletter_access":"","_jetpack_dont_email_post_to_subs":false,"_jetpack_newsletter_tier_id":0,"_jetpack_memberships_contains_paywalled_content":false,"_jetpack_memberships_contains_paid_content":false,"footnotes":"","jetpack_publicize_message":"","jetpack_publicize_feature_enabled":true,"jetpack_social_post_already_shared":true,"jetpack_social_options":{"image_generator_settings":{"template":"highway","default_image_id":0,"font":"","enabled":false},"version":2},"_wpas_customize_per_network":false},"categories":[85],"tags":[3974,11012,96],"class_list":["post-75257","post","type-post","status-publish","format-standard","has-post-thumbnail","hentry","category-policial","tag-accidente-laboral","tag-policia-rural","tag-policial-2","generate-columns","tablet-grid-50","mobile-grid-100","grid-parent","grid-50"],"jetpack_publicize_connections":[],"jetpack_featured_media_url":"https:\/\/www.hoymercedes.com.ar\/principal\/wp-content\/uploads\/2018\/05\/02-policia-rural.jpg","wps_subtitle":"Lesiones leves","jetpack_sharing_enabled":true,"_links":{"self":[{"href":"https:\/\/www.hoymercedes.com.ar\/principal\/wp-json\/wp\/v2\/posts\/75257","targetHints":{"allow":["GET"]}}],"collection":[{"href":"https:\/\/www.hoymercedes.com.ar\/principal\/wp-json\/wp\/v2\/posts"}],"about":[{"href":"https:\/\/www.hoymercedes.com.ar\/principal\/wp-json\/wp\/v2\/types\/post"}],"author":[{"embeddable":true,"href":"https:\/\/www.hoymercedes.com.ar\/principal\/wp-json\/wp\/v2\/users\/1"}],"replies":[{"embeddable":true,"href":"https:\/\/www.hoymercedes.com.ar\/principal\/wp-json\/wp\/v2\/comments?post=75257"}],"version-history":[{"count":0,"href":"https:\/\/www.hoymercedes.com.ar\/principal\/wp-json\/wp\/v2\/posts\/75257\/revisions"}],"wp:featuredmedia":[{"embeddable":true,"href":"https:\/\/www.hoymercedes.com.ar\/principal\/wp-json\/wp\/v2\/media\/75258"}],"wp:attachment":[{"href":"https:\/\/www.hoymercedes.com.ar\/principal\/wp-json\/wp\/v2\/media?parent=75257"}],"wp:term":[{"taxonomy":"category","embeddable":true,"href":"https:\/\/www.hoymercedes.com.ar\/principal\/wp-json\/wp\/v2\/categories?post=75257"},{"taxonomy":"post_tag","embeddable":true,"href":"https:\/\/www.hoymercedes.com.ar\/principal\/wp-json\/wp\/v2\/tags?post=75257"}],"curies":[{"name":"wp","href":"https:\/\/api.w.org\/{rel}","templated":true}]}}