{"id":75267,"date":"2018-05-02T15:00:25","date_gmt":"2018-05-02T18:00:25","guid":{"rendered":"http:\/\/www.hoymercedes.com.ar\/principal\/?p=75267"},"modified":"2018-05-02T12:19:34","modified_gmt":"2018-05-02T15:19:34","slug":"la-municipalidad-licito-obras-por-14-millones","status":"publish","type":"post","link":"https:\/\/www.hoymercedes.com.ar\/principal\/2018\/05\/02\/la-municipalidad-licito-obras-por-14-millones\/","title":{"rendered":"La municipalidad licit\u00f3 obras por 14 millones"},"content":{"rendered":"<p>El viernes por la ma\u00f1ana se procedi\u00f3 a la apertura de sobres de dos licitaciones p\u00fablicas. Se trata de parte del plan integral que realizar\u00e1 en torno a 70 millones de pesos. Se supo que hubo oferentes que un d\u00eda antes anunciaron no participaron dado el valor del d\u00f3lar del d\u00eda de la licitaci\u00f3n.<\/p>\n<p>Tal vez por ello s\u00f3lo se presentaron cinco oferentes\u00a0 a la licitaci\u00f3n 4\/18 que convocaba ofertas para la construcci\u00f3n de una casa velatoria y dos espacios primera infancia. En presencia del Secretario de obras, licenciado Alberto Navarrete, el director de econom\u00eda Leandro Cusnir, el jefe de compras Guillermo Fern\u00e1ndez y el propio intendente Juan Ustarroz y un representante de cada empresa se procedi\u00f3 a la apertura de sobres.<\/p>\n<p>S\u00f3lo uno de los oferentes no cumpli\u00f3 con la presentaci\u00f3n del certificado de capacidad t\u00e9cnico financiera. En tanto los restantes dos de los cinco ofrecieron por debajo del presupuesto oficial. El presupuesto m\u00e1s bajo sum\u00f3 7.8 millones de pesos contra los $ 8.189.998 del presupuesto.<\/p>\n<p>Luego se abri\u00f3 la licitaci\u00f3n 5\/2018 para construir el centro de diagn\u00f3stico por im\u00e1genes.\u00a0La empresa que present\u00f3 el valor m\u00e1s bajo, estuvo apenas por debajo de lo presupuestado: 5.1 millones de pesos fue el precio fijado para una obra estimada en 5.8 millones.<\/p>\n<p>Vale destacar que en ambas licitaciones el valor m\u00e1s bajo lo propuso la misma empresa.<\/p>\n<p>Los oferentes pueden realizar observaciones formales hasta el 4 de mayo, fecha en la cual se realizar\u00e1 los dict\u00e1menes oficiales para proceder a la adjudicaci\u00f3n.<\/p>\n<p><img loading=\"lazy\" decoding=\"async\" data-attachment-id=\"75268\" data-permalink=\"https:\/\/www.hoymercedes.com.ar\/principal\/2018\/05\/02\/la-municipalidad-licito-obras-por-14-millones\/02-licitaciones-600x401\/#main\" data-orig-file=\"https:\/\/www.hoymercedes.com.ar\/principal\/wp-content\/uploads\/2018\/05\/02-licitaciones-600x401.jpg\" data-orig-size=\"750,501\" data-comments-opened=\"0\" data-image-meta=\"{&quot;aperture&quot;:&quot;0&quot;,&quot;credit&quot;:&quot;&quot;,&quot;camera&quot;:&quot;&quot;,&quot;caption&quot;:&quot;&quot;,&quot;created_timestamp&quot;:&quot;0&quot;,&quot;copyright&quot;:&quot;&quot;,&quot;focal_length&quot;:&quot;0&quot;,&quot;iso&quot;:&quot;0&quot;,&quot;shutter_speed&quot;:&quot;0&quot;,&quot;title&quot;:&quot;&quot;,&quot;orientation&quot;:&quot;0&quot;}\" data-image-title=\"02 licitaciones-600&amp;#215;401\" data-image-description=\"\" data-image-caption=\"\" data-large-file=\"https:\/\/www.hoymercedes.com.ar\/principal\/wp-content\/uploads\/2018\/05\/02-licitaciones-600x401.jpg\" class=\"aligncenter size-medium wp-image-75268\" src=\"https:\/\/www.hoymercedes.com.ar\/principal\/wp-content\/uploads\/2018\/05\/02-licitaciones-600x401-630x421.jpg\" alt=\"\" width=\"630\" height=\"421\" srcset=\"https:\/\/www.hoymercedes.com.ar\/principal\/wp-content\/uploads\/2018\/05\/02-licitaciones-600x401-630x421.jpg 630w, https:\/\/www.hoymercedes.com.ar\/principal\/wp-content\/uploads\/2018\/05\/02-licitaciones-600x401-150x100.jpg 150w, https:\/\/www.hoymercedes.com.ar\/principal\/wp-content\/uploads\/2018\/05\/02-licitaciones-600x401.jpg 750w\" sizes=\"auto, (max-width: 630px) 100vw, 630px\" \/><\/p>\n<p>&nbsp;<\/p>\n","protected":false},"excerpt":{"rendered":"<p>El viernes por la ma\u00f1ana se procedi\u00f3 a la apertura de sobres de dos licitaciones p\u00fablicas. Se trata de parte &#8230; <a title=\"La municipalidad licit\u00f3 obras por 14 millones\" class=\"read-more\" href=\"https:\/\/www.hoymercedes.com.ar\/principal\/2018\/05\/02\/la-municipalidad-licito-obras-por-14-millones\/\" aria-label=\"Leer m\u00e1s sobre La municipalidad licit\u00f3 obras por 14 millones\">Leer m\u00e1s<\/a><\/p>\n","protected":false},"author":1,"featured_media":75268,"comment_status":"closed","ping_status":"open","sticky":false,"template":"","format":"standard","meta":{"_monsterinsights_skip_tracking":false,"_monsterinsights_sitenote_active":false,"_monsterinsights_sitenote_note":"","_monsterinsights_sitenote_category":0,"jetpack_post_was_ever_published":false,"_jetpack_newsletter_access":"","_jetpack_dont_email_post_to_subs":false,"_jetpack_newsletter_tier_id":0,"_jetpack_memberships_contains_paywalled_content":false,"_jetpack_memberships_contains_paid_content":false,"footnotes":"","jetpack_publicize_message":"","jetpack_publicize_feature_enabled":true,"jetpack_social_post_already_shared":true,"jetpack_social_options":{"image_generator_settings":{"template":"highway","default_image_id":0,"font":"","enabled":false},"version":2},"_wpas_customize_per_network":false},"categories":[30],"tags":[13013,13012,8619,10,244,5947],"class_list":["post-75267","post","type-post","status-publish","format-standard","has-post-thumbnail","hentry","category-municipio","tag-casa-velatoria","tag-centro-de-diagnostico-municipal","tag-licitacion","tag-mercedes","tag-municipio-2","tag-obras-publicas","generate-columns","tablet-grid-50","mobile-grid-100","grid-parent","grid-50"],"jetpack_publicize_connections":[],"jetpack_featured_media_url":"https:\/\/www.hoymercedes.com.ar\/principal\/wp-content\/uploads\/2018\/05\/02-licitaciones-600x401.jpg","wps_subtitle":"El viernes pasado","jetpack_sharing_enabled":true,"_links":{"self":[{"href":"https:\/\/www.hoymercedes.com.ar\/principal\/wp-json\/wp\/v2\/posts\/75267","targetHints":{"allow":["GET"]}}],"collection":[{"href":"https:\/\/www.hoymercedes.com.ar\/principal\/wp-json\/wp\/v2\/posts"}],"about":[{"href":"https:\/\/www.hoymercedes.com.ar\/principal\/wp-json\/wp\/v2\/types\/post"}],"author":[{"embeddable":true,"href":"https:\/\/www.hoymercedes.com.ar\/principal\/wp-json\/wp\/v2\/users\/1"}],"replies":[{"embeddable":true,"href":"https:\/\/www.hoymercedes.com.ar\/principal\/wp-json\/wp\/v2\/comments?post=75267"}],"version-history":[{"count":0,"href":"https:\/\/www.hoymercedes.com.ar\/principal\/wp-json\/wp\/v2\/posts\/75267\/revisions"}],"wp:featuredmedia":[{"embeddable":true,"href":"https:\/\/www.hoymercedes.com.ar\/principal\/wp-json\/wp\/v2\/media\/75268"}],"wp:attachment":[{"href":"https:\/\/www.hoymercedes.com.ar\/principal\/wp-json\/wp\/v2\/media?parent=75267"}],"wp:term":[{"taxonomy":"category","embeddable":true,"href":"https:\/\/www.hoymercedes.com.ar\/principal\/wp-json\/wp\/v2\/categories?post=75267"},{"taxonomy":"post_tag","embeddable":true,"href":"https:\/\/www.hoymercedes.com.ar\/principal\/wp-json\/wp\/v2\/tags?post=75267"}],"curies":[{"name":"wp","href":"https:\/\/api.w.org\/{rel}","templated":true}]}}