{"id":75323,"date":"2018-05-02T23:42:57","date_gmt":"2018-05-03T02:42:57","guid":{"rendered":"http:\/\/www.hoymercedes.com.ar\/principal\/?p=75323"},"modified":"2018-05-02T23:43:45","modified_gmt":"2018-05-03T02:43:45","slug":"muere-remisero-producto-de-un-siniestro-vial-en-ruta-5","status":"publish","type":"post","link":"https:\/\/www.hoymercedes.com.ar\/principal\/2018\/05\/02\/muere-remisero-producto-de-un-siniestro-vial-en-ruta-5\/","title":{"rendered":"Muere remisero producto de un siniestro vial en ruta 5"},"content":{"rendered":"<p><em><strong>Ocurri\u00f3 en el kil\u00f3metro 128, en jurisdicci\u00f3n de Suipacha. Fue identificado como Ra\u00fal Librandi, oriundo de la vecina ciudad. En un Fiat Siena llevaba a dos pasajeros cuando otro veh\u00edculo que se movilizaba en sentido contrario invadi\u00f3 su carril y lo choc\u00f3 frontalmente.<\/strong><\/em><\/p>\n<p><img loading=\"lazy\" decoding=\"async\" data-attachment-id=\"75327\" data-permalink=\"https:\/\/www.hoymercedes.com.ar\/principal\/2018\/05\/02\/muere-remisero-producto-de-un-siniestro-vial-en-ruta-5\/02-choque-ruta-2\/#main\" data-orig-file=\"https:\/\/www.hoymercedes.com.ar\/principal\/wp-content\/uploads\/2018\/05\/02-choque-ruta-2.jpg\" data-orig-size=\"620,350\" data-comments-opened=\"0\" data-image-meta=\"{&quot;aperture&quot;:&quot;0&quot;,&quot;credit&quot;:&quot;&quot;,&quot;camera&quot;:&quot;&quot;,&quot;caption&quot;:&quot;&quot;,&quot;created_timestamp&quot;:&quot;0&quot;,&quot;copyright&quot;:&quot;&quot;,&quot;focal_length&quot;:&quot;0&quot;,&quot;iso&quot;:&quot;0&quot;,&quot;shutter_speed&quot;:&quot;0&quot;,&quot;title&quot;:&quot;&quot;,&quot;orientation&quot;:&quot;0&quot;}\" data-image-title=\"02 choque ruta 2\" data-image-description=\"\" data-image-caption=\"\" data-large-file=\"https:\/\/www.hoymercedes.com.ar\/principal\/wp-content\/uploads\/2018\/05\/02-choque-ruta-2.jpg\" class=\"aligncenter size-full wp-image-75327\" src=\"https:\/\/www.hoymercedes.com.ar\/principal\/wp-content\/uploads\/2018\/05\/02-choque-ruta-2.jpg\" alt=\"\" width=\"620\" height=\"350\" srcset=\"https:\/\/www.hoymercedes.com.ar\/principal\/wp-content\/uploads\/2018\/05\/02-choque-ruta-2.jpg 620w, https:\/\/www.hoymercedes.com.ar\/principal\/wp-content\/uploads\/2018\/05\/02-choque-ruta-2-150x85.jpg 150w\" sizes=\"auto, (max-width: 620px) 100vw, 620px\" \/><\/p>\n<p>Producto de una colisi\u00f3n entre dos veh\u00edculos, fallece un remisero en la Ruta Nacional N\u00b0 5 en el kil\u00f3metro 128, en la curva ubicada frente a las instalaciones de la Metal\u00fargica Belgrano en jurisdicci\u00f3n del partido de Suipacha. El impacto sucedi\u00f3 cerca de la hora 19,30. Dos auto, un VW Bora y un Fiat Siena, impactan. Producto del choque, el conductor del Fiat, Ra\u00fal Librandi, fallece en el hospital municipal de la localidad de Suipacha.<\/p>\n<p>El siniestro se produjo cuando un autom\u00f3vil Fiat Siena, color azul oscuro, dominio GAZ-062 conducido por Ra\u00fal Librandi, de profesi\u00f3n remisero, que circulaba en sentido Suipacha-Chivilcoy transportando como pasajeros a Jorge Daniel N\u00fa\u00f1ez y a Juan Domingo Paiz, ambos domiciliados en la Caba\u00f1a Camila, ubicada en la Ruta 5, kil\u00f3metro 132, impact\u00f3 con un autom\u00f3vil Volkswagen Bora, color gris claro, dominio KIT-029, que circulaba en sentido contrario, conducido por Mat\u00edas Oscar G\u00f3mez, quien viajaba acompa\u00f1ado por Anastasia Sof\u00eda Moscoloni, ambos domiciliados en la ciudad de Navarro.<\/p>\n<p>Producto de la violenta colisi\u00f3n, el Fiat Siena, termin\u00f3 sobre la banquina con su conductor atrapado dentro del habit\u00e1culo de donde fue rescatado por personal de Bomberos de Suipacha, quienes debieron cortar parte del veh\u00edculo para poder sacarlo, en tanto el Volkswagen Bora, qued\u00f3 atravesado sobre la cinta asf\u00e1ltica saliendo sus ocupantes por sus propios medios.<\/p>\n<p>Librandi fue trasladado de urgencia al Hospital de Suipacha, pero lamentablemente dej\u00f3 de existir minutos m\u00e1s tarde por las serias heridas que sufri\u00f3.<\/p>\n<p>El siniestro se habr\u00eda producido cuando por razones que se desconocen el conductor del Volkswagen Bora al tomar la pronunciada curva existente en el lugar, habr\u00eda invadido la mano del Fiat Siena embisti\u00e9ndolo en la parte delantera derecha.<\/p>\n<p>Intervino Polic\u00eda Comunal, CPR, Bomberos Voluntarios de Suipacha y ambulancias del Hospital Esteban Iribarne de Suipacha, hacia donde fueron derivados los heridos.\u00a0Interviene UFIYJ N\u00b0 2 Depto. Judicial Mercedes.<\/p>\n<p>Colaboraci\u00f3n: Anal\u00eda Ochoa de Suipacha y La Raz\u00f3n de Chivilcoy<\/p>\n<p><img loading=\"lazy\" decoding=\"async\" data-attachment-id=\"75326\" data-permalink=\"https:\/\/www.hoymercedes.com.ar\/principal\/2018\/05\/02\/muere-remisero-producto-de-un-siniestro-vial-en-ruta-5\/02-choque-ruta-1\/#main\" data-orig-file=\"https:\/\/www.hoymercedes.com.ar\/principal\/wp-content\/uploads\/2018\/05\/02-choque-ruta-1.jpg\" data-orig-size=\"620,349\" data-comments-opened=\"0\" data-image-meta=\"{&quot;aperture&quot;:&quot;0&quot;,&quot;credit&quot;:&quot;&quot;,&quot;camera&quot;:&quot;&quot;,&quot;caption&quot;:&quot;&quot;,&quot;created_timestamp&quot;:&quot;0&quot;,&quot;copyright&quot;:&quot;&quot;,&quot;focal_length&quot;:&quot;0&quot;,&quot;iso&quot;:&quot;0&quot;,&quot;shutter_speed&quot;:&quot;0&quot;,&quot;title&quot;:&quot;&quot;,&quot;orientation&quot;:&quot;0&quot;}\" data-image-title=\"02 choque ruta 1\" data-image-description=\"\" data-image-caption=\"\" data-large-file=\"https:\/\/www.hoymercedes.com.ar\/principal\/wp-content\/uploads\/2018\/05\/02-choque-ruta-1.jpg\" class=\"aligncenter size-full wp-image-75326\" src=\"https:\/\/www.hoymercedes.com.ar\/principal\/wp-content\/uploads\/2018\/05\/02-choque-ruta-1.jpg\" alt=\"\" width=\"620\" height=\"349\" srcset=\"https:\/\/www.hoymercedes.com.ar\/principal\/wp-content\/uploads\/2018\/05\/02-choque-ruta-1.jpg 620w, https:\/\/www.hoymercedes.com.ar\/principal\/wp-content\/uploads\/2018\/05\/02-choque-ruta-1-150x84.jpg 150w\" sizes=\"auto, (max-width: 620px) 100vw, 620px\" \/><\/p>\n","protected":false},"excerpt":{"rendered":"<p>Ocurri\u00f3 en el kil\u00f3metro 128, en jurisdicci\u00f3n de Suipacha. Fue identificado como Ra\u00fal Librandi, oriundo de la vecina ciudad. En &#8230; <a title=\"Muere remisero producto de un siniestro vial en ruta 5\" class=\"read-more\" href=\"https:\/\/www.hoymercedes.com.ar\/principal\/2018\/05\/02\/muere-remisero-producto-de-un-siniestro-vial-en-ruta-5\/\" aria-label=\"Leer m\u00e1s sobre Muere remisero producto de un siniestro vial en ruta 5\">Leer m\u00e1s<\/a><\/p>\n","protected":false},"author":1,"featured_media":75326,"comment_status":"closed","ping_status":"open","sticky":false,"template":"","format":"standard","meta":{"_monsterinsights_skip_tracking":false,"_monsterinsights_sitenote_active":false,"_monsterinsights_sitenote_note":"","_monsterinsights_sitenote_category":0,"jetpack_post_was_ever_published":false,"_jetpack_newsletter_access":"","_jetpack_dont_email_post_to_subs":false,"_jetpack_newsletter_tier_id":0,"_jetpack_memberships_contains_paywalled_content":false,"_jetpack_memberships_contains_paid_content":false,"footnotes":"","jetpack_publicize_message":"","jetpack_publicize_feature_enabled":true,"jetpack_social_post_already_shared":true,"jetpack_social_options":{"image_generator_settings":{"template":"highway","default_image_id":0,"font":"","enabled":false},"version":2},"_wpas_customize_per_network":false},"categories":[85],"tags":[13020,538,10395,559],"class_list":["post-75323","post","type-post","status-publish","format-standard","has-post-thumbnail","hentry","category-policial","tag-choque-fallecido","tag-ruta-5","tag-siniestro-vial","tag-suipacha","generate-columns","tablet-grid-50","mobile-grid-100","grid-parent","grid-50"],"jetpack_publicize_connections":[],"jetpack_featured_media_url":"https:\/\/www.hoymercedes.com.ar\/principal\/wp-content\/uploads\/2018\/05\/02-choque-ruta-1.jpg","wps_subtitle":"Choque frontal","jetpack_sharing_enabled":true,"_links":{"self":[{"href":"https:\/\/www.hoymercedes.com.ar\/principal\/wp-json\/wp\/v2\/posts\/75323","targetHints":{"allow":["GET"]}}],"collection":[{"href":"https:\/\/www.hoymercedes.com.ar\/principal\/wp-json\/wp\/v2\/posts"}],"about":[{"href":"https:\/\/www.hoymercedes.com.ar\/principal\/wp-json\/wp\/v2\/types\/post"}],"author":[{"embeddable":true,"href":"https:\/\/www.hoymercedes.com.ar\/principal\/wp-json\/wp\/v2\/users\/1"}],"replies":[{"embeddable":true,"href":"https:\/\/www.hoymercedes.com.ar\/principal\/wp-json\/wp\/v2\/comments?post=75323"}],"version-history":[{"count":0,"href":"https:\/\/www.hoymercedes.com.ar\/principal\/wp-json\/wp\/v2\/posts\/75323\/revisions"}],"wp:featuredmedia":[{"embeddable":true,"href":"https:\/\/www.hoymercedes.com.ar\/principal\/wp-json\/wp\/v2\/media\/75326"}],"wp:attachment":[{"href":"https:\/\/www.hoymercedes.com.ar\/principal\/wp-json\/wp\/v2\/media?parent=75323"}],"wp:term":[{"taxonomy":"category","embeddable":true,"href":"https:\/\/www.hoymercedes.com.ar\/principal\/wp-json\/wp\/v2\/categories?post=75323"},{"taxonomy":"post_tag","embeddable":true,"href":"https:\/\/www.hoymercedes.com.ar\/principal\/wp-json\/wp\/v2\/tags?post=75323"}],"curies":[{"name":"wp","href":"https:\/\/api.w.org\/{rel}","templated":true}]}}