{"id":75336,"date":"2018-05-03T17:50:25","date_gmt":"2018-05-03T20:50:25","guid":{"rendered":"http:\/\/www.hoymercedes.com.ar\/principal\/?p=75336"},"modified":"2018-05-03T16:33:52","modified_gmt":"2018-05-03T19:33:52","slug":"consejo-escolar-designacion-de-personal-auxiliar-3","status":"publish","type":"post","link":"https:\/\/www.hoymercedes.com.ar\/principal\/2018\/05\/03\/consejo-escolar-designacion-de-personal-auxiliar-3\/","title":{"rendered":"Consejo Escolar: Designaci\u00f3n de Personal Auxiliar"},"content":{"rendered":"<p>El Consejo Escolar de Mercedes comunica a todos los aspirantes a Porteros y Peones de Cocina que el d\u00eda mi\u00e9rcoles 9 de mayo, se llevar\u00e1 a cabo el acto p\u00fablico para la cobertura de cargos del agrupamiento personal de servicio en car\u00e1cter \u201ctemporario transitorio\u201d y los correspondientes movimientos previos.<\/p>\n<p>A partir de la hora 14 comenzar\u00e1n con los\u00a0movimientos de titulares y temporarios transitorios (mensualizados). Una vez finalizados los movimientos se realizar\u00e1\u00a0el acto publico con listado oficial.<\/p>\n<p>Los interesados deber\u00e1n presentar la siguiente documentaci\u00f3n:<\/p>\n<ul>\n<li>Para realizar movimientos:\u00a0 (solo titulares y mensualizados):\u00a0cuaderno de actuaci\u00f3n, DNI\u00a0y fotocopia del mismo, COULI\u00a0(recibo de sueldo). Se recuerda que para realizar movimientos los agentes no deben estar en uso de licencia ni haber hecho movimientos durante el \u00faltimo a\u00f1o.<\/li>\n<li>Para las designaciones: uaderno de actuaci\u00f3n, en caso que estuviese trabajando; DNI y fotocopia del mismo. Los aspirantes no deben estar en uso de licencia.<\/li>\n<\/ul>\n<p>Una vez finalizadas las designaciones, se cubrir\u00e1n los reemplazos.<\/p>\n<p>El acto publico se realizar\u00e1 en el Consejo Escolar: calle 6 entre 9 y 11<\/p>\n","protected":false},"excerpt":{"rendered":"<p>El Consejo Escolar de Mercedes comunica a todos los aspirantes a Porteros y Peones de Cocina que el d\u00eda mi\u00e9rcoles &#8230; <a title=\"Consejo Escolar: Designaci\u00f3n de Personal Auxiliar\" class=\"read-more\" href=\"https:\/\/www.hoymercedes.com.ar\/principal\/2018\/05\/03\/consejo-escolar-designacion-de-personal-auxiliar-3\/\" aria-label=\"Leer m\u00e1s sobre Consejo Escolar: Designaci\u00f3n de Personal Auxiliar\">Leer m\u00e1s<\/a><\/p>\n","protected":false},"author":1,"featured_media":73047,"comment_status":"closed","ping_status":"open","sticky":false,"template":"","format":"standard","meta":{"_monsterinsights_skip_tracking":false,"_monsterinsights_sitenote_active":false,"_monsterinsights_sitenote_note":"","_monsterinsights_sitenote_category":0,"jetpack_post_was_ever_published":false,"_jetpack_newsletter_access":"","_jetpack_dont_email_post_to_subs":false,"_jetpack_newsletter_tier_id":0,"_jetpack_memberships_contains_paywalled_content":false,"_jetpack_memberships_contains_paid_content":false,"footnotes":"","jetpack_publicize_message":"","jetpack_publicize_feature_enabled":true,"jetpack_social_post_already_shared":true,"jetpack_social_options":{"image_generator_settings":{"template":"highway","default_image_id":0,"font":"","enabled":false},"version":2},"_wpas_customize_per_network":false},"categories":[23],"tags":[1380,11792,1317,10,13023],"class_list":["post-75336","post","type-post","status-publish","format-standard","has-post-thumbnail","hentry","category-educacion","tag-acto-publico","tag-auxiliares-de-educacion","tag-consejo-escolar","tag-mercedes","tag-peones","generate-columns","tablet-grid-50","mobile-grid-100","grid-parent","grid-50"],"jetpack_publicize_connections":[],"jetpack_featured_media_url":"https:\/\/www.hoymercedes.com.ar\/principal\/wp-content\/uploads\/2018\/02\/28-portero.png","wps_subtitle":"Mi\u00e9rcoles 9 de mayo","jetpack_sharing_enabled":true,"_links":{"self":[{"href":"https:\/\/www.hoymercedes.com.ar\/principal\/wp-json\/wp\/v2\/posts\/75336","targetHints":{"allow":["GET"]}}],"collection":[{"href":"https:\/\/www.hoymercedes.com.ar\/principal\/wp-json\/wp\/v2\/posts"}],"about":[{"href":"https:\/\/www.hoymercedes.com.ar\/principal\/wp-json\/wp\/v2\/types\/post"}],"author":[{"embeddable":true,"href":"https:\/\/www.hoymercedes.com.ar\/principal\/wp-json\/wp\/v2\/users\/1"}],"replies":[{"embeddable":true,"href":"https:\/\/www.hoymercedes.com.ar\/principal\/wp-json\/wp\/v2\/comments?post=75336"}],"version-history":[{"count":0,"href":"https:\/\/www.hoymercedes.com.ar\/principal\/wp-json\/wp\/v2\/posts\/75336\/revisions"}],"wp:featuredmedia":[{"embeddable":true,"href":"https:\/\/www.hoymercedes.com.ar\/principal\/wp-json\/wp\/v2\/media\/73047"}],"wp:attachment":[{"href":"https:\/\/www.hoymercedes.com.ar\/principal\/wp-json\/wp\/v2\/media?parent=75336"}],"wp:term":[{"taxonomy":"category","embeddable":true,"href":"https:\/\/www.hoymercedes.com.ar\/principal\/wp-json\/wp\/v2\/categories?post=75336"},{"taxonomy":"post_tag","embeddable":true,"href":"https:\/\/www.hoymercedes.com.ar\/principal\/wp-json\/wp\/v2\/tags?post=75336"}],"curies":[{"name":"wp","href":"https:\/\/api.w.org\/{rel}","templated":true}]}}