{"id":75393,"date":"2018-05-05T10:32:56","date_gmt":"2018-05-05T13:32:56","guid":{"rendered":"http:\/\/www.hoymercedes.com.ar\/principal\/?p=75393"},"modified":"2018-05-05T16:22:23","modified_gmt":"2018-05-05T19:22:23","slug":"ddi-mercedes-detiene-en-merlo-a-acusado-de-homicidio","status":"publish","type":"post","link":"https:\/\/www.hoymercedes.com.ar\/principal\/2018\/05\/05\/ddi-mercedes-detiene-en-merlo-a-acusado-de-homicidio\/","title":{"rendered":"DDI Mercedes detiene en Merlo a acusado de homicidio"},"content":{"rendered":"<p>En la localidad de Merlo personal de la DDI Mercedes logr\u00f3 la detenci\u00f3n de un masculino acusado de homicidio. La v\u00edctima se llamaba Flavio Gabriel Real y viv\u00eda en el predio \u201cMenotti\u201d, de Luj\u00e1n<\/p>\n<p>El pasado 16 de abril pasado se tom\u00f3 conocimiento del hecho. Personal de la Delegaci\u00f3n de Investigaci\u00f3n trabaj\u00f3 en base a un dato que dec\u00eda que en la zona de Merlo hab\u00eda un sujeto que se se\u00f1alaba como el autor del homicidio.<\/p>\n<p>Tras las investigaciones la fiscal\u00eda determin\u00f3 el allanamiento que finalmente sucedi\u00f3 en Parque San Mart\u00edn y Libertad procediendo a la detenci\u00f3n del posible autor, secuestr\u00e1ndose elementos que ser\u00edan de la v\u00edctima.<\/p>\n<p>El aprehendido qued\u00f3 a disposici\u00f3n de la justicia. No se conocieron datos filiatorios del detenido.}<\/p>\n<figure id=\"attachment_75394\" aria-describedby=\"caption-attachment-75394\" style=\"width: 260px\" class=\"wp-caption aligncenter\"><img loading=\"lazy\" decoding=\"async\" data-attachment-id=\"75394\" data-permalink=\"https:\/\/www.hoymercedes.com.ar\/principal\/2018\/05\/05\/ddi-mercedes-detiene-en-merlo-a-acusado-de-homicidio\/ddi-mercedes-detencion\/#main\" data-orig-file=\"https:\/\/www.hoymercedes.com.ar\/principal\/wp-content\/uploads\/2018\/05\/ddi.mercedes.detencion.jpg\" data-orig-size=\"270,480\" data-comments-opened=\"0\" data-image-meta=\"{&quot;aperture&quot;:&quot;0&quot;,&quot;credit&quot;:&quot;&quot;,&quot;camera&quot;:&quot;&quot;,&quot;caption&quot;:&quot;&quot;,&quot;created_timestamp&quot;:&quot;0&quot;,&quot;copyright&quot;:&quot;&quot;,&quot;focal_length&quot;:&quot;0&quot;,&quot;iso&quot;:&quot;0&quot;,&quot;shutter_speed&quot;:&quot;0&quot;,&quot;title&quot;:&quot;&quot;,&quot;orientation&quot;:&quot;0&quot;}\" data-image-title=\"ddi.mercedes.detencion\" data-image-description=\"\" data-image-caption=\"&lt;p&gt;Detencion&lt;\/p&gt;\n\" data-large-file=\"https:\/\/www.hoymercedes.com.ar\/principal\/wp-content\/uploads\/2018\/05\/ddi.mercedes.detencion.jpg\" class=\"size-full wp-image-75394\" src=\"https:\/\/www.hoymercedes.com.ar\/principal\/wp-content\/uploads\/2018\/05\/ddi.mercedes.detencion.jpg\" alt=\"\" width=\"270\" height=\"480\" srcset=\"https:\/\/www.hoymercedes.com.ar\/principal\/wp-content\/uploads\/2018\/05\/ddi.mercedes.detencion.jpg 270w, https:\/\/www.hoymercedes.com.ar\/principal\/wp-content\/uploads\/2018\/05\/ddi.mercedes.detencion-84x150.jpg 84w\" sizes=\"auto, (max-width: 270px) 100vw, 270px\" \/><figcaption id=\"caption-attachment-75394\" class=\"wp-caption-text\">Detencion<\/figcaption><\/figure>\n","protected":false},"excerpt":{"rendered":"<p>En la localidad de Merlo personal de la DDI Mercedes logr\u00f3 la detenci\u00f3n de un masculino acusado de homicidio. La &#8230; <a title=\"DDI Mercedes detiene en Merlo a acusado de homicidio\" class=\"read-more\" href=\"https:\/\/www.hoymercedes.com.ar\/principal\/2018\/05\/05\/ddi-mercedes-detiene-en-merlo-a-acusado-de-homicidio\/\" aria-label=\"Leer m\u00e1s sobre DDI Mercedes detiene en Merlo a acusado de homicidio\">Leer m\u00e1s<\/a><\/p>\n","protected":false},"author":1,"featured_media":75394,"comment_status":"closed","ping_status":"open","sticky":false,"template":"","format":"standard","meta":{"_monsterinsights_skip_tracking":false,"_monsterinsights_sitenote_active":false,"_monsterinsights_sitenote_note":"","_monsterinsights_sitenote_category":0,"jetpack_post_was_ever_published":false,"_jetpack_newsletter_access":"","_jetpack_dont_email_post_to_subs":false,"_jetpack_newsletter_tier_id":0,"_jetpack_memberships_contains_paywalled_content":false,"_jetpack_memberships_contains_paid_content":false,"footnotes":"","jetpack_publicize_message":"","jetpack_publicize_feature_enabled":true,"jetpack_social_post_already_shared":true,"jetpack_social_options":{"image_generator_settings":{"template":"highway","default_image_id":0,"font":"","enabled":false},"version":2},"_wpas_customize_per_network":false},"categories":[85],"tags":[3077,9351,96],"class_list":["post-75393","post","type-post","status-publish","format-standard","has-post-thumbnail","hentry","category-policial","tag-ddi-mercedes","tag-homicidio","tag-policial-2","generate-columns","tablet-grid-50","mobile-grid-100","grid-parent","grid-50"],"jetpack_publicize_connections":[],"jetpack_featured_media_url":"https:\/\/www.hoymercedes.com.ar\/principal\/wp-content\/uploads\/2018\/05\/ddi.mercedes.detencion.jpg","wps_subtitle":"detenci\u00f3n policial","jetpack_sharing_enabled":true,"_links":{"self":[{"href":"https:\/\/www.hoymercedes.com.ar\/principal\/wp-json\/wp\/v2\/posts\/75393","targetHints":{"allow":["GET"]}}],"collection":[{"href":"https:\/\/www.hoymercedes.com.ar\/principal\/wp-json\/wp\/v2\/posts"}],"about":[{"href":"https:\/\/www.hoymercedes.com.ar\/principal\/wp-json\/wp\/v2\/types\/post"}],"author":[{"embeddable":true,"href":"https:\/\/www.hoymercedes.com.ar\/principal\/wp-json\/wp\/v2\/users\/1"}],"replies":[{"embeddable":true,"href":"https:\/\/www.hoymercedes.com.ar\/principal\/wp-json\/wp\/v2\/comments?post=75393"}],"version-history":[{"count":0,"href":"https:\/\/www.hoymercedes.com.ar\/principal\/wp-json\/wp\/v2\/posts\/75393\/revisions"}],"wp:featuredmedia":[{"embeddable":true,"href":"https:\/\/www.hoymercedes.com.ar\/principal\/wp-json\/wp\/v2\/media\/75394"}],"wp:attachment":[{"href":"https:\/\/www.hoymercedes.com.ar\/principal\/wp-json\/wp\/v2\/media?parent=75393"}],"wp:term":[{"taxonomy":"category","embeddable":true,"href":"https:\/\/www.hoymercedes.com.ar\/principal\/wp-json\/wp\/v2\/categories?post=75393"},{"taxonomy":"post_tag","embeddable":true,"href":"https:\/\/www.hoymercedes.com.ar\/principal\/wp-json\/wp\/v2\/tags?post=75393"}],"curies":[{"name":"wp","href":"https:\/\/api.w.org\/{rel}","templated":true}]}}