{"id":75411,"date":"2018-05-06T09:00:17","date_gmt":"2018-05-06T12:00:17","guid":{"rendered":"http:\/\/www.hoymercedes.com.ar\/principal\/?p=75411"},"modified":"2018-05-06T09:35:18","modified_gmt":"2018-05-06T12:35:18","slug":"inundados-de-lujan-piden-informes-tecnicos-por-la-construccion-de-un-canal-en-campana","status":"publish","type":"post","link":"https:\/\/www.hoymercedes.com.ar\/principal\/2018\/05\/06\/inundados-de-lujan-piden-informes-tecnicos-por-la-construccion-de-un-canal-en-campana\/","title":{"rendered":"Inundados de Luj\u00e1n piden informes t\u00e9cnicos por la construcci\u00f3n de un canal en Campana"},"content":{"rendered":"<p>D\u00edas atr\u00e1s, integrantes de la organizaci\u00f3n no gubernamental \u00abInundados de Luj\u00e1n\u00bb se hizo presente en la ciudad de Mercedes con el objetivo de mantener una reuni\u00f3n con el Intendente Juan Ignacio Ustarroz, una de las autoridades de la Comisi\u00f3n de Cuenca del R\u00edo Lujan (COMILU). En su despacho, Viviana Garavano, Sergio Frascaroli y Carlos Mosso le informaron al Jefe Comunal local lo que observaron en una de las secciones del R\u00edo Luj\u00e1n. La intenci\u00f3n es que la autoridades del COMILU pidan informes t\u00e9cnicos del por qu\u00e9 se va a construir un nuevo canal paralelo al canal natural Santa Mar\u00eda en jurisdicci\u00f3n de la Ciudad de Campana.<\/p>\n<p><img loading=\"lazy\" decoding=\"async\" data-attachment-id=\"75415\" data-permalink=\"https:\/\/www.hoymercedes.com.ar\/principal\/2018\/05\/05\/firma-de-convenio-entre-el-cea-no-9-y-la-unidad-penitenciaria-n-5-de-mercedes\/05-ong-lujan\/#main\" data-orig-file=\"https:\/\/www.hoymercedes.com.ar\/principal\/wp-content\/uploads\/2018\/05\/05-ong-lujan-e1525550777834.jpg\" data-orig-size=\"735,495\" data-comments-opened=\"0\" data-image-meta=\"{&quot;aperture&quot;:&quot;1.9&quot;,&quot;credit&quot;:&quot;&quot;,&quot;camera&quot;:&quot;SM-J710MN&quot;,&quot;caption&quot;:&quot;&quot;,&quot;created_timestamp&quot;:&quot;1525354805&quot;,&quot;copyright&quot;:&quot;&quot;,&quot;focal_length&quot;:&quot;3.7&quot;,&quot;iso&quot;:&quot;320&quot;,&quot;shutter_speed&quot;:&quot;0.058823529411765&quot;,&quot;title&quot;:&quot;&quot;,&quot;orientation&quot;:&quot;1&quot;}\" data-image-title=\"05 ong lujan\" data-image-description=\"\" data-image-caption=\"\" data-large-file=\"https:\/\/www.hoymercedes.com.ar\/principal\/wp-content\/uploads\/2018\/05\/05-ong-lujan-e1525550777834.jpg\" class=\"aligncenter size-medium wp-image-75415\" src=\"https:\/\/www.hoymercedes.com.ar\/principal\/wp-content\/uploads\/2018\/05\/05-ong-lujan-e1525550777834-630x424.jpg\" alt=\"\" width=\"630\" height=\"424\" srcset=\"https:\/\/www.hoymercedes.com.ar\/principal\/wp-content\/uploads\/2018\/05\/05-ong-lujan-e1525550777834-630x424.jpg 630w, https:\/\/www.hoymercedes.com.ar\/principal\/wp-content\/uploads\/2018\/05\/05-ong-lujan-e1525550777834-150x101.jpg 150w, https:\/\/www.hoymercedes.com.ar\/principal\/wp-content\/uploads\/2018\/05\/05-ong-lujan-e1525550777834.jpg 735w\" sizes=\"auto, (max-width: 630px) 100vw, 630px\" \/><\/p>\n<p>\u00abEl nuevo canal no estaba en el proyecto de la empresa Sherman y ahora fue incorporado\u00bb, comentaron los tres integrantes de la ONG. \u00abHay sobradas razones para casi afirmar, que ese nuevo canal, no servir\u00e1 para que el r\u00edo no se desborde. O sea, no tendr\u00e1 el fin que todos esperamos para evitar inundaciones entre tantas obras obras\u00bb, agregan.<\/p>\n<p>\u00abCasualmente, o no, con la construccion de dicho canal, se utilizaran los 3000 m3 de tierra para consolidar un camino que comunica la R 9 con un emprendimiento inmobiliario. Este emprendimiento ya esta publicando la venta de terrenos con el nombre de &#8216;Bah\u00edas del Paran\u00e1&#8217;, incluso brindando el servicio de amarres de embarcaciones en el nuevo canal en cuesti\u00f3n\u00bb, destacaron Garavano, Frascaroli y Mosso.<\/p>\n<p>\u00abOtra gran duda que surge, es por qu\u00e9 este tema pas\u00f3 de la Justicia Federal, en manos de la Jueza Arroyo Salgado, a la Justicia Provincial, a un Juzgado de Mercedes, cuando todos sabemos que se hab\u00edan frenado la construcci\u00f3n de nuevos barrios en estos limites de la Cuenca\u00bb, agregaron desde la ONG.<\/p>\n<p>\u00abNo estamos en contra de las obras. Todo lo contrario. Pero hacer esta obra con un costo de casi $ 600.000.000 que al parecer, el \u00fanico favorecido ser\u00e1 un privado, que, a su vez, obtuvo la aprobaci\u00f3n de la Justicia y de la Provincia, es cuestionable. El canal ser\u00e1 parte de su explotaci\u00f3n y, como si fuera poco, el camino tampoco lo va a pagar de su bolsillo, el costo lo pagamos todos los bonaerenses. Todo esto es motivo para dudar. Que los Integrantes del COMILU se pongan a investigar, sino el trabajo de vecinos ocupados ser\u00e1 en vano\u00bb, resaltaron.<\/p>\n<p>Desde la ONG contaron que estuvieron visitando a varios intendentes para informarles lo que vieron los vecinos. \u00abS\u00f3olo esperemos que logren llegar a qui\u00e9n o qui\u00e9nes correspondan para, en principio, recibir explicaciones t\u00e9cnicas de los pro y contras del nuevo canal. De resultar que tengamos raz\u00f3n, por decantaci\u00f3n se deber\u00e1 investigar el resto\u00bb, agregaron desde la ONG Inundados de Lujan.<\/p>\n","protected":false},"excerpt":{"rendered":"<p>D\u00edas atr\u00e1s, integrantes de la organizaci\u00f3n no gubernamental \u00abInundados de Luj\u00e1n\u00bb se hizo presente en la ciudad de Mercedes con &#8230; <a title=\"Inundados de Luj\u00e1n piden informes t\u00e9cnicos por la construcci\u00f3n de un canal en Campana\" class=\"read-more\" href=\"https:\/\/www.hoymercedes.com.ar\/principal\/2018\/05\/06\/inundados-de-lujan-piden-informes-tecnicos-por-la-construccion-de-un-canal-en-campana\/\" aria-label=\"Leer m\u00e1s sobre Inundados de Luj\u00e1n piden informes t\u00e9cnicos por la construcci\u00f3n de un canal en Campana\">Leer m\u00e1s<\/a><\/p>\n","protected":false},"author":1,"featured_media":75415,"comment_status":"closed","ping_status":"open","sticky":false,"template":"","format":"standard","meta":{"_monsterinsights_skip_tracking":false,"_monsterinsights_sitenote_active":false,"_monsterinsights_sitenote_note":"","_monsterinsights_sitenote_category":0,"jetpack_post_was_ever_published":false,"_jetpack_newsletter_access":"","_jetpack_dont_email_post_to_subs":false,"_jetpack_newsletter_tier_id":0,"_jetpack_memberships_contains_paywalled_content":false,"_jetpack_memberships_contains_paid_content":false,"footnotes":"","jetpack_publicize_message":"","jetpack_publicize_feature_enabled":true,"jetpack_social_post_already_shared":false,"jetpack_social_options":{"image_generator_settings":{"template":"highway","default_image_id":0,"font":"","enabled":false},"version":2},"_wpas_customize_per_network":false},"categories":[8],"tags":[13033,13032,244],"class_list":["post-75411","post","type-post","status-publish","format-standard","has-post-thumbnail","hentry","category-sociedad","tag-encuentro-con-intendente","tag-inundados-de-lujan","tag-municipio-2","generate-columns","tablet-grid-50","mobile-grid-100","grid-parent","grid-50"],"jetpack_publicize_connections":[],"jetpack_featured_media_url":"https:\/\/www.hoymercedes.com.ar\/principal\/wp-content\/uploads\/2018\/05\/05-ong-lujan-e1525550777834.jpg","wps_subtitle":"Reuni\u00f3n con Jefes Comunales","jetpack_sharing_enabled":true,"_links":{"self":[{"href":"https:\/\/www.hoymercedes.com.ar\/principal\/wp-json\/wp\/v2\/posts\/75411","targetHints":{"allow":["GET"]}}],"collection":[{"href":"https:\/\/www.hoymercedes.com.ar\/principal\/wp-json\/wp\/v2\/posts"}],"about":[{"href":"https:\/\/www.hoymercedes.com.ar\/principal\/wp-json\/wp\/v2\/types\/post"}],"author":[{"embeddable":true,"href":"https:\/\/www.hoymercedes.com.ar\/principal\/wp-json\/wp\/v2\/users\/1"}],"replies":[{"embeddable":true,"href":"https:\/\/www.hoymercedes.com.ar\/principal\/wp-json\/wp\/v2\/comments?post=75411"}],"version-history":[{"count":0,"href":"https:\/\/www.hoymercedes.com.ar\/principal\/wp-json\/wp\/v2\/posts\/75411\/revisions"}],"wp:featuredmedia":[{"embeddable":true,"href":"https:\/\/www.hoymercedes.com.ar\/principal\/wp-json\/wp\/v2\/media\/75415"}],"wp:attachment":[{"href":"https:\/\/www.hoymercedes.com.ar\/principal\/wp-json\/wp\/v2\/media?parent=75411"}],"wp:term":[{"taxonomy":"category","embeddable":true,"href":"https:\/\/www.hoymercedes.com.ar\/principal\/wp-json\/wp\/v2\/categories?post=75411"},{"taxonomy":"post_tag","embeddable":true,"href":"https:\/\/www.hoymercedes.com.ar\/principal\/wp-json\/wp\/v2\/tags?post=75411"}],"curies":[{"name":"wp","href":"https:\/\/api.w.org\/{rel}","templated":true}]}}