{"id":75502,"date":"2018-05-09T07:22:33","date_gmt":"2018-05-09T10:22:33","guid":{"rendered":"http:\/\/www.hoymercedes.com.ar\/principal\/?p=75502"},"modified":"2018-05-08T09:54:31","modified_gmt":"2018-05-08T12:54:31","slug":"con-un-gol-de-santiago-malano-valletta-fc-se-consagro-campeon-de-la-copa-de-malta-video","status":"publish","type":"post","link":"https:\/\/www.hoymercedes.com.ar\/principal\/2018\/05\/09\/con-un-gol-de-santiago-malano-valletta-fc-se-consagro-campeon-de-la-copa-de-malta-video\/","title":{"rendered":"Con un gol de Santiago Malano, Valletta FC se consagr\u00f3 campe\u00f3n de la Copa de Malta (video)"},"content":{"rendered":"<p>Luego de haber salido campe\u00f3n del torneo de Primera Divisi\u00f3n de Malta con el Valletta FC la semana pasada, Santiago Malano volvi\u00f3 a dar la vuelta ol\u00edmpica. Esta fue fue en la Copa de Malta, conocida como FA Trophy y de esta manera consigui\u00f3 acceder a la primera ronda de clasificaci\u00f3n de la UEFA Europa League, adem\u00e1s de haber conseguido el ingreso a la Champions League, por ser el campe\u00f3n de Liga.<\/p>\n<p><img loading=\"lazy\" decoding=\"async\" data-attachment-id=\"75503\" data-permalink=\"https:\/\/www.hoymercedes.com.ar\/principal\/2018\/05\/09\/con-un-gol-de-santiago-malano-valletta-fc-se-consagro-campeon-de-la-copa-de-malta-video\/santiago-malano-copa-malta\/#main\" data-orig-file=\"https:\/\/www.hoymercedes.com.ar\/principal\/wp-content\/uploads\/2018\/05\/Santiago-Malano-Copa-Malta.jpg\" data-orig-size=\"512,406\" data-comments-opened=\"0\" data-image-meta=\"{&quot;aperture&quot;:&quot;0&quot;,&quot;credit&quot;:&quot;&quot;,&quot;camera&quot;:&quot;&quot;,&quot;caption&quot;:&quot;&quot;,&quot;created_timestamp&quot;:&quot;0&quot;,&quot;copyright&quot;:&quot;&quot;,&quot;focal_length&quot;:&quot;0&quot;,&quot;iso&quot;:&quot;0&quot;,&quot;shutter_speed&quot;:&quot;0&quot;,&quot;title&quot;:&quot;&quot;,&quot;orientation&quot;:&quot;0&quot;}\" data-image-title=\"Santiago Malano Copa Malta\" data-image-description=\"\" data-image-caption=\"\" data-large-file=\"https:\/\/www.hoymercedes.com.ar\/principal\/wp-content\/uploads\/2018\/05\/Santiago-Malano-Copa-Malta.jpg\" class=\"aligncenter size-full wp-image-75503\" src=\"https:\/\/www.hoymercedes.com.ar\/principal\/wp-content\/uploads\/2018\/05\/Santiago-Malano-Copa-Malta.jpg\" alt=\"\" width=\"512\" height=\"406\" srcset=\"https:\/\/www.hoymercedes.com.ar\/principal\/wp-content\/uploads\/2018\/05\/Santiago-Malano-Copa-Malta.jpg 512w, https:\/\/www.hoymercedes.com.ar\/principal\/wp-content\/uploads\/2018\/05\/Santiago-Malano-Copa-Malta-150x119.jpg 150w\" sizes=\"auto, (max-width: 512px) 100vw, 512px\" \/><\/p>\n<div><strong>VALLETTA &#8211;<\/strong>\u00a0 H. Bonello, J. Cruz Gill, R. Camilleri, S. Malano, M. Piciollo, K. Nwoko (J. Borg), E. Pena Beltre, J. Zerafa, R. Saleh, R. Muscat (N. Pulis), M. Alba (D. Dos Santos)<\/p>\n<p><b>BIRKIRKARA &#8211;<\/b>\u00a0 K.\u00a0Naumovski, E. Herrera, F. Barbosa, M. Andelkovic, J. Grech (T. Agius), K. Zammit, N. Vukanac, C. Da Silva Goncalves Junior (O. Rolovic), W. Acosta, R. Scicluna, C. Attard (A. Attard)<\/p>\n<p><strong>Yellow Cards:<\/strong>\u00a0 M. Alba, S. Malano, E. Pena Beltre, J. Zerafa (V), C. Attard (B).<\/p>\n<p><strong>Scorers:<\/strong>\u00a0 41&#8242; K. Nwoko, 78&#8242; S.\u00a0Malano\u00a0(V), 87&#8242; O. Rolovic (B)<\/div>\n<div><\/div>\n<div><b>Referee:\u00a0<\/b>A. Mario Sant<\/div>\n<div><\/div>\n<div>\n<p><span class=\"embed-youtube\" style=\"text-align:center; display: block;\"><iframe loading=\"lazy\" class=\"youtube-player\" width=\"1200\" height=\"675\" src=\"https:\/\/www.youtube.com\/embed\/Lb_vgAvRoGM?version=3&#038;rel=1&#038;showsearch=0&#038;showinfo=1&#038;iv_load_policy=1&#038;fs=1&#038;hl=es-ES&#038;autohide=2&#038;wmode=transparent\" allowfullscreen=\"true\" style=\"border:0;\" sandbox=\"allow-scripts allow-same-origin allow-popups allow-presentation allow-popups-to-escape-sandbox\"><\/iframe><\/span><\/p>\n<\/div>\n","protected":false},"excerpt":{"rendered":"<p>Luego de haber salido campe\u00f3n del torneo de Primera Divisi\u00f3n de Malta con el Valletta FC la semana pasada, Santiago &#8230; <a title=\"Con un gol de Santiago Malano, Valletta FC se consagr\u00f3 campe\u00f3n de la Copa de Malta (video)\" class=\"read-more\" href=\"https:\/\/www.hoymercedes.com.ar\/principal\/2018\/05\/09\/con-un-gol-de-santiago-malano-valletta-fc-se-consagro-campeon-de-la-copa-de-malta-video\/\" aria-label=\"Leer m\u00e1s sobre Con un gol de Santiago Malano, Valletta FC se consagr\u00f3 campe\u00f3n de la Copa de Malta (video)\">Leer m\u00e1s<\/a><\/p>\n","protected":false},"author":1,"featured_media":75503,"comment_status":"closed","ping_status":"open","sticky":false,"template":"","format":"standard","meta":{"_monsterinsights_skip_tracking":false,"_monsterinsights_sitenote_active":false,"_monsterinsights_sitenote_note":"","_monsterinsights_sitenote_category":0,"jetpack_post_was_ever_published":false,"_jetpack_newsletter_access":"","_jetpack_dont_email_post_to_subs":false,"_jetpack_newsletter_tier_id":0,"_jetpack_memberships_contains_paywalled_content":false,"_jetpack_memberships_contains_paid_content":false,"footnotes":"","jetpack_publicize_message":"","jetpack_publicize_feature_enabled":true,"jetpack_social_post_already_shared":true,"jetpack_social_options":{"image_generator_settings":{"template":"highway","default_image_id":0,"font":"","enabled":false},"version":2},"_wpas_customize_per_network":false},"categories":[21],"tags":[204,1003,7582,9675],"class_list":["post-75502","post","type-post","status-publish","format-standard","has-post-thumbnail","hentry","category-deportes","tag-deportes-2","tag-futbol","tag-la-legion","tag-santiago-malano","generate-columns","tablet-grid-50","mobile-grid-100","grid-parent","grid-50"],"jetpack_publicize_connections":[],"jetpack_featured_media_url":"https:\/\/www.hoymercedes.com.ar\/principal\/wp-content\/uploads\/2018\/05\/Santiago-Malano-Copa-Malta.jpg","wps_subtitle":"La Legi\u00f3n","jetpack_sharing_enabled":true,"_links":{"self":[{"href":"https:\/\/www.hoymercedes.com.ar\/principal\/wp-json\/wp\/v2\/posts\/75502","targetHints":{"allow":["GET"]}}],"collection":[{"href":"https:\/\/www.hoymercedes.com.ar\/principal\/wp-json\/wp\/v2\/posts"}],"about":[{"href":"https:\/\/www.hoymercedes.com.ar\/principal\/wp-json\/wp\/v2\/types\/post"}],"author":[{"embeddable":true,"href":"https:\/\/www.hoymercedes.com.ar\/principal\/wp-json\/wp\/v2\/users\/1"}],"replies":[{"embeddable":true,"href":"https:\/\/www.hoymercedes.com.ar\/principal\/wp-json\/wp\/v2\/comments?post=75502"}],"version-history":[{"count":0,"href":"https:\/\/www.hoymercedes.com.ar\/principal\/wp-json\/wp\/v2\/posts\/75502\/revisions"}],"wp:featuredmedia":[{"embeddable":true,"href":"https:\/\/www.hoymercedes.com.ar\/principal\/wp-json\/wp\/v2\/media\/75503"}],"wp:attachment":[{"href":"https:\/\/www.hoymercedes.com.ar\/principal\/wp-json\/wp\/v2\/media?parent=75502"}],"wp:term":[{"taxonomy":"category","embeddable":true,"href":"https:\/\/www.hoymercedes.com.ar\/principal\/wp-json\/wp\/v2\/categories?post=75502"},{"taxonomy":"post_tag","embeddable":true,"href":"https:\/\/www.hoymercedes.com.ar\/principal\/wp-json\/wp\/v2\/tags?post=75502"}],"curies":[{"name":"wp","href":"https:\/\/api.w.org\/{rel}","templated":true}]}}