{"id":7566,"date":"2011-09-23T13:50:05","date_gmt":"2011-09-23T13:50:05","guid":{"rendered":"http:\/\/www.hoymercedes.com.ar\/principal\/?p=7566"},"modified":"2011-09-23T14:44:25","modified_gmt":"2011-09-23T14:44:25","slug":"torres-propone-un-camino-que-conecte-agote-con-mercedes","status":"publish","type":"post","link":"https:\/\/www.hoymercedes.com.ar\/principal\/2011\/09\/23\/torres-propone-un-camino-que-conecte-agote-con-mercedes\/","title":{"rendered":"Torres propone un camino que conecte Agote con Mercedes"},"content":{"rendered":"<p>El candidato radical propone una v\u00eda que comunique ambas localidades de forma m\u00e1s directa, para evitar el obligado tr\u00e1nsito por ruta 5. La idea surgi\u00f3 de una reuni\u00f3n con vecinos.<\/p>\n<p>Juan Manuel Torres, candidato a intendente por UDESO, visit\u00f3 la zona de Gowland-Agote para reunirse con vecinos interesados en peticionar por mejoras.<\/p>\n<p>Del di\u00e1logo con los vecinos, Torres resalt\u00f3 la necesidad de trazar una v\u00eda que comunique Agote con Mercedes de forma m\u00e1s directa, para evitar el obligado tr\u00e1nsito por ruta 5.<\/p>\n<p>\u201cActualmente los habitantes de Agote tienen que dar una enorme vuelta para llegar hasta Mercedes, transitando por ruta 5, atravesando Gowland y los pasos a nivel. Pero si hallamos la manera de habilitar un camino que una Agote con la ruta 41, agilizaremos mucho el tr\u00e1nsito, se facilitar\u00e1 la vida de mucha gente y la seguridad de vecinos que tienen que circular en moto o en bicicleta por una ruta muy peligrosa\u201d, afirma Pancho.<\/p>\n<p>Torres destac\u00f3 que hay caminos vecinales que ya existen en este sentido, pero la idea es \u201challar un trazado m\u00e1s directo. Recogimos una inquietud de un vecino que propone un sendero para motos y bicicletas que corra entre las dos l\u00edneas ferroviarias, donde hay espacio de sobra y lo \u00fanico que deber\u00edamos hacer es gestionar un permiso para su uso, desmalezarlo y acondicionarlo\u201d.<\/p>\n<p>Sin embargo, el candidato radical admiti\u00f3 que el proyecto \u201cse encuentra en estudio, porque debemos evaluar las diferentes alternativas posibles, calcular d\u00f3nde desembocar\u00eda el camino y c\u00f3mo conectar\u00eda con la ruta 41 o sus colectoras\u201d.<\/p>\n<p>Tambi\u00e9n hace falta evaluar \u201cel impacto que tendr\u00e1 la instalaci\u00f3n de la c\u00e1rcel en Agote, y c\u00f3mo se prev\u00e9 el desplazamiento de veh\u00edculos y personas entre la nueva construcci\u00f3n y la ciudad de Mercedes\u201d.<\/p>\n<p>\u201cLo cierto \u2013concluy\u00f3 Pancho- es que agilizar la circulaci\u00f3n y facilitar el acceso a Agote le va a cambiar la vida a muchos vecinos, y es una tarea que podemos encarar sin necesidad de grandes gastos ni inversiones\u201d<\/p>\n","protected":false},"excerpt":{"rendered":"<p>El candidato radical propone una v\u00eda que comunique ambas localidades de forma m\u00e1s directa, para evitar el obligado tr\u00e1nsito por &#8230; <a title=\"Torres propone un camino que conecte Agote con Mercedes\" class=\"read-more\" href=\"https:\/\/www.hoymercedes.com.ar\/principal\/2011\/09\/23\/torres-propone-un-camino-que-conecte-agote-con-mercedes\/\" aria-label=\"Leer m\u00e1s sobre Torres propone un camino que conecte Agote con Mercedes\">Leer m\u00e1s<\/a><\/p>\n","protected":false},"author":1,"featured_media":0,"comment_status":"open","ping_status":"open","sticky":false,"template":"","format":"standard","meta":{"_monsterinsights_skip_tracking":false,"_monsterinsights_sitenote_active":false,"_monsterinsights_sitenote_note":"","_monsterinsights_sitenote_category":0,"jetpack_post_was_ever_published":false,"_jetpack_newsletter_access":"","_jetpack_dont_email_post_to_subs":false,"_jetpack_newsletter_tier_id":0,"_jetpack_memberships_contains_paywalled_content":false,"_jetpack_memberships_contains_paid_content":false,"footnotes":"","jetpack_publicize_message":"","jetpack_publicize_feature_enabled":true,"jetpack_social_post_already_shared":false,"jetpack_social_options":{"image_generator_settings":{"template":"highway","default_image_id":0,"font":"","enabled":false},"version":2},"_wpas_customize_per_network":false},"categories":[5],"tags":[1338,1337],"class_list":["post-7566","post","type-post","status-publish","format-standard","hentry","category-politica","tag-agote-gowland-mercedes","tag-juan-manuel-pancho-torres","generate-columns","tablet-grid-50","mobile-grid-100","grid-parent","grid-50"],"jetpack_publicize_connections":[],"jetpack_featured_media_url":"","wps_subtitle":"","jetpack_sharing_enabled":true,"_links":{"self":[{"href":"https:\/\/www.hoymercedes.com.ar\/principal\/wp-json\/wp\/v2\/posts\/7566","targetHints":{"allow":["GET"]}}],"collection":[{"href":"https:\/\/www.hoymercedes.com.ar\/principal\/wp-json\/wp\/v2\/posts"}],"about":[{"href":"https:\/\/www.hoymercedes.com.ar\/principal\/wp-json\/wp\/v2\/types\/post"}],"author":[{"embeddable":true,"href":"https:\/\/www.hoymercedes.com.ar\/principal\/wp-json\/wp\/v2\/users\/1"}],"replies":[{"embeddable":true,"href":"https:\/\/www.hoymercedes.com.ar\/principal\/wp-json\/wp\/v2\/comments?post=7566"}],"version-history":[{"count":0,"href":"https:\/\/www.hoymercedes.com.ar\/principal\/wp-json\/wp\/v2\/posts\/7566\/revisions"}],"wp:attachment":[{"href":"https:\/\/www.hoymercedes.com.ar\/principal\/wp-json\/wp\/v2\/media?parent=7566"}],"wp:term":[{"taxonomy":"category","embeddable":true,"href":"https:\/\/www.hoymercedes.com.ar\/principal\/wp-json\/wp\/v2\/categories?post=7566"},{"taxonomy":"post_tag","embeddable":true,"href":"https:\/\/www.hoymercedes.com.ar\/principal\/wp-json\/wp\/v2\/tags?post=7566"}],"curies":[{"name":"wp","href":"https:\/\/api.w.org\/{rel}","templated":true}]}}