{"id":75691,"date":"2018-05-12T16:58:13","date_gmt":"2018-05-12T19:58:13","guid":{"rendered":"http:\/\/www.hoymercedes.com.ar\/principal\/?p=75691"},"modified":"2018-05-13T09:58:59","modified_gmt":"2018-05-13T12:58:59","slug":"no-hay-evacuados-aunque-el-rio-no-baja-y-continua-la-asistencia-a-vecinos","status":"publish","type":"post","link":"https:\/\/www.hoymercedes.com.ar\/principal\/2018\/05\/12\/no-hay-evacuados-aunque-el-rio-no-baja-y-continua-la-asistencia-a-vecinos\/","title":{"rendered":"No hay evacuados, aunque el r\u00edo no baja y contin\u00faa la asistencia a vecinos"},"content":{"rendered":"<figure id=\"attachment_75693\" aria-describedby=\"caption-attachment-75693\" style=\"width: 610px\" class=\"wp-caption aligncenter\"><img loading=\"lazy\" decoding=\"async\" data-attachment-id=\"75693\" data-permalink=\"https:\/\/www.hoymercedes.com.ar\/principal\/2018\/05\/12\/no-hay-evacuados-aunque-el-rio-no-baja-y-continua-la-asistencia-a-vecinos\/chala-silva\/#main\" data-orig-file=\"https:\/\/www.hoymercedes.com.ar\/principal\/wp-content\/uploads\/2018\/05\/chala-silva.jpg\" data-orig-size=\"730,730\" data-comments-opened=\"0\" data-image-meta=\"{&quot;aperture&quot;:&quot;0&quot;,&quot;credit&quot;:&quot;&quot;,&quot;camera&quot;:&quot;&quot;,&quot;caption&quot;:&quot;&quot;,&quot;created_timestamp&quot;:&quot;0&quot;,&quot;copyright&quot;:&quot;&quot;,&quot;focal_length&quot;:&quot;0&quot;,&quot;iso&quot;:&quot;0&quot;,&quot;shutter_speed&quot;:&quot;0&quot;,&quot;title&quot;:&quot;&quot;,&quot;orientation&quot;:&quot;0&quot;}\" data-image-title=\"chala-silva\" data-image-description=\"\" data-image-caption=\"&lt;p&gt;Protecci\u00f3n Civil&lt;\/p&gt;\n\" data-large-file=\"https:\/\/www.hoymercedes.com.ar\/principal\/wp-content\/uploads\/2018\/05\/chala-silva.jpg\" class=\"size-medium wp-image-75693\" src=\"https:\/\/www.hoymercedes.com.ar\/principal\/wp-content\/uploads\/2018\/05\/chala-silva-620x620.jpg\" alt=\"\" width=\"620\" height=\"620\" srcset=\"https:\/\/www.hoymercedes.com.ar\/principal\/wp-content\/uploads\/2018\/05\/chala-silva-620x620.jpg 620w, https:\/\/www.hoymercedes.com.ar\/principal\/wp-content\/uploads\/2018\/05\/chala-silva-150x150.jpg 150w, https:\/\/www.hoymercedes.com.ar\/principal\/wp-content\/uploads\/2018\/05\/chala-silva.jpg 730w\" sizes=\"auto, (max-width: 620px) 100vw, 620px\" \/><figcaption id=\"caption-attachment-75693\" class=\"wp-caption-text\">Protecci\u00f3n Civil<\/figcaption><\/figure>\n<p>SI bien la lluvia par\u00f3, el r\u00edo sigui\u00f3 creciendo. Dos factores ser\u00edan las causas: desagote de campos con arrastre de agua desde Suipacha y que en Luj\u00e1n no avanza, presumiblemente porque compuerta cerrada para que a ellos no afecte, pero, complicando a Mercedes. Protecci\u00f3n Civil estuvo de guardia y sigue las 24hs. Han llevado agua e insumos a barrio Marchetti y zona rural, como Frankiln.<\/p>\n<p>Nuestro r\u00edo Luj\u00e1n est\u00e1 estancado, creci\u00f3 bastante, por la lluvia, pero tambi\u00e9n por el desagote de campos, Suipacha y no avance de sus agua con su normal desembocadura.<\/p>\n<figure id=\"attachment_75692\" aria-describedby=\"caption-attachment-75692\" style=\"width: 610px\" class=\"wp-caption aligncenter\"><img loading=\"lazy\" decoding=\"async\" data-attachment-id=\"75692\" data-permalink=\"https:\/\/www.hoymercedes.com.ar\/principal\/2018\/05\/12\/no-hay-evacuados-aunque-el-rio-no-baja-y-continua-la-asistencia-a-vecinos\/chala-silva-2\/#main\" data-orig-file=\"https:\/\/www.hoymercedes.com.ar\/principal\/wp-content\/uploads\/2018\/05\/chala-silva.2.jpg\" data-orig-size=\"730,730\" data-comments-opened=\"0\" data-image-meta=\"{&quot;aperture&quot;:&quot;0&quot;,&quot;credit&quot;:&quot;&quot;,&quot;camera&quot;:&quot;&quot;,&quot;caption&quot;:&quot;&quot;,&quot;created_timestamp&quot;:&quot;0&quot;,&quot;copyright&quot;:&quot;&quot;,&quot;focal_length&quot;:&quot;0&quot;,&quot;iso&quot;:&quot;0&quot;,&quot;shutter_speed&quot;:&quot;0&quot;,&quot;title&quot;:&quot;&quot;,&quot;orientation&quot;:&quot;0&quot;}\" data-image-title=\"chala-silva.2\" data-image-description=\"\" data-image-caption=\"&lt;p&gt;Asistencia a vecinos&lt;\/p&gt;\n\" data-large-file=\"https:\/\/www.hoymercedes.com.ar\/principal\/wp-content\/uploads\/2018\/05\/chala-silva.2.jpg\" class=\"size-medium wp-image-75692\" src=\"https:\/\/www.hoymercedes.com.ar\/principal\/wp-content\/uploads\/2018\/05\/chala-silva.2-620x620.jpg\" alt=\"\" width=\"620\" height=\"620\" srcset=\"https:\/\/www.hoymercedes.com.ar\/principal\/wp-content\/uploads\/2018\/05\/chala-silva.2-620x620.jpg 620w, https:\/\/www.hoymercedes.com.ar\/principal\/wp-content\/uploads\/2018\/05\/chala-silva.2-150x150.jpg 150w, https:\/\/www.hoymercedes.com.ar\/principal\/wp-content\/uploads\/2018\/05\/chala-silva.2.jpg 730w\" sizes=\"auto, (max-width: 620px) 100vw, 620px\" \/><figcaption id=\"caption-attachment-75692\" class=\"wp-caption-text\">Asistencia a vecinos<\/figcaption><\/figure>\n<p>Protecci\u00f3n Civil, a cargo de Estaban Chal\u00e1, asisti\u00f3 a dos vecinos en la madrugada, pero en estos momentos no hay evacuados, instancia que no se descarta en caso de crecer m\u00e1s.<\/p>\n<p>Ante cualquier duda, emergencia o necesidad se recuerda la l\u00ednea de atenci\u00f3n 147, el 911 o cualquier dependencia municipal.<\/p>\n","protected":false},"excerpt":{"rendered":"<p>SI bien la lluvia par\u00f3, el r\u00edo sigui\u00f3 creciendo. Dos factores ser\u00edan las causas: desagote de campos con arrastre de &#8230; <a title=\"No hay evacuados, aunque el r\u00edo no baja y contin\u00faa la asistencia a vecinos\" class=\"read-more\" href=\"https:\/\/www.hoymercedes.com.ar\/principal\/2018\/05\/12\/no-hay-evacuados-aunque-el-rio-no-baja-y-continua-la-asistencia-a-vecinos\/\" aria-label=\"Leer m\u00e1s sobre No hay evacuados, aunque el r\u00edo no baja y contin\u00faa la asistencia a vecinos\">Leer m\u00e1s<\/a><\/p>\n","protected":false},"author":1,"featured_media":75692,"comment_status":"closed","ping_status":"open","sticky":false,"template":"","format":"standard","meta":{"_monsterinsights_skip_tracking":false,"_monsterinsights_sitenote_active":false,"_monsterinsights_sitenote_note":"","_monsterinsights_sitenote_category":0,"jetpack_post_was_ever_published":false,"_jetpack_newsletter_access":"","_jetpack_dont_email_post_to_subs":false,"_jetpack_newsletter_tier_id":0,"_jetpack_memberships_contains_paywalled_content":false,"_jetpack_memberships_contains_paid_content":false,"footnotes":"","jetpack_publicize_message":"","jetpack_publicize_feature_enabled":true,"jetpack_social_post_already_shared":true,"jetpack_social_options":{"image_generator_settings":{"template":"highway","default_image_id":0,"font":"","enabled":false},"version":2},"_wpas_customize_per_network":false},"categories":[30],"tags":[2312,6193,10,244,402],"class_list":["post-75691","post","type-post","status-publish","format-standard","has-post-thumbnail","hentry","category-municipio","tag-cuenca-rio-lujan","tag-evacuados","tag-mercedes","tag-municipio-2","tag-rio-lujan","generate-columns","tablet-grid-50","mobile-grid-100","grid-parent","grid-50"],"jetpack_publicize_connections":[],"jetpack_featured_media_url":"https:\/\/www.hoymercedes.com.ar\/principal\/wp-content\/uploads\/2018\/05\/chala-silva.2.jpg","wps_subtitle":"Protecci\u00f3n Civil","jetpack_sharing_enabled":true,"_links":{"self":[{"href":"https:\/\/www.hoymercedes.com.ar\/principal\/wp-json\/wp\/v2\/posts\/75691","targetHints":{"allow":["GET"]}}],"collection":[{"href":"https:\/\/www.hoymercedes.com.ar\/principal\/wp-json\/wp\/v2\/posts"}],"about":[{"href":"https:\/\/www.hoymercedes.com.ar\/principal\/wp-json\/wp\/v2\/types\/post"}],"author":[{"embeddable":true,"href":"https:\/\/www.hoymercedes.com.ar\/principal\/wp-json\/wp\/v2\/users\/1"}],"replies":[{"embeddable":true,"href":"https:\/\/www.hoymercedes.com.ar\/principal\/wp-json\/wp\/v2\/comments?post=75691"}],"version-history":[{"count":0,"href":"https:\/\/www.hoymercedes.com.ar\/principal\/wp-json\/wp\/v2\/posts\/75691\/revisions"}],"wp:featuredmedia":[{"embeddable":true,"href":"https:\/\/www.hoymercedes.com.ar\/principal\/wp-json\/wp\/v2\/media\/75692"}],"wp:attachment":[{"href":"https:\/\/www.hoymercedes.com.ar\/principal\/wp-json\/wp\/v2\/media?parent=75691"}],"wp:term":[{"taxonomy":"category","embeddable":true,"href":"https:\/\/www.hoymercedes.com.ar\/principal\/wp-json\/wp\/v2\/categories?post=75691"},{"taxonomy":"post_tag","embeddable":true,"href":"https:\/\/www.hoymercedes.com.ar\/principal\/wp-json\/wp\/v2\/tags?post=75691"}],"curies":[{"name":"wp","href":"https:\/\/api.w.org\/{rel}","templated":true}]}}