{"id":75701,"date":"2018-05-12T19:00:00","date_gmt":"2018-05-12T22:00:00","guid":{"rendered":"http:\/\/www.hoymercedes.com.ar\/principal\/?p=75701"},"modified":"2018-05-13T10:05:40","modified_gmt":"2018-05-13T13:05:40","slug":"lagrimas-de-recife-por-oscar-dinova","status":"publish","type":"post","link":"https:\/\/www.hoymercedes.com.ar\/principal\/2018\/05\/12\/lagrimas-de-recife-por-oscar-dinova\/","title":{"rendered":"\u00abL\u00e1grimas de Recife\u00bb por Oscar Dinova"},"content":{"rendered":"<p style=\"text-align: right;\">\u2026malandro, negrito, mulato, marginal, esclavo evadido o loco perdido,<\/p>\n<p style=\"text-align: right;\">con ustedes voy a hacer mi festival\u2026 (\u201cMambemb\u00e9\u201d, de Chico Buarque)<\/p>\n<p><img loading=\"lazy\" decoding=\"async\" data-attachment-id=\"75702\" data-permalink=\"https:\/\/www.hoymercedes.com.ar\/principal\/2018\/05\/12\/lagrimas-de-recife-por-oscar-dinova\/12-recife-casco-historico\/#main\" data-orig-file=\"https:\/\/www.hoymercedes.com.ar\/principal\/wp-content\/uploads\/2018\/05\/12-Recife-Casco-Hist\u00f3rico.jpg\" data-orig-size=\"750,502\" data-comments-opened=\"0\" data-image-meta=\"{&quot;aperture&quot;:&quot;11&quot;,&quot;credit&quot;:&quot;Picasa&quot;,&quot;camera&quot;:&quot;Canon EOS REBEL T5&quot;,&quot;caption&quot;:&quot;&quot;,&quot;created_timestamp&quot;:&quot;1521983698&quot;,&quot;copyright&quot;:&quot;&quot;,&quot;focal_length&quot;:&quot;35&quot;,&quot;iso&quot;:&quot;400&quot;,&quot;shutter_speed&quot;:&quot;0.002&quot;,&quot;title&quot;:&quot;&quot;,&quot;orientation&quot;:&quot;0&quot;}\" data-image-title=\"12 Recife-Casco Hist\u00f3rico\" data-image-description=\"\" data-image-caption=\"\" data-large-file=\"https:\/\/www.hoymercedes.com.ar\/principal\/wp-content\/uploads\/2018\/05\/12-Recife-Casco-Hist\u00f3rico.jpg\" class=\"size-medium wp-image-75702 aligncenter\" src=\"https:\/\/www.hoymercedes.com.ar\/principal\/wp-content\/uploads\/2018\/05\/12-Recife-Casco-Hist\u00f3rico-630x422.jpg\" alt=\"\" width=\"630\" height=\"422\" srcset=\"https:\/\/www.hoymercedes.com.ar\/principal\/wp-content\/uploads\/2018\/05\/12-Recife-Casco-Hist\u00f3rico-630x422.jpg 630w, https:\/\/www.hoymercedes.com.ar\/principal\/wp-content\/uploads\/2018\/05\/12-Recife-Casco-Hist\u00f3rico-150x100.jpg 150w, https:\/\/www.hoymercedes.com.ar\/principal\/wp-content\/uploads\/2018\/05\/12-Recife-Casco-Hist\u00f3rico.jpg 750w\" sizes=\"auto, (max-width: 630px) 100vw, 630px\" \/><\/p>\n<p>Recorrer el casco hist\u00f3rico de la Capital de Pernambuco es adentrarse en la historia misma del viejo Brasil. Callejuelas sin rumbo de envejecidos adoquines irregulares bordeadas de distinguidas mansiones, hoy en abandono, nos llevan a pensar en a\u00f1ejas y fabulosas fortunas; las que crecieron al amparo del az\u00facar.<\/p>\n<p>Las Cortes europeas descubr\u00edan que tras las conquistas y la sumisi\u00f3n de continentes enteros pod\u00edan llegar nuevos sabores para el gris de sus insulsas mesas. El dulzor de cristales blanquecinos que pon\u00edan un agradable sabor a infusiones centenarias como el t\u00e9 venido de China o el subyugante caf\u00e9 de la ignota Etiop\u00eda, fue uno de aquellos descubrimientos que cambiaron las costumbres para siempre.<\/p>\n<p>Cautivante Recife de casas se\u00f1oriales, pintadas en un colorido diverso, propias de la paleta de alg\u00fan artista que quiso llevar el arco iris a las fachadas de una ciudad, que fue, por un tiempo, deseada por el poder holand\u00e9s y el centro del imperio portugu\u00e9s en el verde suelo americano.<\/p>\n<p>Pero no todo fue dulzor en este pasado deslumbrante.<\/p>\n<p>Estas tierras pernambucanas donde las plantas de ca\u00f1a se arraigaron tan profundamente conocieron del dolor y el desarraigo. Producir az\u00facar y riquezas requer\u00eda de muchos brazos y de mucha fuerza. Desmontar la selva, construir ingenios, cortar la le\u00f1a para las calderas y adem\u00e1s plantar y cosechar la ca\u00f1a exig\u00eda sacrificio. Esos brazos y esas manos fueron tra\u00eddos del joven continente africano. Miles, decenas de miles, millones de personas fueron secuestradas en \u00c1frica Occidental para servir de mano de obra forzada en las plantaciones de Am\u00e9rica.<\/p>\n<p>Las bellas playas del Porto de Galinhas, -hoy destino obligado del turismo internacional- fue el lugar elegido por los traficantes de almas para que sus secuestrados pisaran la tierra de los suplicios. Pod\u00edan atravesar a pie los cientos de metros de cristalinas aguas turquesas, que distanciaban a los barcos negreros de las arenas suaves y c\u00e1lidas de la playa.<\/p>\n<p>De los 12 millones de esclavos que fueron raptados durante m\u00e1s de 2 siglos, Brasil tuvo el ingrato honor de ser el destino mayor. Unos 4 millones de ellos, fueron la llave de imp\u00fadicas fortunas, de redundantes fortunas y de rebeld\u00edas sin par. No pocos escaparon a la profundidad del Sertao, ese monte inextricable que alberg\u00f3 a los Kilombos, \u00a0esos poblados ocultos de negros libres, due\u00f1os por primera vez de su destino de hombres.<\/p>\n<p>No ser\u00edan los \u00fanicos, entre mediados del siglo XIX y principios del XX, surgieron los Cangaceiros, peones de los latifundios que hartos de la explotaci\u00f3n y el enga\u00f1o se formaron en milicias rurales contra el poder de turno. Recife no oculta su origen, lo hace suyo. Museos de la esclavitud, de la oligarqu\u00eda rural m\u00e1s ostentosa, de mulatos y cangaceiros, su arte, costumbres y folklore est\u00e1n a la vista de todos, con el orgullo de pertenecer un poco a cada uno de ellos.<\/p>\n<p>Si algo faltara para deslumbrarnos en esta ciudad de los mil colores, est\u00e1n las iglesias y capillas que por docenas amojonan sus plazas y arterias. En sus altares de oro se alberga a\u00fan una verg\u00fcenza mal disimulada, la de haber consentido el secuestro de multitudes para cimentar opulencias bien terrenales. Frontispicios de fe y arquitecturas asombrosas que no pueden maquillar los pecados del silencio y una eucarist\u00eda hueca de valores.<\/p>\n<p>Pero nada resiste al tiempo y sus embates. Toda esa gloria ha sido tamizada por los avatares del destino. Ya nada es ostentaci\u00f3n pero s\u00ed historia. Es su gente, su pueblo, la real heredera de riquezas pasadas. Y nada mejor que disfrutar del Frevo -su m\u00fasica por excelencia-, que testimonia de la aut\u00e9ntica sabrosura de estas latitudes.<\/p>\n<p>Apreciar a sus hombres, ni\u00f1os y mujeres danzar al son de una m\u00fasica original y cadenciosa, verlos evocar dolores y alegr\u00edas, llenarse de colores y peinados, elevar al cielo las plegarias junto a peque\u00f1itos parag\u00fcas que no pretenden ocultar el sol, sino mostrarlo en sus mil matices, es un raro, singular privilegio. Al tiempo que los ojos derraman, como cristalina agua bendita, l\u00e1grimas do Recife que nos piden que nunca podamos olvidarlos.<\/p>\n<p>Oscar Dinova, Escritor &#8211;\u00a0\u201cCr\u00f3nicas de Viaje por Pernambuco\/2018\u201d<\/p>\n","protected":false},"excerpt":{"rendered":"<p>\u2026malandro, negrito, mulato, marginal, esclavo evadido o loco perdido, con ustedes voy a hacer mi festival\u2026 (\u201cMambemb\u00e9\u201d, de Chico Buarque) &#8230; <a title=\"\u00abL\u00e1grimas de Recife\u00bb por Oscar Dinova\" class=\"read-more\" href=\"https:\/\/www.hoymercedes.com.ar\/principal\/2018\/05\/12\/lagrimas-de-recife-por-oscar-dinova\/\" aria-label=\"Leer m\u00e1s sobre \u00abL\u00e1grimas de Recife\u00bb por Oscar Dinova\">Leer m\u00e1s<\/a><\/p>\n","protected":false},"author":1,"featured_media":75702,"comment_status":"closed","ping_status":"open","sticky":false,"template":"","format":"standard","meta":{"_monsterinsights_skip_tracking":false,"_monsterinsights_sitenote_active":false,"_monsterinsights_sitenote_note":"","_monsterinsights_sitenote_category":0,"jetpack_post_was_ever_published":false,"_jetpack_newsletter_access":"","_jetpack_dont_email_post_to_subs":false,"_jetpack_newsletter_tier_id":0,"_jetpack_memberships_contains_paywalled_content":false,"_jetpack_memberships_contains_paid_content":false,"footnotes":"","jetpack_publicize_message":"\"L\u00e1grimas de Recife\" por Oscar Dinova","jetpack_publicize_feature_enabled":true,"jetpack_social_post_already_shared":true,"jetpack_social_options":{"image_generator_settings":{"template":"highway","default_image_id":0,"font":"","enabled":false},"version":2},"_wpas_customize_per_network":false},"categories":[104],"tags":[13076,7805,73,10,1288],"class_list":["post-75701","post","type-post","status-publish","format-standard","has-post-thumbnail","hentry","category-cultura","tag-cronicas-de-viaje","tag-cultura","tag-literatura","tag-mercedes","tag-oscar-dinova","generate-columns","tablet-grid-50","mobile-grid-100","grid-parent","grid-50"],"jetpack_publicize_connections":[],"jetpack_featured_media_url":"https:\/\/www.hoymercedes.com.ar\/principal\/wp-content\/uploads\/2018\/05\/12-Recife-Casco-Hist\u00f3rico.jpg","wps_subtitle":"Cr\u00f3nicas de viaje","jetpack_sharing_enabled":true,"_links":{"self":[{"href":"https:\/\/www.hoymercedes.com.ar\/principal\/wp-json\/wp\/v2\/posts\/75701","targetHints":{"allow":["GET"]}}],"collection":[{"href":"https:\/\/www.hoymercedes.com.ar\/principal\/wp-json\/wp\/v2\/posts"}],"about":[{"href":"https:\/\/www.hoymercedes.com.ar\/principal\/wp-json\/wp\/v2\/types\/post"}],"author":[{"embeddable":true,"href":"https:\/\/www.hoymercedes.com.ar\/principal\/wp-json\/wp\/v2\/users\/1"}],"replies":[{"embeddable":true,"href":"https:\/\/www.hoymercedes.com.ar\/principal\/wp-json\/wp\/v2\/comments?post=75701"}],"version-history":[{"count":0,"href":"https:\/\/www.hoymercedes.com.ar\/principal\/wp-json\/wp\/v2\/posts\/75701\/revisions"}],"wp:featuredmedia":[{"embeddable":true,"href":"https:\/\/www.hoymercedes.com.ar\/principal\/wp-json\/wp\/v2\/media\/75702"}],"wp:attachment":[{"href":"https:\/\/www.hoymercedes.com.ar\/principal\/wp-json\/wp\/v2\/media?parent=75701"}],"wp:term":[{"taxonomy":"category","embeddable":true,"href":"https:\/\/www.hoymercedes.com.ar\/principal\/wp-json\/wp\/v2\/categories?post=75701"},{"taxonomy":"post_tag","embeddable":true,"href":"https:\/\/www.hoymercedes.com.ar\/principal\/wp-json\/wp\/v2\/tags?post=75701"}],"curies":[{"name":"wp","href":"https:\/\/api.w.org\/{rel}","templated":true}]}}