{"id":75708,"date":"2018-05-13T11:30:51","date_gmt":"2018-05-13T14:30:51","guid":{"rendered":"http:\/\/www.hoymercedes.com.ar\/principal\/?p=75708"},"modified":"2018-05-13T10:41:36","modified_gmt":"2018-05-13T13:41:36","slug":"curso-de-rcp-para-afiliados-del-sindicato-de-la-carne","status":"publish","type":"post","link":"https:\/\/www.hoymercedes.com.ar\/principal\/2018\/05\/13\/curso-de-rcp-para-afiliados-del-sindicato-de-la-carne\/","title":{"rendered":"Curso de RCP para afiliados del Sindicato de la Carne"},"content":{"rendered":"<p>Desde el Sindicato de la Carne de Mercedes, desde hace un tiempo hasta esta parte vienen desarrollando una nutrida agenda de actividades y capacitaciones para sus afiliados. Desde ese punto, articulan herramientas con otras entidades y profesionales para que los trabajadores de la industria de la carne obtengan m\u00e1s y mejores beneficios, tal como fuera la importante capacitaci\u00f3n que varios afiliados recibieron sobre salud, seguridad e higiene en el trabajo en la localidad de Villa Carlos Paz, C\u00f3rdoba.<\/p>\n<p><img loading=\"lazy\" decoding=\"async\" data-attachment-id=\"75709\" data-permalink=\"https:\/\/www.hoymercedes.com.ar\/principal\/2018\/05\/13\/curso-de-rcp-para-afiliados-del-sindicato-de-la-carne\/13-sindicato-carne\/#main\" data-orig-file=\"https:\/\/www.hoymercedes.com.ar\/principal\/wp-content\/uploads\/2018\/05\/13-sindicato-carne.jpeg\" data-orig-size=\"746,424\" data-comments-opened=\"0\" data-image-meta=\"{&quot;aperture&quot;:&quot;0&quot;,&quot;credit&quot;:&quot;&quot;,&quot;camera&quot;:&quot;&quot;,&quot;caption&quot;:&quot;&quot;,&quot;created_timestamp&quot;:&quot;0&quot;,&quot;copyright&quot;:&quot;&quot;,&quot;focal_length&quot;:&quot;0&quot;,&quot;iso&quot;:&quot;0&quot;,&quot;shutter_speed&quot;:&quot;0&quot;,&quot;title&quot;:&quot;&quot;,&quot;orientation&quot;:&quot;0&quot;}\" data-image-title=\"13 sindicato carne\" data-image-description=\"\" data-image-caption=\"\" data-large-file=\"https:\/\/www.hoymercedes.com.ar\/principal\/wp-content\/uploads\/2018\/05\/13-sindicato-carne.jpeg\" class=\"size-medium wp-image-75709 aligncenter\" src=\"https:\/\/www.hoymercedes.com.ar\/principal\/wp-content\/uploads\/2018\/05\/13-sindicato-carne-630x358.jpeg\" alt=\"\" width=\"630\" height=\"358\" srcset=\"https:\/\/www.hoymercedes.com.ar\/principal\/wp-content\/uploads\/2018\/05\/13-sindicato-carne-630x358.jpeg 630w, https:\/\/www.hoymercedes.com.ar\/principal\/wp-content\/uploads\/2018\/05\/13-sindicato-carne-150x85.jpeg 150w, https:\/\/www.hoymercedes.com.ar\/principal\/wp-content\/uploads\/2018\/05\/13-sindicato-carne.jpeg 746w\" sizes=\"auto, (max-width: 630px) 100vw, 630px\" \/><\/p>\n<p>En ese marco, durante el d\u00eda mi\u00e9rcoles 9 del corriente mes, se llev\u00f3 a cabo en la sede del Sindicato, ubicada en calle 30 esquina 23, un interesante curso sobre reanimaci\u00f3n cardiopulmonar (RCP). El mismo estuvo a cargo de Diego Menendez, perteneciente al Sindicato Satsaid, y cerca de una decena de trabajadores fueron capacitados.<\/p>\n<p>Al respecto, el secretario general del Sindicato de la Carne de Mercedes, David Amaya, expres\u00f3: \u201cNos llena de satisfacci\u00f3n seguir acercando herramientas para nuestros afiliados, en este caso sobre un tema tan relevante como la salud y la importancia que conlleva que los trabajadores adquieran t\u00e9cnicas de reanimaci\u00f3n cardioplulmonar, que puede llevarlos ni m\u00e1s ni menos que a salvar vidas. Tambi\u00e9n nos gratifica mucho el hecho de poder llevar a cabo acciones coordinadas con compa\u00f1eros de otros gremios, en este caso Satsaid, a quienes agradecemos por el trabajo mancomunado\u00bb.<\/p>\n<p>&nbsp;<\/p>\n<p>Fuente: Prensa Sindicato de la Carne<\/p>\n","protected":false},"excerpt":{"rendered":"<p>Desde el Sindicato de la Carne de Mercedes, desde hace un tiempo hasta esta parte vienen desarrollando una nutrida agenda &#8230; <a title=\"Curso de RCP para afiliados del Sindicato de la Carne\" class=\"read-more\" href=\"https:\/\/www.hoymercedes.com.ar\/principal\/2018\/05\/13\/curso-de-rcp-para-afiliados-del-sindicato-de-la-carne\/\" aria-label=\"Leer m\u00e1s sobre Curso de RCP para afiliados del Sindicato de la Carne\">Leer m\u00e1s<\/a><\/p>\n","protected":false},"author":1,"featured_media":75709,"comment_status":"closed","ping_status":"open","sticky":false,"template":"","format":"standard","meta":{"_monsterinsights_skip_tracking":false,"_monsterinsights_sitenote_active":false,"_monsterinsights_sitenote_note":"","_monsterinsights_sitenote_category":0,"jetpack_post_was_ever_published":false,"_jetpack_newsletter_access":"","_jetpack_dont_email_post_to_subs":false,"_jetpack_newsletter_tier_id":0,"_jetpack_memberships_contains_paywalled_content":false,"_jetpack_memberships_contains_paid_content":false,"footnotes":"","jetpack_publicize_message":"","jetpack_publicize_feature_enabled":true,"jetpack_social_post_already_shared":true,"jetpack_social_options":{"image_generator_settings":{"template":"highway","default_image_id":0,"font":"","enabled":false},"version":2},"_wpas_customize_per_network":false},"categories":[10563],"tags":[8656,11148,10,1789],"class_list":["post-75708","post","type-post","status-publish","format-standard","has-post-thumbnail","hentry","category-gremios-sindicatos","tag-capacitacion","tag-gremio","tag-mercedes","tag-sindicato-de-la-carne","generate-columns","tablet-grid-50","mobile-grid-100","grid-parent","grid-50"],"jetpack_publicize_connections":[],"jetpack_featured_media_url":"https:\/\/www.hoymercedes.com.ar\/principal\/wp-content\/uploads\/2018\/05\/13-sindicato-carne.jpeg","wps_subtitle":"Actividad gremial","jetpack_sharing_enabled":true,"_links":{"self":[{"href":"https:\/\/www.hoymercedes.com.ar\/principal\/wp-json\/wp\/v2\/posts\/75708","targetHints":{"allow":["GET"]}}],"collection":[{"href":"https:\/\/www.hoymercedes.com.ar\/principal\/wp-json\/wp\/v2\/posts"}],"about":[{"href":"https:\/\/www.hoymercedes.com.ar\/principal\/wp-json\/wp\/v2\/types\/post"}],"author":[{"embeddable":true,"href":"https:\/\/www.hoymercedes.com.ar\/principal\/wp-json\/wp\/v2\/users\/1"}],"replies":[{"embeddable":true,"href":"https:\/\/www.hoymercedes.com.ar\/principal\/wp-json\/wp\/v2\/comments?post=75708"}],"version-history":[{"count":0,"href":"https:\/\/www.hoymercedes.com.ar\/principal\/wp-json\/wp\/v2\/posts\/75708\/revisions"}],"wp:featuredmedia":[{"embeddable":true,"href":"https:\/\/www.hoymercedes.com.ar\/principal\/wp-json\/wp\/v2\/media\/75709"}],"wp:attachment":[{"href":"https:\/\/www.hoymercedes.com.ar\/principal\/wp-json\/wp\/v2\/media?parent=75708"}],"wp:term":[{"taxonomy":"category","embeddable":true,"href":"https:\/\/www.hoymercedes.com.ar\/principal\/wp-json\/wp\/v2\/categories?post=75708"},{"taxonomy":"post_tag","embeddable":true,"href":"https:\/\/www.hoymercedes.com.ar\/principal\/wp-json\/wp\/v2\/tags?post=75708"}],"curies":[{"name":"wp","href":"https:\/\/api.w.org\/{rel}","templated":true}]}}