{"id":75724,"date":"2018-05-14T06:06:11","date_gmt":"2018-05-14T09:06:11","guid":{"rendered":"http:\/\/www.hoymercedes.com.ar\/principal\/?p=75724"},"modified":"2018-05-13T23:36:38","modified_gmt":"2018-05-14T02:36:38","slug":"el-centro-de-egresados-del-colegio-nacional-primer-patrimonio-cultural-intangible-de-la-ciudad","status":"publish","type":"post","link":"https:\/\/www.hoymercedes.com.ar\/principal\/2018\/05\/14\/el-centro-de-egresados-del-colegio-nacional-primer-patrimonio-cultural-intangible-de-la-ciudad\/","title":{"rendered":"El Centro de Egresados del Colegio Nacional primer patrimonio cultural intangible de la ciudad"},"content":{"rendered":"<p><em><strong>Por TeCleArte<\/strong> <\/em>&#8211; En la noche del domingo, se hizo efectivo el descubrimiento de la placa que registra la ordenanza municipal que establece al Centro de Egresados del Colegio Nacional como la primera instituci\u00f3n \u00abpatrimonio cultural intangible\u00bb por su aporte cultural a la comunidad mercedina en sus 68 a\u00f1os de funcionamiento donde la m\u00fasica fue central en su aporte.<\/p>\n<figure id=\"attachment_75720\" aria-describedby=\"caption-attachment-75720\" style=\"width: 620px\" class=\"wp-caption aligncenter\"><img loading=\"lazy\" decoding=\"async\" data-attachment-id=\"75720\" data-permalink=\"https:\/\/www.hoymercedes.com.ar\/principal\/2018\/05\/13\/noche-de-pena-en-el-club-quilmes\/14-nacional-cuna\/#main\" data-orig-file=\"https:\/\/www.hoymercedes.com.ar\/principal\/wp-content\/uploads\/2018\/05\/14-nacional-CUNA.jpg\" data-orig-size=\"750,500\" data-comments-opened=\"0\" data-image-meta=\"{&quot;aperture&quot;:&quot;3.5&quot;,&quot;credit&quot;:&quot;&quot;,&quot;camera&quot;:&quot;NIKON D3100&quot;,&quot;caption&quot;:&quot;&quot;,&quot;created_timestamp&quot;:&quot;1526239672&quot;,&quot;copyright&quot;:&quot;&quot;,&quot;focal_length&quot;:&quot;18&quot;,&quot;iso&quot;:&quot;1000&quot;,&quot;shutter_speed&quot;:&quot;0.016666666666667&quot;,&quot;title&quot;:&quot;&quot;,&quot;orientation&quot;:&quot;1&quot;}\" data-image-title=\"14 nacional CUNA\" data-image-description=\"\" data-image-caption=\"&lt;p&gt;Descubrieron la placa el Intendente Ustarroz, la Concejala Burone, y los pianistas Ricardo Espa\u00f1a y Maril\u00fa Bereterbide, ambos integrantes del Centro de Egresados del Colegio Nacional&lt;\/p&gt;\n\" data-large-file=\"https:\/\/www.hoymercedes.com.ar\/principal\/wp-content\/uploads\/2018\/05\/14-nacional-CUNA.jpg\" class=\"size-medium wp-image-75720\" src=\"https:\/\/www.hoymercedes.com.ar\/principal\/wp-content\/uploads\/2018\/05\/14-nacional-CUNA-630x420.jpg\" alt=\"\" width=\"630\" height=\"420\" srcset=\"https:\/\/www.hoymercedes.com.ar\/principal\/wp-content\/uploads\/2018\/05\/14-nacional-CUNA-630x420.jpg 630w, https:\/\/www.hoymercedes.com.ar\/principal\/wp-content\/uploads\/2018\/05\/14-nacional-CUNA-150x100.jpg 150w, https:\/\/www.hoymercedes.com.ar\/principal\/wp-content\/uploads\/2018\/05\/14-nacional-CUNA.jpg 750w\" sizes=\"auto, (max-width: 630px) 100vw, 630px\" \/><figcaption id=\"caption-attachment-75720\" class=\"wp-caption-text\">Descubrieron la placa el Intendente Ustarroz, la Concejala Burone, y los pianistas Ricardo Espa\u00f1a y Maril\u00fa Bereterbide, ambos integrantes del Centro de Egresados del Colegio Nacional<\/figcaption><\/figure>\n<p>Minutos antes del inicio del concierto de piano del estadounidenses Ralph Votapek &#8211; m\u00fasico que act\u00faa en nuestra ciudad desde hace cerca de cincuenta a\u00f1os en cada una de sus giras por el pa\u00eds &#8211; se llev\u00f3 adelante el acto protocolar en donde se le entreg\u00f3 al Centro de Egresados la copia de la ordenanza correspondiente.<\/p>\n<p>El acto presidido por el Intendente Municipal Juan Ignacio Ustarroz, el titular del Centro de Egresados Ricardo Espa\u00f1a, y la presidenta de la Comisi\u00f3n de Patrimonio Cultural y Natural , concejala Celeste Burone, cont\u00f3 con la presencia de los asistentes al concierto gratuito que esperaban el ingreso al sal\u00f3n de actos de la instituci\u00f3n educativa en el hall central donde el busto de Florentino Ameghino recibe diariamente a sus alumnos.<\/p>\n<p>En el acto enmarcado en las actividades por el D\u00eda de los Monumentos, tanto Burone, como Espa\u00f1a y luego Horacio Llanos y el Intendente Ustarroz dirigieron unas palabras previo al descubrimiento de la placa. En nombre de los integrantes del Centro de Egresados, el pianista Ricardo Espa\u00f1a agradeci\u00f3 al Municipio, al Concejo Deliberante, a la Comisi\u00f3n CUNA, por declarar la instituci\u00f3n como \u00abPatrimonio Cultural Intangible\u00bb. \u00abEste es un reconocimiento a la trayectoria que tenemos, son 68 a\u00f1os, y a la trascendencia a la vida cultural mercedina. Algo que nos enorgullece y nos alienta a continuar adelante\u00bb, expres\u00f3 el presidente del Centro de Egresados.<\/p>\n<p>Luego ser\u00eda Horacio Llanos el que tomase la palabra y aprovechase la oportunidad para relacionar los t\u00e9rminos \u00abcultura\u00bb, \u00abpatrimonio\u00bb e \u00abintangible\u00bb. Es as\u00ed que defini\u00f3 cada uno de los t\u00e9rminos de manera sencilla. A la hora de definir los t\u00e9rminos, los relacion\u00f3 con los t\u00e9rminos \u00abcultivo\u00bb y con la \u00abinmaterialidad\u00bb. \u00abEl Centro de Egresados hace 68 a\u00f1os que le aporta a Mercedes el bien inmaterial e intangible de la m\u00fasica, del arte. Cuando el silencio se llena de m\u00fasica. La m\u00fasica es la gu\u00eda que nos transporta a nuestra interioridad de emociones y sensaciones. Es la forma de recibir aquello que es intangible. Es v\u00eda nos lleva hacia donde la sensibilidad de cada uno de nosotros pueda llevarnos\u00bb, resalt\u00f3 Llanos.<\/p>\n<p>El cierre estuvo a cargo del Intendente Ustarroz que resalt\u00f3 \u00abel esfuerzo, el trabajo, el pensar en el bien com\u00fan como lo hace el Centro de Egresados que aporta cultura y arte a la ciudad, un gran valor que desde todos los niveles del estado tenemos que apoyar y acompa\u00f1ar\u00bb y felicit\u00f3 tanto a la instituci\u00f3n que organiza conciertos en el sal\u00f3n de actos de la instituci\u00f3n educativa de avenida 17, como a la comisi\u00f3n que lleva adelante el relevamiento del patrimonio hist\u00f3rico natural y cultural de Mercedes.<\/p>\n<p>Concluidas las palabras de las autoridades, el p\u00fablico ingres\u00f3 a la sala a escuchar la propuesta musical del pianista Votapek. Segundos antes, los integrantes del CECN anunciaron que en el mes de junio llevar\u00e1n adelante un concierto de cuerdas a beneficio de LALCEC y el Hogar Divina Providencia. Ambas instituciones son las encargadas de la venta de las entradas.<\/p>\n<figure id=\"attachment_75721\" aria-describedby=\"caption-attachment-75721\" style=\"width: 620px\" class=\"wp-caption aligncenter\"><img loading=\"lazy\" decoding=\"async\" data-attachment-id=\"75721\" data-permalink=\"https:\/\/www.hoymercedes.com.ar\/principal\/2018\/05\/13\/noche-de-pena-en-el-club-quilmes\/14-nacional-votapek\/#main\" data-orig-file=\"https:\/\/www.hoymercedes.com.ar\/principal\/wp-content\/uploads\/2018\/05\/14-nacional-Votapek.jpg\" data-orig-size=\"750,500\" data-comments-opened=\"0\" data-image-meta=\"{&quot;aperture&quot;:&quot;5.6&quot;,&quot;credit&quot;:&quot;&quot;,&quot;camera&quot;:&quot;NIKON D3100&quot;,&quot;caption&quot;:&quot;&quot;,&quot;created_timestamp&quot;:&quot;1526241425&quot;,&quot;copyright&quot;:&quot;&quot;,&quot;focal_length&quot;:&quot;55&quot;,&quot;iso&quot;:&quot;3200&quot;,&quot;shutter_speed&quot;:&quot;0.05&quot;,&quot;title&quot;:&quot;&quot;,&quot;orientation&quot;:&quot;1&quot;}\" data-image-title=\"14 nacional Votapek\" data-image-description=\"\" data-image-caption=\"&lt;p&gt;Ralph Votapek brind\u00f3 un concierto de piano con entrada libre y gratuita. &lt;\/p&gt;\n\" data-large-file=\"https:\/\/www.hoymercedes.com.ar\/principal\/wp-content\/uploads\/2018\/05\/14-nacional-Votapek.jpg\" class=\"size-medium wp-image-75721\" src=\"https:\/\/www.hoymercedes.com.ar\/principal\/wp-content\/uploads\/2018\/05\/14-nacional-Votapek-630x420.jpg\" alt=\"\" width=\"630\" height=\"420\" srcset=\"https:\/\/www.hoymercedes.com.ar\/principal\/wp-content\/uploads\/2018\/05\/14-nacional-Votapek-630x420.jpg 630w, https:\/\/www.hoymercedes.com.ar\/principal\/wp-content\/uploads\/2018\/05\/14-nacional-Votapek-150x100.jpg 150w, https:\/\/www.hoymercedes.com.ar\/principal\/wp-content\/uploads\/2018\/05\/14-nacional-Votapek.jpg 750w\" sizes=\"auto, (max-width: 630px) 100vw, 630px\" \/><figcaption id=\"caption-attachment-75721\" class=\"wp-caption-text\">Ralph Votapek brind\u00f3 un concierto de piano con entrada libre y gratuita.<\/figcaption><\/figure>\n<p><strong>Historia del CECN<\/strong><\/p>\n<p>El Centro de Egresados del Colegio Nacional fue fundado el 28 de marzo de 1950 y desde aquel entonces viene efectuando m\u00faltiples tareas socio culturales en el a\u00f1o para todos los vecinos. Su primera comisi\u00f3n estuvo presidida por el escribano David Lennard, acompa\u00f1ado por Dr. Rufino Bello en la vice presidencia, Susana Echegoyen en la secretar\u00eda, Escrinana Irma Ariente en la secretar\u00eda de actas, Escribano Miguel Mazzuca en tesorer\u00eda y los vocales Dr. Julio Ojea, Dr Waldemar Dulevich, Dr Tom\u00e1s Wyne, Dr Alberto Reyna, Dr Guillermo Acu\u00f1a Anchorena, Escribano Luis Can\u00e9, Dr Juan Carlos Bojorge y Sr. Francisco Ferrer.<\/p>\n<p>Actualmente, la comisi\u00f3n est\u00e1 conformada por Ricardo Espa\u00f1a en la presidencia, Leticia Acu\u00f1a Anchorena en la vice, Alicia Galiani como secretaria, Ra\u00fal Lima como tesorero, Daniel Rolfo y Horacio Llanos como revisores de cuentas y Marcela Casaretto, Mar\u00eda Teresa Bomagio y Jorge Cordal como vocales. En cuanto a las relaciones institucionales Horacio Llanos est\u00e1 a cargo.<\/p>\n<p>En su fundaci\u00f3n se plante\u00f3 la noci\u00f3n de \u201crealizar una obra de extensi\u00f3n cultural que tenga por centro y asiento el Colegio Nacional, pero destinada al pueblo en general, mantener siempre vivis los sentimientos nacionalistas: amistad y compa\u00f1erismo y adhesi\u00f3n al propio establecimiento\u201d.\u00a0En 68 a\u00f1os de existencia \u2013 fundado en 1950 \u2013 fueron innumerables las actividades que realizaron, tanto dentro como fuera de la instituci\u00f3n.<\/p>\n<p>&nbsp;<\/p>\n<p>&nbsp;<\/p>\n<p>&nbsp;<\/p>\n","protected":false},"excerpt":{"rendered":"<p>Por TeCleArte &#8211; En la noche del domingo, se hizo efectivo el descubrimiento de la placa que registra la ordenanza &#8230; <a title=\"El Centro de Egresados del Colegio Nacional primer patrimonio cultural intangible de la ciudad\" class=\"read-more\" href=\"https:\/\/www.hoymercedes.com.ar\/principal\/2018\/05\/14\/el-centro-de-egresados-del-colegio-nacional-primer-patrimonio-cultural-intangible-de-la-ciudad\/\" aria-label=\"Leer m\u00e1s sobre El Centro de Egresados del Colegio Nacional primer patrimonio cultural intangible de la ciudad\">Leer m\u00e1s<\/a><\/p>\n","protected":false},"author":1,"featured_media":75720,"comment_status":"closed","ping_status":"open","sticky":false,"template":"","format":"standard","meta":{"_monsterinsights_skip_tracking":false,"_monsterinsights_sitenote_active":false,"_monsterinsights_sitenote_note":"","_monsterinsights_sitenote_category":0,"jetpack_post_was_ever_published":false,"_jetpack_newsletter_access":"","_jetpack_dont_email_post_to_subs":false,"_jetpack_newsletter_tier_id":0,"_jetpack_memberships_contains_paywalled_content":false,"_jetpack_memberships_contains_paid_content":false,"footnotes":"","jetpack_publicize_message":"","jetpack_publicize_feature_enabled":true,"jetpack_social_post_already_shared":true,"jetpack_social_options":{"image_generator_settings":{"template":"highway","default_image_id":0,"font":"","enabled":false},"version":2},"_wpas_customize_per_network":false},"categories":[104],"tags":[9525,13070,10722,10,244,13079],"class_list":["post-75724","post","type-post","status-publish","format-standard","has-post-thumbnail","hentry","category-cultura","tag-centro-de-egresados-colegio-nacional","tag-ciclo-proarte","tag-cuna","tag-mercedes","tag-municipio-2","tag-patrimonio-intangible","generate-columns","tablet-grid-50","mobile-grid-100","grid-parent","grid-50"],"jetpack_publicize_connections":[],"jetpack_featured_media_url":"https:\/\/www.hoymercedes.com.ar\/principal\/wp-content\/uploads\/2018\/05\/14-nacional-CUNA.jpg","wps_subtitle":"Propuesto por la Comisi\u00f3n de Patrimonio","jetpack_sharing_enabled":true,"_links":{"self":[{"href":"https:\/\/www.hoymercedes.com.ar\/principal\/wp-json\/wp\/v2\/posts\/75724","targetHints":{"allow":["GET"]}}],"collection":[{"href":"https:\/\/www.hoymercedes.com.ar\/principal\/wp-json\/wp\/v2\/posts"}],"about":[{"href":"https:\/\/www.hoymercedes.com.ar\/principal\/wp-json\/wp\/v2\/types\/post"}],"author":[{"embeddable":true,"href":"https:\/\/www.hoymercedes.com.ar\/principal\/wp-json\/wp\/v2\/users\/1"}],"replies":[{"embeddable":true,"href":"https:\/\/www.hoymercedes.com.ar\/principal\/wp-json\/wp\/v2\/comments?post=75724"}],"version-history":[{"count":0,"href":"https:\/\/www.hoymercedes.com.ar\/principal\/wp-json\/wp\/v2\/posts\/75724\/revisions"}],"wp:featuredmedia":[{"embeddable":true,"href":"https:\/\/www.hoymercedes.com.ar\/principal\/wp-json\/wp\/v2\/media\/75720"}],"wp:attachment":[{"href":"https:\/\/www.hoymercedes.com.ar\/principal\/wp-json\/wp\/v2\/media?parent=75724"}],"wp:term":[{"taxonomy":"category","embeddable":true,"href":"https:\/\/www.hoymercedes.com.ar\/principal\/wp-json\/wp\/v2\/categories?post=75724"},{"taxonomy":"post_tag","embeddable":true,"href":"https:\/\/www.hoymercedes.com.ar\/principal\/wp-json\/wp\/v2\/tags?post=75724"}],"curies":[{"name":"wp","href":"https:\/\/api.w.org\/{rel}","templated":true}]}}