{"id":75780,"date":"2018-05-14T18:52:48","date_gmt":"2018-05-14T21:52:48","guid":{"rendered":"http:\/\/www.hoymercedes.com.ar\/principal\/?p=75780"},"modified":"2018-05-14T16:04:11","modified_gmt":"2018-05-14T19:04:11","slug":"la-juventud-radical-mercedes-presente-en-el-congreso-universitario-del-centenario-de-la-reforma","status":"publish","type":"post","link":"https:\/\/www.hoymercedes.com.ar\/principal\/2018\/05\/14\/la-juventud-radical-mercedes-presente-en-el-congreso-universitario-del-centenario-de-la-reforma\/","title":{"rendered":"La Juventud Radical Mercedes presente en el Congreso Universitario del Centenario de la reforma"},"content":{"rendered":"<p>Al cumplirse los 100 a\u00f1os de la Reforma Universitaria en Argentina, en la ciudad de Rosario se dieron citas miles de j\u00f3venes estudiantes de todas las Universidades Nacionales del pa\u00eds con sus filiaciones pol\u00edticas dentro y fuera de las instituciones de altos estudios.<\/p>\n<p>Es as\u00ed que la Juventud Radical de Mercedes se hizo presente para acompa\u00f1ar las candidaturas de los referentes de Franja Morada que se postulan para dirigir la Federaci\u00f3n Universitaria Argentina. El acompa\u00f1amiento fue para Bernardo Weber, designado por Franja Morada, como candidato a presidente de la Federaci\u00f3n Universitaria Argentina.<\/p>\n<p>Asimismo, en el contexto del 30\u00ba Congreso Ordinario\u00a0 los Centros Estudiantes de Universidades y Facultades de todo el pa\u00eds eligieron a sus representantes. En tanto, en la Facultad de Derecho de la UNR, tuvieron lugar los paneles de discusi\u00f3n donde militantes de todo el arco pol\u00edtico se encontraron para debatir la educaci\u00f3n y el pa\u00eds en vistas al futuro.<\/p>\n<p>&nbsp;<\/p>\n<p><img loading=\"lazy\" decoding=\"async\" data-attachment-id=\"75781\" data-permalink=\"https:\/\/www.hoymercedes.com.ar\/principal\/2018\/05\/14\/la-juventud-radical-mercedes-presente-en-el-congreso-universitario-del-centenario-de-la-reforma\/14-juventud-rad-franja-morada\/#main\" data-orig-file=\"https:\/\/www.hoymercedes.com.ar\/principal\/wp-content\/uploads\/2018\/05\/14-juventud-Rad-Franja-Morada.jpeg\" data-orig-size=\"750,563\" data-comments-opened=\"0\" data-image-meta=\"{&quot;aperture&quot;:&quot;0&quot;,&quot;credit&quot;:&quot;&quot;,&quot;camera&quot;:&quot;&quot;,&quot;caption&quot;:&quot;&quot;,&quot;created_timestamp&quot;:&quot;0&quot;,&quot;copyright&quot;:&quot;&quot;,&quot;focal_length&quot;:&quot;0&quot;,&quot;iso&quot;:&quot;0&quot;,&quot;shutter_speed&quot;:&quot;0&quot;,&quot;title&quot;:&quot;&quot;,&quot;orientation&quot;:&quot;0&quot;}\" data-image-title=\"14 juventud Rad Franja Morada\" data-image-description=\"\" data-image-caption=\"\" data-large-file=\"https:\/\/www.hoymercedes.com.ar\/principal\/wp-content\/uploads\/2018\/05\/14-juventud-Rad-Franja-Morada.jpeg\" class=\"aligncenter size-medium wp-image-75781\" src=\"https:\/\/www.hoymercedes.com.ar\/principal\/wp-content\/uploads\/2018\/05\/14-juventud-Rad-Franja-Morada-630x473.jpeg\" alt=\"\" width=\"630\" height=\"473\" srcset=\"https:\/\/www.hoymercedes.com.ar\/principal\/wp-content\/uploads\/2018\/05\/14-juventud-Rad-Franja-Morada-630x473.jpeg 630w, https:\/\/www.hoymercedes.com.ar\/principal\/wp-content\/uploads\/2018\/05\/14-juventud-Rad-Franja-Morada-150x113.jpeg 150w, https:\/\/www.hoymercedes.com.ar\/principal\/wp-content\/uploads\/2018\/05\/14-juventud-Rad-Franja-Morada.jpeg 750w\" sizes=\"auto, (max-width: 630px) 100vw, 630px\" \/><\/p>\n","protected":false},"excerpt":{"rendered":"<p>Al cumplirse los 100 a\u00f1os de la Reforma Universitaria en Argentina, en la ciudad de Rosario se dieron citas miles &#8230; <a title=\"La Juventud Radical Mercedes presente en el Congreso Universitario del Centenario de la reforma\" class=\"read-more\" href=\"https:\/\/www.hoymercedes.com.ar\/principal\/2018\/05\/14\/la-juventud-radical-mercedes-presente-en-el-congreso-universitario-del-centenario-de-la-reforma\/\" aria-label=\"Leer m\u00e1s sobre La Juventud Radical Mercedes presente en el Congreso Universitario del Centenario de la reforma\">Leer m\u00e1s<\/a><\/p>\n","protected":false},"author":1,"featured_media":75781,"comment_status":"closed","ping_status":"open","sticky":false,"template":"","format":"standard","meta":{"_monsterinsights_skip_tracking":false,"_monsterinsights_sitenote_active":false,"_monsterinsights_sitenote_note":"","_monsterinsights_sitenote_category":0,"jetpack_post_was_ever_published":false,"_jetpack_newsletter_access":"","_jetpack_dont_email_post_to_subs":false,"_jetpack_newsletter_tier_id":0,"_jetpack_memberships_contains_paywalled_content":false,"_jetpack_memberships_contains_paid_content":false,"footnotes":"","jetpack_publicize_message":"","jetpack_publicize_feature_enabled":true,"jetpack_social_post_already_shared":true,"jetpack_social_options":{"image_generator_settings":{"template":"highway","default_image_id":0,"font":"","enabled":false},"version":2},"_wpas_customize_per_network":false},"categories":[5],"tags":[11409,13089,13088,5782,5319,13087,11690],"class_list":["post-75780","post","type-post","status-publish","format-standard","has-post-thumbnail","hentry","category-politica","tag-educacion-superior","tag-federacion-universitaria","tag-fua","tag-juventud-radical","tag-politica-2","tag-universidad-de-rosario","tag-universidades","generate-columns","tablet-grid-50","mobile-grid-100","grid-parent","grid-50"],"jetpack_publicize_connections":[],"jetpack_featured_media_url":"https:\/\/www.hoymercedes.com.ar\/principal\/wp-content\/uploads\/2018\/05\/14-juventud-Rad-Franja-Morada.jpeg","wps_subtitle":"A 100 a\u00f1os de la Reforma Universitaria","jetpack_sharing_enabled":true,"_links":{"self":[{"href":"https:\/\/www.hoymercedes.com.ar\/principal\/wp-json\/wp\/v2\/posts\/75780","targetHints":{"allow":["GET"]}}],"collection":[{"href":"https:\/\/www.hoymercedes.com.ar\/principal\/wp-json\/wp\/v2\/posts"}],"about":[{"href":"https:\/\/www.hoymercedes.com.ar\/principal\/wp-json\/wp\/v2\/types\/post"}],"author":[{"embeddable":true,"href":"https:\/\/www.hoymercedes.com.ar\/principal\/wp-json\/wp\/v2\/users\/1"}],"replies":[{"embeddable":true,"href":"https:\/\/www.hoymercedes.com.ar\/principal\/wp-json\/wp\/v2\/comments?post=75780"}],"version-history":[{"count":0,"href":"https:\/\/www.hoymercedes.com.ar\/principal\/wp-json\/wp\/v2\/posts\/75780\/revisions"}],"wp:featuredmedia":[{"embeddable":true,"href":"https:\/\/www.hoymercedes.com.ar\/principal\/wp-json\/wp\/v2\/media\/75781"}],"wp:attachment":[{"href":"https:\/\/www.hoymercedes.com.ar\/principal\/wp-json\/wp\/v2\/media?parent=75780"}],"wp:term":[{"taxonomy":"category","embeddable":true,"href":"https:\/\/www.hoymercedes.com.ar\/principal\/wp-json\/wp\/v2\/categories?post=75780"},{"taxonomy":"post_tag","embeddable":true,"href":"https:\/\/www.hoymercedes.com.ar\/principal\/wp-json\/wp\/v2\/tags?post=75780"}],"curies":[{"name":"wp","href":"https:\/\/api.w.org\/{rel}","templated":true}]}}