{"id":75854,"date":"2018-05-16T07:45:49","date_gmt":"2018-05-16T10:45:49","guid":{"rendered":"http:\/\/www.hoymercedes.com.ar\/principal\/?p=75854"},"modified":"2018-05-16T09:43:17","modified_gmt":"2018-05-16T12:43:17","slug":"reparan-y-cambian-parte-de-la-red-cloacal-en-tres-avenidas","status":"publish","type":"post","link":"https:\/\/www.hoymercedes.com.ar\/principal\/2018\/05\/16\/reparan-y-cambian-parte-de-la-red-cloacal-en-tres-avenidas\/","title":{"rendered":"Reparan y cambian parte de la red cloacal en \u00abTres Avenidas\u00bb"},"content":{"rendered":"<div>\n<figure id=\"attachment_75855\" aria-describedby=\"caption-attachment-75855\" style=\"width: 720px\" class=\"wp-caption aligncenter\"><img loading=\"lazy\" decoding=\"async\" data-attachment-id=\"75855\" data-permalink=\"https:\/\/www.hoymercedes.com.ar\/principal\/2018\/05\/16\/reparan-y-cambian-parte-de-la-red-cloacal-en-tres-avenidas\/2-5\/#main\" data-orig-file=\"https:\/\/www.hoymercedes.com.ar\/principal\/wp-content\/uploads\/2018\/05\/2.jpeg\" data-orig-size=\"730,973\" data-comments-opened=\"0\" data-image-meta=\"{&quot;aperture&quot;:&quot;0&quot;,&quot;credit&quot;:&quot;&quot;,&quot;camera&quot;:&quot;&quot;,&quot;caption&quot;:&quot;&quot;,&quot;created_timestamp&quot;:&quot;0&quot;,&quot;copyright&quot;:&quot;&quot;,&quot;focal_length&quot;:&quot;0&quot;,&quot;iso&quot;:&quot;0&quot;,&quot;shutter_speed&quot;:&quot;0&quot;,&quot;title&quot;:&quot;&quot;,&quot;orientation&quot;:&quot;0&quot;}\" data-image-title=\"reparacion cloaca\" data-image-description=\"\" data-image-caption=\"&lt;p&gt;Reparaci\u00f3n de Cloacas&lt;\/p&gt;\n\" data-large-file=\"https:\/\/www.hoymercedes.com.ar\/principal\/wp-content\/uploads\/2018\/05\/2.jpeg\" class=\"wp-image-75855 size-full\" src=\"https:\/\/www.hoymercedes.com.ar\/principal\/wp-content\/uploads\/2018\/05\/2.jpeg\" alt=\"\" width=\"730\" height=\"973\" srcset=\"https:\/\/www.hoymercedes.com.ar\/principal\/wp-content\/uploads\/2018\/05\/2.jpeg 730w, https:\/\/www.hoymercedes.com.ar\/principal\/wp-content\/uploads\/2018\/05\/2-113x150.jpeg 113w, https:\/\/www.hoymercedes.com.ar\/principal\/wp-content\/uploads\/2018\/05\/2-465x620.jpeg 465w\" sizes=\"auto, (max-width: 730px) 100vw, 730px\" \/><figcaption id=\"caption-attachment-75855\" class=\"wp-caption-text\">Reparaci\u00f3n de Cloacas<\/figcaption><\/figure>\n<\/div>\n<div><\/div>\n<div>El pasado s\u00e1bado se anunci\u00f3 el inicio de trabajos por parte de la Secretar\u00eda de Obras de una reparaci\u00f3n a fondo de una rotura de ca\u00f1os y hundimiento en calle 27 entre 4 y 6, siendo una zona que desde hace tiempo se viene trabajando dada su estructura a\u00f1eja y de crecimiento poblacional. El mal clima viene atrasando algunas tareas, por eso la celeridad no bien ces\u00f3 la ca\u00edda de agua.<\/div>\n<div><\/div>\n<div>Vale recordar que en ese espacio se efectu\u00f3 el a\u00f1o pasado una renovaci\u00f3n grande la red fina de agua, dando presi\u00f3n y mejoras en la cantidad y calidad del suministro, habiendo sido un reclamo de a\u00f1os de toda la barriada, como as\u00ed tambi\u00e9n varias acciones en el marco del plan municipal de bacheo.<\/div>\n<div><\/div>\n<div>En esta ocasi\u00f3n el Ing. Lucas Navas, coordinador del \u00e1rea, remarc\u00f3 que \u201cel s\u00e1bado actuamos en la filtraci\u00f3n y destrucci\u00f3n del \u00e1rea y r\u00e1pidamente iniciamos los trabajos de reparaci\u00f3n\u201d cont\u00f3 y destac\u00f3 que \u201cmuy r\u00e1pidamente ten\u00edamos el tema solucionado y en 48hs el n\u00facleo de conflicto terminado. Ahora nos queda repavimentar los espacios del pavimento abiertos para poder cambiar los 100 metros de ca\u00f1o que estaban fuera de servicios\u201d, coment\u00f3.<\/div>\n<div><img loading=\"lazy\" decoding=\"async\" data-attachment-id=\"75856\" data-permalink=\"https:\/\/www.hoymercedes.com.ar\/principal\/2018\/05\/16\/reparan-y-cambian-parte-de-la-red-cloacal-en-tres-avenidas\/4-6\/#main\" data-orig-file=\"https:\/\/www.hoymercedes.com.ar\/principal\/wp-content\/uploads\/2018\/05\/4.jpeg\" data-orig-size=\"730,411\" data-comments-opened=\"0\" data-image-meta=\"{&quot;aperture&quot;:&quot;0&quot;,&quot;credit&quot;:&quot;&quot;,&quot;camera&quot;:&quot;&quot;,&quot;caption&quot;:&quot;&quot;,&quot;created_timestamp&quot;:&quot;0&quot;,&quot;copyright&quot;:&quot;&quot;,&quot;focal_length&quot;:&quot;0&quot;,&quot;iso&quot;:&quot;0&quot;,&quot;shutter_speed&quot;:&quot;0&quot;,&quot;title&quot;:&quot;&quot;,&quot;orientation&quot;:&quot;0&quot;}\" data-image-title=\"tres avenidas\" data-image-description=\"\" data-image-caption=\"\" data-large-file=\"https:\/\/www.hoymercedes.com.ar\/principal\/wp-content\/uploads\/2018\/05\/4.jpeg\" class=\"aligncenter size-medium wp-image-75856\" src=\"https:\/\/www.hoymercedes.com.ar\/principal\/wp-content\/uploads\/2018\/05\/4-630x355.jpeg\" alt=\"\" width=\"630\" height=\"355\" srcset=\"https:\/\/www.hoymercedes.com.ar\/principal\/wp-content\/uploads\/2018\/05\/4-630x355.jpeg 630w, https:\/\/www.hoymercedes.com.ar\/principal\/wp-content\/uploads\/2018\/05\/4-150x84.jpeg 150w, https:\/\/www.hoymercedes.com.ar\/principal\/wp-content\/uploads\/2018\/05\/4.jpeg 730w\" sizes=\"auto, (max-width: 630px) 100vw, 630px\" \/><\/div>\n<div><\/div>\n<div>Por su parte, el Lic. Alberto Navarrete, destac\u00f3 que \u201chace unas tres semanas detectamos la anomal\u00eda y efectuamos los estudios correspondientes para actuar con celeridad, pero tambi\u00e9n con la seguridad y elementos acordes para dar esta r\u00e1pida soluci\u00f3n\u201d, destac\u00f3 ante los medios.<\/div>\n<div><\/div>\n<div><\/div>\n<div>La intervenci\u00f3n dio tranquilidad a todos los vecinos que vieron el servicio de cloacas r\u00e1pidamente restituido y, desde la intervenci\u00f3n, mejorado, en momentos en que la lluvia no para desde hace casi 20 d\u00edas en Mercedes y cada una de las actividades en el aire libre se ven sumamente perjudicadas.<\/div>\n<div><\/div>\n<div><span style=\"color: #808080;\">Fuente: Municipio<\/span><\/div>\n","protected":false},"excerpt":{"rendered":"<p>El pasado s\u00e1bado se anunci\u00f3 el inicio de trabajos por parte de la Secretar\u00eda de Obras de una reparaci\u00f3n a &#8230; <a title=\"Reparan y cambian parte de la red cloacal en \u00abTres Avenidas\u00bb\" class=\"read-more\" href=\"https:\/\/www.hoymercedes.com.ar\/principal\/2018\/05\/16\/reparan-y-cambian-parte-de-la-red-cloacal-en-tres-avenidas\/\" aria-label=\"Leer m\u00e1s sobre Reparan y cambian parte de la red cloacal en \u00abTres Avenidas\u00bb\">Leer m\u00e1s<\/a><\/p>\n","protected":false},"author":1,"featured_media":75855,"comment_status":"closed","ping_status":"open","sticky":false,"template":"","format":"standard","meta":{"_monsterinsights_skip_tracking":false,"_monsterinsights_sitenote_active":false,"_monsterinsights_sitenote_note":"","_monsterinsights_sitenote_category":0,"jetpack_post_was_ever_published":false,"_jetpack_newsletter_access":"","_jetpack_dont_email_post_to_subs":false,"_jetpack_newsletter_tier_id":0,"_jetpack_memberships_contains_paywalled_content":false,"_jetpack_memberships_contains_paid_content":false,"footnotes":"","jetpack_publicize_message":"","jetpack_publicize_feature_enabled":true,"jetpack_social_post_already_shared":true,"jetpack_social_options":{"image_generator_settings":{"template":"highway","default_image_id":0,"font":"","enabled":false},"version":2},"_wpas_customize_per_network":false},"categories":[30],"tags":[11067,9901,244,12682,5554],"class_list":["post-75854","post","type-post","status-publish","format-standard","has-post-thumbnail","hentry","category-municipio","tag-barrio-tres-avenidas","tag-cloacas","tag-municipio-2","tag-navarrete","tag-secretaria-de-obras","generate-columns","tablet-grid-50","mobile-grid-100","grid-parent","grid-50"],"jetpack_publicize_connections":[],"jetpack_featured_media_url":"https:\/\/www.hoymercedes.com.ar\/principal\/wp-content\/uploads\/2018\/05\/2.jpeg","wps_subtitle":"Sec. de Obras P\u00fablicas","jetpack_sharing_enabled":true,"_links":{"self":[{"href":"https:\/\/www.hoymercedes.com.ar\/principal\/wp-json\/wp\/v2\/posts\/75854","targetHints":{"allow":["GET"]}}],"collection":[{"href":"https:\/\/www.hoymercedes.com.ar\/principal\/wp-json\/wp\/v2\/posts"}],"about":[{"href":"https:\/\/www.hoymercedes.com.ar\/principal\/wp-json\/wp\/v2\/types\/post"}],"author":[{"embeddable":true,"href":"https:\/\/www.hoymercedes.com.ar\/principal\/wp-json\/wp\/v2\/users\/1"}],"replies":[{"embeddable":true,"href":"https:\/\/www.hoymercedes.com.ar\/principal\/wp-json\/wp\/v2\/comments?post=75854"}],"version-history":[{"count":0,"href":"https:\/\/www.hoymercedes.com.ar\/principal\/wp-json\/wp\/v2\/posts\/75854\/revisions"}],"wp:featuredmedia":[{"embeddable":true,"href":"https:\/\/www.hoymercedes.com.ar\/principal\/wp-json\/wp\/v2\/media\/75855"}],"wp:attachment":[{"href":"https:\/\/www.hoymercedes.com.ar\/principal\/wp-json\/wp\/v2\/media?parent=75854"}],"wp:term":[{"taxonomy":"category","embeddable":true,"href":"https:\/\/www.hoymercedes.com.ar\/principal\/wp-json\/wp\/v2\/categories?post=75854"},{"taxonomy":"post_tag","embeddable":true,"href":"https:\/\/www.hoymercedes.com.ar\/principal\/wp-json\/wp\/v2\/tags?post=75854"}],"curies":[{"name":"wp","href":"https:\/\/api.w.org\/{rel}","templated":true}]}}