{"id":75934,"date":"2018-05-17T15:50:00","date_gmt":"2018-05-17T18:50:00","guid":{"rendered":"http:\/\/www.hoymercedes.com.ar\/principal\/?p=75934"},"modified":"2018-05-17T15:50:00","modified_gmt":"2018-05-17T18:50:00","slug":"informe-provincial-la-tasa-de-mortalidad-infantil-bajo-a-95","status":"publish","type":"post","link":"https:\/\/www.hoymercedes.com.ar\/principal\/2018\/05\/17\/informe-provincial-la-tasa-de-mortalidad-infantil-bajo-a-95\/","title":{"rendered":"Informe Provincial: La Tasa de Mortalidad Infantil baj\u00f3 a 9,5"},"content":{"rendered":"<p><em><strong>La gobernadora de la provincia de Buenos Aires, Mar\u00eda Eugenia Vidal, anunci\u00f3 una disminuci\u00f3n de la tasa de mortalidad infantil a 9,5 seg\u00fan cifras del a\u00f1o 2017, que se suman a la tendencia decreciente que hab\u00eda registrado un 9.9 durante el 2016.<\/strong><\/em><\/p>\n<p><img loading=\"lazy\" decoding=\"async\" data-attachment-id=\"75932\" data-permalink=\"https:\/\/www.hoymercedes.com.ar\/principal\/17-mortandad-infantil\/\" data-orig-file=\"https:\/\/www.hoymercedes.com.ar\/principal\/wp-content\/uploads\/2018\/05\/17-mortandad-infantil.jpg\" data-orig-size=\"750,500\" data-comments-opened=\"0\" data-image-meta=\"{&quot;aperture&quot;:&quot;4.5&quot;,&quot;credit&quot;:&quot;Santiago GutierrezEguia&quot;,&quot;camera&quot;:&quot;NIKON D4&quot;,&quot;caption&quot;:&quot;&quot;,&quot;created_timestamp&quot;:&quot;1526555953&quot;,&quot;copyright&quot;:&quot;Foto:Gobiernacion Bs.As.&quot;,&quot;focal_length&quot;:&quot;70&quot;,&quot;iso&quot;:&quot;2000&quot;,&quot;shutter_speed&quot;:&quot;0.004&quot;,&quot;title&quot;:&quot;&quot;,&quot;orientation&quot;:&quot;1&quot;}\" data-image-title=\"17 mortandad infantil\" data-image-description=\"\" data-image-caption=\"\" data-large-file=\"https:\/\/www.hoymercedes.com.ar\/principal\/wp-content\/uploads\/2018\/05\/17-mortandad-infantil.jpg\" class=\"aligncenter size-medium wp-image-75932\" src=\"https:\/\/www.hoymercedes.com.ar\/principal\/wp-content\/uploads\/2018\/05\/17-mortandad-infantil-630x420.jpg\" alt=\"\" width=\"630\" height=\"420\" srcset=\"https:\/\/www.hoymercedes.com.ar\/principal\/wp-content\/uploads\/2018\/05\/17-mortandad-infantil-630x420.jpg 630w, https:\/\/www.hoymercedes.com.ar\/principal\/wp-content\/uploads\/2018\/05\/17-mortandad-infantil-150x100.jpg 150w, https:\/\/www.hoymercedes.com.ar\/principal\/wp-content\/uploads\/2018\/05\/17-mortandad-infantil.jpg 750w\" sizes=\"auto, (max-width: 630px) 100vw, 630px\" \/><\/p>\n<p>\u201cPodemos decir contentos que la tasa ha bajado en la provincia\u201d, indic\u00f3 Vidal en referencia a las cifras que indican un descenso tanto en los casos de mortalidad infantil como en los de mortalidad materna, que pas\u00f3 de 3.4 en 2016 a 2.8 en el 2017.<\/p>\n<p>\u201cComo la mortalidad infantil y materna ha sido siempre una medida de c\u00f3mo est\u00e1 trabajando el sistema de salud y el sistema social de un lugar, hoy estoy muy orgullosa de poder contarles este avance, de poder decirles que hay 229 beb\u00e9s que pudimos salvar y 20 madres que hoy siguen viviendo gracias a los esfuerzos de todos\u201d, asegur\u00f3 durante el anuncio que realiz\u00f3 en Casa de Gobierno junto al ministro de Salud, Andr\u00e9s Scarsi.<\/p>\n<p>\u201cLa baja de estas cifras muestra que estamos mejorando porque hemos recorrido un camino juntos a lo largo de estos a\u00f1os, haber terminado la renovaci\u00f3n de la mitad de las guardias de los hospitales p\u00fablicos y haber puesto un sistema de emergencias con ambulancias SAME, que hoy llega a m\u00e1s de 8 millones de bonaerenses\u201d, destac\u00f3 la gobernadora.<\/p>\n<p>Adem\u00e1s, resalt\u00f3 la tarea que realiza el Ministerio de Salud y distintas \u00e1reas del gobierno provincial: \u201cHicimos un trabajo espec\u00edfico sobre las madres y ni\u00f1os que tiene que ver con fortalecer y capacitar los centros de atenci\u00f3n primaria porque ah\u00ed hacen la primera consulta y se detecta si hay un parto posible de riesgo o no, y en garantizar que las neonatolog\u00edas y centros de alta complejidad est\u00e9n adecuadamente distribuidas\u201d.<\/p>\n<p>Para ello, se implement\u00f3 un sistema en el 2016 para saber cu\u00e1l hab\u00eda sido la causa de cada una de las muertes de acuerdo a las historias cl\u00ednicas. Adem\u00e1s, se profundiz\u00f3 el trabajo desde el sistema de pol\u00edticas sociales para mejorar las condiciones. \u201cHay una mortalidad infantil que se da en el primer a\u00f1o de vida, despu\u00e9s del momento del nacimiento, esos ni\u00f1os mueren por falta de condiciones sanitarias y sociales adecuadas\u201d, remarc\u00f3 Vidal.<\/p>\n<p>Record\u00f3 tambi\u00e9n que desde el a\u00f1o 2015, los beneficiarios de los programas sociales provinciales aumentaron en un 40% y destac\u00f3 que la implementaci\u00f3n del programa \u201cUn vaso de leche por d\u00eda\u201d permite que hoy 360 mil chicos lo reciban en toda la provincia.<\/p>\n<p>\u201cEs un logro no solo del gobierno provincial sino tambi\u00e9n de los gobiernos municipales, de todos los partidos pol\u00edticos, que sostienen el sistema de salud municipal, que tambi\u00e9n es parte de esta mejora. Y es un logro tambi\u00e9n del gobierno nacional que nos ha acompa\u00f1ado con tecnolog\u00eda, con equipamiento, con el plan materno infantil que entrega leche en los centros de salud en toda la provincia\u201d.<\/p>\n<p>De esta manera, la Tasa de Mortalidad Infantil es la m\u00e1s baja registrada en la historia de la Provincia y la Tasa de Mortalidad Materna, con tendencia a la baja, se equipara con el mejor registro obtenido en la Provincia en el a\u00f1o 2013.<\/p>\n<p>Fuente: Direcci\u00f3n Provincial de Comunicaci\u00f3n Externa<\/p>\n<p><img loading=\"lazy\" decoding=\"async\" data-attachment-id=\"75931\" data-permalink=\"https:\/\/www.hoymercedes.com.ar\/principal\/17-maternidad-infantil-y-materna-print\/\" data-orig-file=\"https:\/\/www.hoymercedes.com.ar\/principal\/wp-content\/uploads\/2018\/05\/17-Maternidad-infantil-y-materna-PRINT.jpg\" data-orig-size=\"553,761\" data-comments-opened=\"0\" data-image-meta=\"{&quot;aperture&quot;:&quot;0&quot;,&quot;credit&quot;:&quot;&quot;,&quot;camera&quot;:&quot;&quot;,&quot;caption&quot;:&quot;&quot;,&quot;created_timestamp&quot;:&quot;0&quot;,&quot;copyright&quot;:&quot;&quot;,&quot;focal_length&quot;:&quot;0&quot;,&quot;iso&quot;:&quot;0&quot;,&quot;shutter_speed&quot;:&quot;0&quot;,&quot;title&quot;:&quot;&quot;,&quot;orientation&quot;:&quot;0&quot;}\" data-image-title=\"17 Maternidad infantil y materna-PRINT\" data-image-description=\"\" data-image-caption=\"\" data-large-file=\"https:\/\/www.hoymercedes.com.ar\/principal\/wp-content\/uploads\/2018\/05\/17-Maternidad-infantil-y-materna-PRINT.jpg\" class=\"aligncenter size-medium wp-image-75931\" src=\"https:\/\/www.hoymercedes.com.ar\/principal\/wp-content\/uploads\/2018\/05\/17-Maternidad-infantil-y-materna-PRINT-451x620.jpg\" alt=\"\" width=\"451\" height=\"620\" srcset=\"https:\/\/www.hoymercedes.com.ar\/principal\/wp-content\/uploads\/2018\/05\/17-Maternidad-infantil-y-materna-PRINT-451x620.jpg 451w, https:\/\/www.hoymercedes.com.ar\/principal\/wp-content\/uploads\/2018\/05\/17-Maternidad-infantil-y-materna-PRINT-109x150.jpg 109w, https:\/\/www.hoymercedes.com.ar\/principal\/wp-content\/uploads\/2018\/05\/17-Maternidad-infantil-y-materna-PRINT.jpg 553w\" sizes=\"auto, (max-width: 451px) 100vw, 451px\" \/><\/p>\n","protected":false},"excerpt":{"rendered":"<p>La gobernadora de la provincia de Buenos Aires, Mar\u00eda Eugenia Vidal, anunci\u00f3 una disminuci\u00f3n de la tasa de mortalidad infantil &#8230; <a title=\"Informe Provincial: La Tasa de Mortalidad Infantil baj\u00f3 a 9,5\" class=\"read-more\" href=\"https:\/\/www.hoymercedes.com.ar\/principal\/2018\/05\/17\/informe-provincial-la-tasa-de-mortalidad-infantil-bajo-a-95\/\" aria-label=\"Leer m\u00e1s sobre Informe Provincial: La Tasa de Mortalidad Infantil baj\u00f3 a 9,5\">Leer m\u00e1s<\/a><\/p>\n","protected":false},"author":1,"featured_media":75932,"comment_status":"closed","ping_status":"open","sticky":false,"template":"","format":"standard","meta":{"_monsterinsights_skip_tracking":false,"_monsterinsights_sitenote_active":false,"_monsterinsights_sitenote_note":"","_monsterinsights_sitenote_category":0,"jetpack_post_was_ever_published":false,"_jetpack_newsletter_access":"","_jetpack_dont_email_post_to_subs":false,"_jetpack_newsletter_tier_id":0,"_jetpack_memberships_contains_paywalled_content":false,"_jetpack_memberships_contains_paid_content":false,"footnotes":"","jetpack_publicize_message":"","jetpack_publicize_feature_enabled":true,"jetpack_social_post_already_shared":true,"jetpack_social_options":{"image_generator_settings":{"template":"highway","default_image_id":0,"font":"","enabled":false},"version":2},"_wpas_customize_per_network":false},"categories":[8881],"tags":[10873,1803,134],"class_list":["post-75934","post","type-post","status-publish","format-standard","has-post-thumbnail","hentry","category-provincia","tag-mortandad-infantil","tag-provincia","tag-salud","generate-columns","tablet-grid-50","mobile-grid-100","grid-parent","grid-50"],"jetpack_publicize_connections":[],"jetpack_featured_media_url":"https:\/\/www.hoymercedes.com.ar\/principal\/wp-content\/uploads\/2018\/05\/17-mortandad-infantil.jpg","wps_subtitle":"Registro m\u00e1s bajo ","jetpack_sharing_enabled":true,"_links":{"self":[{"href":"https:\/\/www.hoymercedes.com.ar\/principal\/wp-json\/wp\/v2\/posts\/75934","targetHints":{"allow":["GET"]}}],"collection":[{"href":"https:\/\/www.hoymercedes.com.ar\/principal\/wp-json\/wp\/v2\/posts"}],"about":[{"href":"https:\/\/www.hoymercedes.com.ar\/principal\/wp-json\/wp\/v2\/types\/post"}],"author":[{"embeddable":true,"href":"https:\/\/www.hoymercedes.com.ar\/principal\/wp-json\/wp\/v2\/users\/1"}],"replies":[{"embeddable":true,"href":"https:\/\/www.hoymercedes.com.ar\/principal\/wp-json\/wp\/v2\/comments?post=75934"}],"version-history":[{"count":0,"href":"https:\/\/www.hoymercedes.com.ar\/principal\/wp-json\/wp\/v2\/posts\/75934\/revisions"}],"wp:featuredmedia":[{"embeddable":true,"href":"https:\/\/www.hoymercedes.com.ar\/principal\/wp-json\/wp\/v2\/media\/75932"}],"wp:attachment":[{"href":"https:\/\/www.hoymercedes.com.ar\/principal\/wp-json\/wp\/v2\/media?parent=75934"}],"wp:term":[{"taxonomy":"category","embeddable":true,"href":"https:\/\/www.hoymercedes.com.ar\/principal\/wp-json\/wp\/v2\/categories?post=75934"},{"taxonomy":"post_tag","embeddable":true,"href":"https:\/\/www.hoymercedes.com.ar\/principal\/wp-json\/wp\/v2\/tags?post=75934"}],"curies":[{"name":"wp","href":"https:\/\/api.w.org\/{rel}","templated":true}]}}