{"id":76003,"date":"2018-05-19T13:13:40","date_gmt":"2018-05-19T16:13:40","guid":{"rendered":"http:\/\/www.hoymercedes.com.ar\/principal\/?p=76003"},"modified":"2018-05-19T16:05:58","modified_gmt":"2018-05-19T19:05:58","slug":"intendente-ustarroz-anuncio-la-realizacion-de-desfile-y-fiesta-por-el-25-de-mayo","status":"publish","type":"post","link":"https:\/\/www.hoymercedes.com.ar\/principal\/2018\/05\/19\/intendente-ustarroz-anuncio-la-realizacion-de-desfile-y-fiesta-por-el-25-de-mayo\/","title":{"rendered":"Intendente Ustarroz anunci\u00f3 la realizaci\u00f3n de desfile y fiesta por el 25 de mayo"},"content":{"rendered":"<figure id=\"attachment_76004\" aria-describedby=\"caption-attachment-76004\" style=\"width: 610px\" class=\"wp-caption aligncenter\"><img loading=\"lazy\" decoding=\"async\" data-attachment-id=\"76004\" data-permalink=\"https:\/\/www.hoymercedes.com.ar\/principal\/2018\/05\/19\/intendente-ustarroz-anuncio-la-realizacion-de-desfile-y-fiesta-por-el-25-de-mayo\/desfile-2018\/#main\" data-orig-file=\"https:\/\/www.hoymercedes.com.ar\/principal\/wp-content\/uploads\/2018\/05\/Desfile-2018.jpeg\" data-orig-size=\"1280,1280\" data-comments-opened=\"0\" data-image-meta=\"{&quot;aperture&quot;:&quot;0&quot;,&quot;credit&quot;:&quot;&quot;,&quot;camera&quot;:&quot;&quot;,&quot;caption&quot;:&quot;&quot;,&quot;created_timestamp&quot;:&quot;0&quot;,&quot;copyright&quot;:&quot;&quot;,&quot;focal_length&quot;:&quot;0&quot;,&quot;iso&quot;:&quot;0&quot;,&quot;shutter_speed&quot;:&quot;0&quot;,&quot;title&quot;:&quot;&quot;,&quot;orientation&quot;:&quot;0&quot;}\" data-image-title=\"Desfile-2018\" data-image-description=\"\" data-image-caption=\"&lt;p&gt;Invitaci\u00f3n al desfile del 25 de mayo&lt;\/p&gt;\n\" data-large-file=\"https:\/\/www.hoymercedes.com.ar\/principal\/wp-content\/uploads\/2018\/05\/Desfile-2018-1024x1024.jpeg\" class=\"size-medium wp-image-76004\" src=\"https:\/\/www.hoymercedes.com.ar\/principal\/wp-content\/uploads\/2018\/05\/Desfile-2018-620x620.jpeg\" alt=\"\" width=\"620\" height=\"620\" srcset=\"https:\/\/www.hoymercedes.com.ar\/principal\/wp-content\/uploads\/2018\/05\/Desfile-2018-620x620.jpeg 620w, https:\/\/www.hoymercedes.com.ar\/principal\/wp-content\/uploads\/2018\/05\/Desfile-2018-150x150.jpeg 150w, https:\/\/www.hoymercedes.com.ar\/principal\/wp-content\/uploads\/2018\/05\/Desfile-2018-1024x1024.jpeg 1024w, https:\/\/www.hoymercedes.com.ar\/principal\/wp-content\/uploads\/2018\/05\/Desfile-2018.jpeg 1280w\" sizes=\"auto, (max-width: 620px) 100vw, 620px\" \/><figcaption id=\"caption-attachment-76004\" class=\"wp-caption-text\">Invitaci\u00f3n al desfile del 25 de mayo<\/figcaption><\/figure>\n<p>El intendente de nuestra ciudad, el Dr. Juan Ignacio Ustarroz, anunci\u00f3 el Desfile c\u00edvico-militar que conmemorar\u00e1 un nuevo aniversario de la revoluci\u00f3n de Mayo. El tradicional desfile se llevar\u00e1 adelante el d\u00eda viernes 25 de mayo, a partir de las 14:00 horas, sobre avenida 29. \u201cLa idea es convocar a toda la comunidad, las escuelas, los clubes, las instituciones de bien p\u00fablico y ofrecer un conjunto de actividades desde las \u00e1reas de Cultura y Desarrollo Social para que las familias disfruten, no solo del desfile, sino tambi\u00e9n de otras actividades que se llevar\u00e1n a cabo en la plaza San Mart\u00edn\u201d expres\u00f3 el primer mandatario, Ustarroz.<\/p>\n<p>Adem\u00e1s, sostuvo \u201cInvitamos a todos los mercedinos a que se acerquen a disfrutar de lo que ser\u00e1 una verdadera fiesta popular\u201d e\u00a0 inform\u00f3 \u201cprevio al desfile realizaremos el tedeum a las 11:00 horas\u201d.<\/p>\n<p>Por otro lado, indic\u00f3 \u201cGendarmer\u00eda confirm\u00f3 que ser\u00e1 parte del desfile\u201d y habr\u00e1 adem\u00e1s \u201cclubes de jubilados entregando chocolate, estudiantes secundarios \u2013a trav\u00e9s de los centros de estudiantes- vendiendo tortas y postres y actividades que podr\u00e1n ser disfrutadas por toda la familia\u201d.<\/p>\n<p>En Plaza San Mart\u00edn habr\u00e1 propuestas recreativas, de entretenimiento, culturales, para que la familia disfrute un d\u00eda distinto.<\/p>\n<p>En el anuncio estuvieron presentes, el secretario de Gobierno, Juan Pablo L\u00f3pez, la Secretaria de Desarrollo Social, Lic. Jorgelina Silva y Luc\u00eda Capaccio, Directora de Cultura, qui\u00e9n anticip\u00f3: \u201cEste a\u00f1o decidimos convocar a todos los centros culturales de nuestra ciudad e instituciones. Ellos, que son los protagonistas de la cultura de Mercedes, ser\u00e1n los que estar\u00e1n a cargo del cierre de este a\u00f1o\u201d.<\/p>\n<p>Y agreg\u00f3 \u201cest\u00e1n muy contentos, est\u00e1n ensayando y poniendo a punto, lo que ser\u00e1 seguramente, una gran sorpresa\u201d.<\/p>\n","protected":false},"excerpt":{"rendered":"<p>El intendente de nuestra ciudad, el Dr. Juan Ignacio Ustarroz, anunci\u00f3 el Desfile c\u00edvico-militar que conmemorar\u00e1 un nuevo aniversario de &#8230; <a title=\"Intendente Ustarroz anunci\u00f3 la realizaci\u00f3n de desfile y fiesta por el 25 de mayo\" class=\"read-more\" href=\"https:\/\/www.hoymercedes.com.ar\/principal\/2018\/05\/19\/intendente-ustarroz-anuncio-la-realizacion-de-desfile-y-fiesta-por-el-25-de-mayo\/\" aria-label=\"Leer m\u00e1s sobre Intendente Ustarroz anunci\u00f3 la realizaci\u00f3n de desfile y fiesta por el 25 de mayo\">Leer m\u00e1s<\/a><\/p>\n","protected":false},"author":1,"featured_media":0,"comment_status":"closed","ping_status":"open","sticky":false,"template":"","format":"standard","meta":{"_monsterinsights_skip_tracking":false,"_monsterinsights_sitenote_active":false,"_monsterinsights_sitenote_note":"","_monsterinsights_sitenote_category":0,"jetpack_post_was_ever_published":false,"_jetpack_newsletter_access":"","_jetpack_dont_email_post_to_subs":false,"_jetpack_newsletter_tier_id":0,"_jetpack_memberships_contains_paywalled_content":false,"_jetpack_memberships_contains_paid_content":false,"footnotes":"","jetpack_publicize_message":"","jetpack_publicize_feature_enabled":true,"jetpack_social_post_already_shared":true,"jetpack_social_options":{"image_generator_settings":{"template":"highway","default_image_id":0,"font":"","enabled":false},"version":2},"_wpas_customize_per_network":false},"categories":[30],"tags":[13124,774,10,244],"class_list":["post-76003","post","type-post","status-publish","format-standard","hentry","category-municipio","tag-anuncio-oficial","tag-desfile-25-de-mayo","tag-mercedes","tag-municipio-2","generate-columns","tablet-grid-50","mobile-grid-100","grid-parent","grid-50"],"jetpack_publicize_connections":[],"jetpack_featured_media_url":"","wps_subtitle":"Para toda la familia","jetpack_sharing_enabled":true,"_links":{"self":[{"href":"https:\/\/www.hoymercedes.com.ar\/principal\/wp-json\/wp\/v2\/posts\/76003","targetHints":{"allow":["GET"]}}],"collection":[{"href":"https:\/\/www.hoymercedes.com.ar\/principal\/wp-json\/wp\/v2\/posts"}],"about":[{"href":"https:\/\/www.hoymercedes.com.ar\/principal\/wp-json\/wp\/v2\/types\/post"}],"author":[{"embeddable":true,"href":"https:\/\/www.hoymercedes.com.ar\/principal\/wp-json\/wp\/v2\/users\/1"}],"replies":[{"embeddable":true,"href":"https:\/\/www.hoymercedes.com.ar\/principal\/wp-json\/wp\/v2\/comments?post=76003"}],"version-history":[{"count":0,"href":"https:\/\/www.hoymercedes.com.ar\/principal\/wp-json\/wp\/v2\/posts\/76003\/revisions"}],"wp:attachment":[{"href":"https:\/\/www.hoymercedes.com.ar\/principal\/wp-json\/wp\/v2\/media?parent=76003"}],"wp:term":[{"taxonomy":"category","embeddable":true,"href":"https:\/\/www.hoymercedes.com.ar\/principal\/wp-json\/wp\/v2\/categories?post=76003"},{"taxonomy":"post_tag","embeddable":true,"href":"https:\/\/www.hoymercedes.com.ar\/principal\/wp-json\/wp\/v2\/tags?post=76003"}],"curies":[{"name":"wp","href":"https:\/\/api.w.org\/{rel}","templated":true}]}}