{"id":76011,"date":"2018-05-20T10:00:28","date_gmt":"2018-05-20T13:00:28","guid":{"rendered":"http:\/\/www.hoymercedes.com.ar\/principal\/?p=76011"},"modified":"2018-05-20T09:30:19","modified_gmt":"2018-05-20T12:30:19","slug":"planifican-realizar-obras-en-acceso-manuel-sanmartin","status":"publish","type":"post","link":"https:\/\/www.hoymercedes.com.ar\/principal\/2018\/05\/20\/planifican-realizar-obras-en-acceso-manuel-sanmartin\/","title":{"rendered":"Planifican realizar obras en Acceso Manuel Sanmart\u00edn"},"content":{"rendered":"<div><img loading=\"lazy\" decoding=\"async\" data-attachment-id=\"63304\" data-permalink=\"https:\/\/www.hoymercedes.com.ar\/principal\/2017\/05\/30\/la-nueva-ordenanza-de-estacionamiento-centrico-regira-desde-el-19-de-junio\/30-clara-zunino\/#main\" data-orig-file=\"https:\/\/www.hoymercedes.com.ar\/principal\/wp-content\/uploads\/2017\/05\/30-Clara-Zunino.jpg\" data-orig-size=\"630,421\" data-comments-opened=\"0\" data-image-meta=\"{&quot;aperture&quot;:&quot;0&quot;,&quot;credit&quot;:&quot;???????????????????&quot;,&quot;camera&quot;:&quot;&quot;,&quot;caption&quot;:&quot;????????????????????????????????????&quot;,&quot;created_timestamp&quot;:&quot;0&quot;,&quot;copyright&quot;:&quot;Sebastian Ambrossio_&quot;,&quot;focal_length&quot;:&quot;0&quot;,&quot;iso&quot;:&quot;0&quot;,&quot;shutter_speed&quot;:&quot;0&quot;,&quot;title&quot;:&quot;&quot;,&quot;orientation&quot;:&quot;0&quot;}\" data-image-title=\"30 Clara-Zunino\" data-image-description=\"\" data-image-caption=\"\" data-large-file=\"https:\/\/www.hoymercedes.com.ar\/principal\/wp-content\/uploads\/2017\/05\/30-Clara-Zunino.jpg\" class=\"aligncenter size-medium wp-image-63304\" src=\"https:\/\/www.hoymercedes.com.ar\/principal\/wp-content\/uploads\/2017\/05\/30-Clara-Zunino-630x421.jpg\" alt=\"\" width=\"630\" height=\"421\" srcset=\"https:\/\/www.hoymercedes.com.ar\/principal\/wp-content\/uploads\/2017\/05\/30-Clara-Zunino.jpg 630w, https:\/\/www.hoymercedes.com.ar\/principal\/wp-content\/uploads\/2017\/05\/30-Clara-Zunino-150x100.jpg 150w, https:\/\/www.hoymercedes.com.ar\/principal\/wp-content\/uploads\/2017\/05\/30-Clara-Zunino-300x200.jpg 300w\" sizes=\"auto, (max-width: 630px) 100vw, 630px\" \/><\/div>\n<div><\/div>\n<div>En el marco del proyecto de infraestructura vial 2018-2019, la secretar\u00eda de seguridad a cargo en forma interina de la Clara Zunino, ha anunciado que en breve se comenzar\u00e1n a realizar trabajos de mejoramiento del Acceso Manuel Sanmart\u00edn.<\/div>\n<div><\/div>\n<div>\u201cEs un acceso muy importante para la ciudad y necesitamos demarcarlo y dotarlo de infraestructura para prevenir los siniestros viales\u201d, explic\u00f3 Zunino y dio cuenta que hasta el 31 de mayo se reciben las ofertas para la primera etapa del plan de demarcaci\u00f3n vial previsto para este a\u00f1o y el primer semestre el pr\u00f3ximo.<\/div>\n<div><\/div>\n<div>\u201cHace algunos meses y por pedido expreso del intendente Ustarroz, elaboramos un plan de demarcaci\u00f3n horizontal en calles de doble circulaci\u00f3n y con un alto flujo de tr\u00e1nsito. Ello en cumplimiento del Manual de Se\u00f1alamiento Horizontal de la Direcci\u00f3n de Vialidad Nacional aprobado por Resoluci\u00f3n 2501\/2012\u201d, precis\u00f3 la funcionaria quien destac\u00f3 que el presupuesto oficial es de casi 3 millones pesos.<\/div>\n<div><\/div>\n<div>\u201cNo solamente se tiene previsto demarcar con l\u00edneas divisorias y dos l\u00edneas laterales tal cual lo establece la normativa vigente; sino que tambi\u00e9n mejoraremos la iluminaci\u00f3n y delimitaremos la bicisenda con tachas y delineadores viales\u201d, sostuvo.<\/div>\n<div><\/div>\n<div>En total ser\u00e1n casi 4 kil\u00f3metros de trabajo desde la ruta 5 hasta la avenida 2. \u201cAntes que ello \u2013destac\u00f3 Zunino- se va a realizar un plan de bacheo para dejar el acceso Sanmart\u00edn en perfecto estado\u201d, sostuvo.<\/div>\n<div><\/div>\n<div>El proyecto de infraestructura vial \u2013que concluir\u00e1 el a\u00f1o pr\u00f3ximo- tiene previsto realizar obras similares en la calle 11 desde la avenida 2 hasta la calle 118 (poco m\u00e1s de 1 kil\u00f3metro) y dos kil\u00f3metros de demarcaci\u00f3n en la calle 10 desde la 51 hasta la 91.<\/div>\n<div>Tambi\u00e9n se prev\u00e9 la demarcaci\u00f3n de poco m\u00e1s de 2 kil\u00f3metros en la calle 30 \u2013desde su culminaci\u00f3n en la zona del club Estudiantes- hasta la calle 119; por esta hasta la 24 y de ah\u00ed hasta la calle 103. \u201cPriorizamos iniciar este plan en arterias que por diversas circunstancias tengan alto tr\u00e1nsito en dos manos y creo que cualquier persona que conozca Mercedes puede determinar que las zonas escogidas merecen este tipo de demarcaci\u00f3n a la brevedad posible\u201d, concluy\u00f3 Zunino.<\/div>\n<div><\/div>\n<div><strong>Reuni\u00f3n en el HCD<\/strong><\/div>\n<div>El martes la subsecretaria de Seguridad Clara Zunino concurri\u00f3 a la comisi\u00f3n del Concejo a los efectos de explicarles algunas dudas a los concejales. \u201cHemos tenido una reuni\u00f3n muy positiva. Siempre he dicho que estoy dispuesta a venir cuantas veces crean necesario porque los ediles son los representantes de los ciudadanos. Hablamos de muchos temas vinculados a la seguridad vial y les adelant\u00e9 que en breve el Ejecutivo remitir\u00e1 para su tratamiento modificaciones en la ordenanza del estacionamiento medido haci\u00e9ndonos eco de diversos reclamos de los vecinos y otra demarcando la red de tr\u00e1nsito pesado que est\u00e1 muy desactualizada: data del a\u00f1o 1980\u201d, concluy\u00f3 Clara Zunino.<\/div>\n<div><\/div>\n<div><span style=\"color: #808080;\">Fuente: Municipio<\/span><\/div>\n","protected":false},"excerpt":{"rendered":"<p>En el marco del proyecto de infraestructura vial 2018-2019, la secretar\u00eda de seguridad a cargo en forma interina de la &#8230; <a title=\"Planifican realizar obras en Acceso Manuel Sanmart\u00edn\" class=\"read-more\" href=\"https:\/\/www.hoymercedes.com.ar\/principal\/2018\/05\/20\/planifican-realizar-obras-en-acceso-manuel-sanmartin\/\" aria-label=\"Leer m\u00e1s sobre Planifican realizar obras en Acceso Manuel Sanmart\u00edn\">Leer m\u00e1s<\/a><\/p>\n","protected":false},"author":1,"featured_media":63304,"comment_status":"closed","ping_status":"open","sticky":false,"template":"","format":"standard","meta":{"_monsterinsights_skip_tracking":false,"_monsterinsights_sitenote_active":false,"_monsterinsights_sitenote_note":"","_monsterinsights_sitenote_category":0,"jetpack_post_was_ever_published":false,"_jetpack_newsletter_access":"","_jetpack_dont_email_post_to_subs":false,"_jetpack_newsletter_tier_id":0,"_jetpack_memberships_contains_paywalled_content":false,"_jetpack_memberships_contains_paid_content":false,"footnotes":"","jetpack_publicize_message":"","jetpack_publicize_feature_enabled":true,"jetpack_social_post_already_shared":true,"jetpack_social_options":{"image_generator_settings":{"template":"highway","default_image_id":0,"font":"","enabled":false},"version":2},"_wpas_customize_per_network":false},"categories":[30],"tags":[11910,13123,11080],"class_list":["post-76011","post","type-post","status-publish","format-standard","has-post-thumbnail","hentry","category-municipio","tag-clara-zunino","tag-obras-acceso-sanmartin","tag-secretaria-de-seguridad","generate-columns","tablet-grid-50","mobile-grid-100","grid-parent","grid-50"],"jetpack_publicize_connections":[],"jetpack_featured_media_url":"https:\/\/www.hoymercedes.com.ar\/principal\/wp-content\/uploads\/2017\/05\/30-Clara-Zunino.jpg","wps_subtitle":"Secretar\u00eda de Seguridad","jetpack_sharing_enabled":true,"jetpack-related-posts":[{"id":82549,"url":"https:\/\/www.hoymercedes.com.ar\/principal\/2018\/10\/16\/municipio-avanza-en-obra-de-puesta-en-valor-y-demarcacion-vial-en-acceso-sanmartin\/","url_meta":{"origin":76011,"position":0},"title":"Municipio avanza en obra de puesta en valor y demarcaci\u00f3n vial en Acceso Sanmart\u00edn","author":"hoymercedes","date":"16 octubre, 2018","format":false,"excerpt":"Demarcaci\u00f3n vial, refugios de colectivos, luz led, se\u00f1al\u00e9ctica, es parte de las obras que se visualizan en acceso Sanmart\u00edn. El intendente Juan Ignacio Ustarroz recorri\u00f3 junto a la subsecretaria de seguridad municipal los trabajos que se vienen efectuando sobre el Acceso San Mart\u00edn. La puesta en valor de este ingreso\u2026","rel":"","context":"En \u00abMunicipio\u00bb","block_context":{"text":"Municipio","link":"https:\/\/www.hoymercedes.com.ar\/principal\/category\/municipio\/"},"img":{"alt_text":"","src":"https:\/\/i0.wp.com\/www.hoymercedes.com.ar\/principal\/wp-content\/uploads\/2018\/10\/demarcacion-vial-2.jpg?resize=350%2C200&ssl=1","width":350,"height":200,"srcset":"https:\/\/i0.wp.com\/www.hoymercedes.com.ar\/principal\/wp-content\/uploads\/2018\/10\/demarcacion-vial-2.jpg?resize=350%2C200&ssl=1 1x, https:\/\/i0.wp.com\/www.hoymercedes.com.ar\/principal\/wp-content\/uploads\/2018\/10\/demarcacion-vial-2.jpg?resize=525%2C300&ssl=1 1.5x"},"classes":[]},{"id":82456,"url":"https:\/\/www.hoymercedes.com.ar\/principal\/2018\/10\/13\/inician-obra-de-infraestructura-y-seguridad-vial-en-acc-sanmartin\/","url_meta":{"origin":76011,"position":1},"title":"Inician obra de infraestructura y seguridad vial en Acc. Sanmartin","author":"hoymercedes","date":"13 octubre, 2018","format":false,"excerpt":"Durante el fin de semana largo se estar\u00e1n realizando obras de infraestructura en Acceso Sanmartin. La Municipalidad de Mercedes inform\u00f3 que se est\u00e1 trabajando en demarcaci\u00f3n vial y mejoras, tal como fuera licitado tiempo atr\u00e1s. Por tal motivo se solicita circular con precauci\u00f3n. La acci\u00f3n se ejecuta con fondos municipales.\u2026","rel":"","context":"En \u00abMunicipio\u00bb","block_context":{"text":"Municipio","link":"https:\/\/www.hoymercedes.com.ar\/principal\/category\/municipio\/"},"img":{"alt_text":"","src":"https:\/\/i0.wp.com\/www.hoymercedes.com.ar\/principal\/wp-content\/uploads\/2018\/10\/Obra-Acceso-Sanmartin.jpg?resize=350%2C200&ssl=1","width":350,"height":200,"srcset":"https:\/\/i0.wp.com\/www.hoymercedes.com.ar\/principal\/wp-content\/uploads\/2018\/10\/Obra-Acceso-Sanmartin.jpg?resize=350%2C200&ssl=1 1x, https:\/\/i0.wp.com\/www.hoymercedes.com.ar\/principal\/wp-content\/uploads\/2018\/10\/Obra-Acceso-Sanmartin.jpg?resize=525%2C300&ssl=1 1.5x, https:\/\/i0.wp.com\/www.hoymercedes.com.ar\/principal\/wp-content\/uploads\/2018\/10\/Obra-Acceso-Sanmartin.jpg?resize=700%2C400&ssl=1 2x"},"classes":[]},{"id":98417,"url":"https:\/\/www.hoymercedes.com.ar\/principal\/2019\/08\/15\/municipio-avanza-con-demarcacion-vial\/","url_meta":{"origin":76011,"position":2},"title":"Municipio avanza con demarcaci\u00f3n vial","author":"hoymercedes","date":"15 agosto, 2019","format":false,"excerpt":"Demarcaci\u00f3n avenida 29 El Municipio de Mercedes est\u00e1 llevando adelante una importante demarcaci\u00f3n de calles por toda la ciudad que sumar\u00e1 m\u00e1s seguridad vial tanto para transe\u00fantes como automovilistas. Estos trabajos se enmarcan dentro plan de infraestructura vial que viene ejecutando la comuna. \u201cSon tareas muy importantes, por la seguridad\u2026","rel":"","context":"En \u00abMunicipio\u00bb","block_context":{"text":"Municipio","link":"https:\/\/www.hoymercedes.com.ar\/principal\/category\/municipio\/"},"img":{"alt_text":"","src":"https:\/\/i0.wp.com\/www.hoymercedes.com.ar\/principal\/wp-content\/uploads\/2019\/08\/demarcacion2.jpg?resize=350%2C200&ssl=1","width":350,"height":200,"srcset":"https:\/\/i0.wp.com\/www.hoymercedes.com.ar\/principal\/wp-content\/uploads\/2019\/08\/demarcacion2.jpg?resize=350%2C200&ssl=1 1x, https:\/\/i0.wp.com\/www.hoymercedes.com.ar\/principal\/wp-content\/uploads\/2019\/08\/demarcacion2.jpg?resize=525%2C300&ssl=1 1.5x, https:\/\/i0.wp.com\/www.hoymercedes.com.ar\/principal\/wp-content\/uploads\/2019\/08\/demarcacion2.jpg?resize=700%2C400&ssl=1 2x, https:\/\/i0.wp.com\/www.hoymercedes.com.ar\/principal\/wp-content\/uploads\/2019\/08\/demarcacion2.jpg?resize=1050%2C600&ssl=1 3x"},"classes":[]},{"id":194639,"url":"https:\/\/www.hoymercedes.com.ar\/principal\/2026\/04\/14\/municipio-inicio-la-obra-de-jerarquizacion-del-acceso-sanmartin\/","url_meta":{"origin":76011,"position":3},"title":"Municipio inici\u00f3 la obra de jerarquizaci\u00f3n del Acceso Sanmart\u00edn","author":"hoymercedes","date":"14 abril, 2026","format":false,"excerpt":"El municipio ya puso en marcha la obra de jerarquizaci\u00f3n del Acceso Sanmart\u00edn. Luego de que el proyecto fuera abandonado por el gobierno nacional, la comuna complet\u00f3 una etapa previa y hoy ya se trabaja en la nueva fase que incluye la construcci\u00f3n de una rotonda, mejoras en iluminaci\u00f3n, demarcaci\u00f3n,\u2026","rel":"","context":"En \u00abSociedad\u00bb","block_context":{"text":"Sociedad","link":"https:\/\/www.hoymercedes.com.ar\/principal\/category\/sociedad\/"},"img":{"alt_text":"Municipio inici\u00f3 la obra de jerarquizaci\u00f3n del Acceso Sanmart\u00edn","src":"https:\/\/i0.wp.com\/www.hoymercedes.com.ar\/principal\/wp-content\/uploads\/2026\/04\/Obra-AccesoSanmartin.jpg?resize=350%2C200&ssl=1","width":350,"height":200,"srcset":"https:\/\/i0.wp.com\/www.hoymercedes.com.ar\/principal\/wp-content\/uploads\/2026\/04\/Obra-AccesoSanmartin.jpg?resize=350%2C200&ssl=1 1x, https:\/\/i0.wp.com\/www.hoymercedes.com.ar\/principal\/wp-content\/uploads\/2026\/04\/Obra-AccesoSanmartin.jpg?resize=525%2C300&ssl=1 1.5x, https:\/\/i0.wp.com\/www.hoymercedes.com.ar\/principal\/wp-content\/uploads\/2026\/04\/Obra-AccesoSanmartin.jpg?resize=700%2C400&ssl=1 2x, https:\/\/i0.wp.com\/www.hoymercedes.com.ar\/principal\/wp-content\/uploads\/2026\/04\/Obra-AccesoSanmartin.jpg?resize=1050%2C600&ssl=1 3x"},"classes":[]},{"id":165011,"url":"https:\/\/www.hoymercedes.com.ar\/principal\/2023\/07\/25\/inician-importante-obra-en-acceso-sanmartin\/","url_meta":{"origin":76011,"position":4},"title":"Inician importante obra en Acceso Sanmartin","author":"hoymercedes","date":"25 julio, 2023","format":false,"excerpt":"En el marco de la realizaci\u00f3n de obras de infraestructura y mejora de los accesos a la ciudad se se inici\u00f3 la intervenci\u00f3n que generar\u00e1 la jerarquizaci\u00f3n de uno de los principales accesos a nuestra ciudad. D\u00edas atr\u00e1s el intendente Juani Ustarroz hab\u00eda firmado junto a Gustavo H\u00e9ctor Arrieta, administrador\u2026","rel":"","context":"En \u00abMunicipio\u00bb","block_context":{"text":"Municipio","link":"https:\/\/www.hoymercedes.com.ar\/principal\/category\/municipio\/"},"img":{"alt_text":"","src":"https:\/\/i0.wp.com\/www.hoymercedes.com.ar\/principal\/wp-content\/uploads\/2023\/07\/AccesoSanMartin.jpg?resize=350%2C200&ssl=1","width":350,"height":200,"srcset":"https:\/\/i0.wp.com\/www.hoymercedes.com.ar\/principal\/wp-content\/uploads\/2023\/07\/AccesoSanMartin.jpg?resize=350%2C200&ssl=1 1x, https:\/\/i0.wp.com\/www.hoymercedes.com.ar\/principal\/wp-content\/uploads\/2023\/07\/AccesoSanMartin.jpg?resize=525%2C300&ssl=1 1.5x, https:\/\/i0.wp.com\/www.hoymercedes.com.ar\/principal\/wp-content\/uploads\/2023\/07\/AccesoSanMartin.jpg?resize=700%2C400&ssl=1 2x"},"classes":[]},{"id":168931,"url":"https:\/\/www.hoymercedes.com.ar\/principal\/2023\/10\/29\/avanza-obra-en-acceso-manuel-sanmartin\/","url_meta":{"origin":76011,"position":5},"title":"Avanza obra en Acceso Manuel Sanmart\u00edn","author":"hoymercedes","date":"29 octubre, 2023","format":false,"excerpt":"El Municipio de Mercedes con apoyo del Estado Nacional lleva adelante el proyecto de ampliaci\u00f3n del Acceso Manuel Sanmart\u00edn (Acceso Sur). Son 33 cuadras entre las calles 110 y la 168 que ampl\u00eda la calzada, m\u00e1s iluminaci\u00f3n, boulevard y forestaci\u00f3n. \u201cSon 33 cuadras entre la calle 110 y la 168\u2026","rel":"","context":"En \u00abMunicipio\u00bb","block_context":{"text":"Municipio","link":"https:\/\/www.hoymercedes.com.ar\/principal\/category\/municipio\/"},"img":{"alt_text":"","src":"https:\/\/i0.wp.com\/www.hoymercedes.com.ar\/principal\/wp-content\/uploads\/2023\/10\/Pavimento-AccesoSanmartin.2.jpg?resize=350%2C200&ssl=1","width":350,"height":200,"srcset":"https:\/\/i0.wp.com\/www.hoymercedes.com.ar\/principal\/wp-content\/uploads\/2023\/10\/Pavimento-AccesoSanmartin.2.jpg?resize=350%2C200&ssl=1 1x, https:\/\/i0.wp.com\/www.hoymercedes.com.ar\/principal\/wp-content\/uploads\/2023\/10\/Pavimento-AccesoSanmartin.2.jpg?resize=525%2C300&ssl=1 1.5x, https:\/\/i0.wp.com\/www.hoymercedes.com.ar\/principal\/wp-content\/uploads\/2023\/10\/Pavimento-AccesoSanmartin.2.jpg?resize=700%2C400&ssl=1 2x"},"classes":[]}],"_links":{"self":[{"href":"https:\/\/www.hoymercedes.com.ar\/principal\/wp-json\/wp\/v2\/posts\/76011","targetHints":{"allow":["GET"]}}],"collection":[{"href":"https:\/\/www.hoymercedes.com.ar\/principal\/wp-json\/wp\/v2\/posts"}],"about":[{"href":"https:\/\/www.hoymercedes.com.ar\/principal\/wp-json\/wp\/v2\/types\/post"}],"author":[{"embeddable":true,"href":"https:\/\/www.hoymercedes.com.ar\/principal\/wp-json\/wp\/v2\/users\/1"}],"replies":[{"embeddable":true,"href":"https:\/\/www.hoymercedes.com.ar\/principal\/wp-json\/wp\/v2\/comments?post=76011"}],"version-history":[{"count":0,"href":"https:\/\/www.hoymercedes.com.ar\/principal\/wp-json\/wp\/v2\/posts\/76011\/revisions"}],"wp:featuredmedia":[{"embeddable":true,"href":"https:\/\/www.hoymercedes.com.ar\/principal\/wp-json\/wp\/v2\/media\/63304"}],"wp:attachment":[{"href":"https:\/\/www.hoymercedes.com.ar\/principal\/wp-json\/wp\/v2\/media?parent=76011"}],"wp:term":[{"taxonomy":"category","embeddable":true,"href":"https:\/\/www.hoymercedes.com.ar\/principal\/wp-json\/wp\/v2\/categories?post=76011"},{"taxonomy":"post_tag","embeddable":true,"href":"https:\/\/www.hoymercedes.com.ar\/principal\/wp-json\/wp\/v2\/tags?post=76011"}],"curies":[{"name":"wp","href":"https:\/\/api.w.org\/{rel}","templated":true}]}}