{"id":76020,"date":"2018-05-19T20:45:30","date_gmt":"2018-05-19T23:45:30","guid":{"rendered":"http:\/\/www.hoymercedes.com.ar\/principal\/?p=76020"},"modified":"2018-05-19T20:20:41","modified_gmt":"2018-05-19T23:20:41","slug":"mas-de-150-inscriptos-al-curso-de-rcp-organizado-por-proteccion-civil-municipal","status":"publish","type":"post","link":"https:\/\/www.hoymercedes.com.ar\/principal\/2018\/05\/19\/mas-de-150-inscriptos-al-curso-de-rcp-organizado-por-proteccion-civil-municipal\/","title":{"rendered":"M\u00e1s de 150 inscriptos al curso de RCP organizado por Protecci\u00f3n Civil Municipal"},"content":{"rendered":"<figure id=\"attachment_76021\" aria-describedby=\"caption-attachment-76021\" style=\"width: 620px\" class=\"wp-caption aligncenter\"><img loading=\"lazy\" decoding=\"async\" data-attachment-id=\"76021\" data-permalink=\"https:\/\/www.hoymercedes.com.ar\/principal\/2018\/05\/19\/mas-de-150-inscriptos-al-curso-de-rcp-organizado-por-proteccion-civil-municipal\/rcp2\/#main\" data-orig-file=\"https:\/\/www.hoymercedes.com.ar\/principal\/wp-content\/uploads\/2018\/05\/rcp2.jpg\" data-orig-size=\"730,487\" data-comments-opened=\"0\" data-image-meta=\"{&quot;aperture&quot;:&quot;0&quot;,&quot;credit&quot;:&quot;&quot;,&quot;camera&quot;:&quot;&quot;,&quot;caption&quot;:&quot;&quot;,&quot;created_timestamp&quot;:&quot;0&quot;,&quot;copyright&quot;:&quot;&quot;,&quot;focal_length&quot;:&quot;0&quot;,&quot;iso&quot;:&quot;0&quot;,&quot;shutter_speed&quot;:&quot;0&quot;,&quot;title&quot;:&quot;&quot;,&quot;orientation&quot;:&quot;0&quot;}\" data-image-title=\"rcp2\" data-image-description=\"\" data-image-caption=\"&lt;p&gt;Curso RCP&lt;\/p&gt;\n\" data-large-file=\"https:\/\/www.hoymercedes.com.ar\/principal\/wp-content\/uploads\/2018\/05\/rcp2.jpg\" class=\"size-medium wp-image-76021\" src=\"https:\/\/www.hoymercedes.com.ar\/principal\/wp-content\/uploads\/2018\/05\/rcp2-630x420.jpg\" alt=\"\" width=\"630\" height=\"420\" srcset=\"https:\/\/www.hoymercedes.com.ar\/principal\/wp-content\/uploads\/2018\/05\/rcp2-630x420.jpg 630w, https:\/\/www.hoymercedes.com.ar\/principal\/wp-content\/uploads\/2018\/05\/rcp2-150x100.jpg 150w, https:\/\/www.hoymercedes.com.ar\/principal\/wp-content\/uploads\/2018\/05\/rcp2.jpg 730w\" sizes=\"auto, (max-width: 630px) 100vw, 630px\" \/><figcaption id=\"caption-attachment-76021\" class=\"wp-caption-text\">Curso RCP<\/figcaption><\/figure>\n<p>La actividad se llev\u00f3 a cabo en una jornada intensiva este s\u00e1bado en el \u00e1mbito del ex Instituto Unzu\u00e9. Despert\u00f3 gran inter\u00e9s de los mercedinos que se inscribieron previamente.<\/p>\n<p>\u201cEs un curso de primeros auxilios b\u00e1sicos y RCP\u201d cont\u00f3 Esteban Chal\u00e1, director de Protecci\u00f3n Civil de la Municipalidad de Mercedes y afirm\u00f3 que \u201capuntamos a que cada d\u00eda m\u00e1s vecinos tengan conocimientos b\u00e1sicos sobre atenci\u00f3n pre hospitalaria en la v\u00eda p\u00fablica, o si tuvieron un accidente hogare\u00f1o, vinculados a variados aspectos, como fracturas, heridas, traumatismos y el RCP (Resucitaci\u00f3n Cardio Pulmonar) donde adem\u00e1s se ense\u00f1a la maniobra completa para hacerlo correcta y adecuadamente y sobre todo de calidad, como se llama, para que sea efectivo a la hora de cruzarnos ante un caso\u201d coment\u00f3.<\/p>\n<p>M\u00e1s adelante destac\u00f3 que este es el primero, pero se realizar\u00e1n m\u00e1s, la demanda que gener\u00f3 fue enorme y los mercedinos se mostraron ampliamente interesados. \u201cVen\u00edamos haciendo cursos sobre rescate acu\u00e1tico por la importancia que tiene en que la gente est\u00e9 lista para las inundaciones. Ahora abrimos m\u00e1s las tem\u00e1ticas y capacidades a adquirir. Es el primero y realizaremos m\u00e1s, tambi\u00e9n sobre otros especialidades\u201d, cont\u00f3 y mencion\u00f3 que \u201chubo una gran recepci\u00f3n, as\u00ed que estamos muy satisfechos, tambi\u00e9n habla de una necesidad y que los vecinos quieren interiorizarse y participar\u201d<\/p>\n<figure id=\"attachment_76022\" aria-describedby=\"caption-attachment-76022\" style=\"width: 620px\" class=\"wp-caption aligncenter\"><img loading=\"lazy\" decoding=\"async\" data-attachment-id=\"76022\" data-permalink=\"https:\/\/www.hoymercedes.com.ar\/principal\/2018\/05\/19\/mas-de-150-inscriptos-al-curso-de-rcp-organizado-por-proteccion-civil-municipal\/rcp3\/#main\" data-orig-file=\"https:\/\/www.hoymercedes.com.ar\/principal\/wp-content\/uploads\/2018\/05\/rcp3.jpg\" data-orig-size=\"730,487\" data-comments-opened=\"0\" data-image-meta=\"{&quot;aperture&quot;:&quot;0&quot;,&quot;credit&quot;:&quot;&quot;,&quot;camera&quot;:&quot;&quot;,&quot;caption&quot;:&quot;&quot;,&quot;created_timestamp&quot;:&quot;0&quot;,&quot;copyright&quot;:&quot;&quot;,&quot;focal_length&quot;:&quot;0&quot;,&quot;iso&quot;:&quot;0&quot;,&quot;shutter_speed&quot;:&quot;0&quot;,&quot;title&quot;:&quot;&quot;,&quot;orientation&quot;:&quot;0&quot;}\" data-image-title=\"rcp3\" data-image-description=\"\" data-image-caption=\"&lt;p&gt;Presentaci\u00f3n de la jornada&lt;\/p&gt;\n\" data-large-file=\"https:\/\/www.hoymercedes.com.ar\/principal\/wp-content\/uploads\/2018\/05\/rcp3.jpg\" class=\"size-medium wp-image-76022\" src=\"https:\/\/www.hoymercedes.com.ar\/principal\/wp-content\/uploads\/2018\/05\/rcp3-630x420.jpg\" alt=\"\" width=\"630\" height=\"420\" srcset=\"https:\/\/www.hoymercedes.com.ar\/principal\/wp-content\/uploads\/2018\/05\/rcp3-630x420.jpg 630w, https:\/\/www.hoymercedes.com.ar\/principal\/wp-content\/uploads\/2018\/05\/rcp3-150x100.jpg 150w, https:\/\/www.hoymercedes.com.ar\/principal\/wp-content\/uploads\/2018\/05\/rcp3.jpg 730w\" sizes=\"auto, (max-width: 630px) 100vw, 630px\" \/><figcaption id=\"caption-attachment-76022\" class=\"wp-caption-text\">Presentaci\u00f3n de la jornada<\/figcaption><\/figure>\n<p>Quien tambi\u00e9n fue parte de la actividad fue el Jefe de Gabinete, Mat\u00edas Dematei, quien ante las c\u00e1maras coment\u00f3 que \u201ces muy importante este curso. Mientras m\u00e1s estemos capacitados para las distintas emergencias nos va a servir mucho como sociedad y ante cualquier situaci\u00f3n poder dar una mano al pr\u00f3jimo\u201d sostuvo y destac\u00f3 que \u201cel hecho que lo brinde \u00a0Protecci\u00f3n Civil es una garant\u00eda, desde hace un tiempo viene dando claras muestras de sabidur\u00eda y compromiso, profesionalismo y nos ha sido un avance muy grande para el municipio, realmente conocen, est\u00e1n capacitados y abren sus saberes a todos los mercedinos\u201d, sin olvidar que \u201cincluso sirve mucho para que los vecinos en alguna eventualidad se sumen como voluntarios y brindar un servicio al otro, es muy valioso estar preparado. Estamos muy contentes y sin duda se concreta lo que impulsa el intendente Ustarroz y es el hecho de estar compartiendo, con los vecinos, las instituciones, el hacer acciones compartidas todo el tiempo\u201d<\/p>\n<p>Desde la organizaci\u00f3n destacaron el compromiso de los asistentes que desde las 10hs estuvieron presentes, un s\u00e1bado a la ma\u00f1ana, y durante todo el d\u00eda dedicaron su tiempo y ganas en aprender un saber muy valioso para s\u00ed mismo, pero sobre todo para estar presente ante la necesidad del pr\u00f3jimo.<\/p>\n<p>El curso capacitaci\u00f3n se hizo, como corresponde, con todos los elementos necesarios para que adem\u00e1s de teor\u00eda haya una pr\u00e1ctica b\u00e1sica del tema.<\/p>\n<p>Aclararon tambi\u00e9n que la demanda generara colm\u00f3 el llamado \u201csal\u00f3n dorado\u201d del Unzu\u00e9 donde funciona el Centro Universitario Regional Mercedes con lo cual pronto estar\u00e1n abriendo una nueva cursada.<\/p>\n<p>&nbsp;<\/p>\n<p><span style=\"color: #808080;\">Info: Municipio<\/span><\/p>\n","protected":false},"excerpt":{"rendered":"<p>La actividad se llev\u00f3 a cabo en una jornada intensiva este s\u00e1bado en el \u00e1mbito del ex Instituto Unzu\u00e9. Despert\u00f3 &#8230; <a title=\"M\u00e1s de 150 inscriptos al curso de RCP organizado por Protecci\u00f3n Civil Municipal\" class=\"read-more\" href=\"https:\/\/www.hoymercedes.com.ar\/principal\/2018\/05\/19\/mas-de-150-inscriptos-al-curso-de-rcp-organizado-por-proteccion-civil-municipal\/\" aria-label=\"Leer m\u00e1s sobre M\u00e1s de 150 inscriptos al curso de RCP organizado por Protecci\u00f3n Civil Municipal\">Leer m\u00e1s<\/a><\/p>\n","protected":false},"author":1,"featured_media":76021,"comment_status":"closed","ping_status":"open","sticky":false,"template":"","format":"standard","meta":{"_monsterinsights_skip_tracking":false,"_monsterinsights_sitenote_active":false,"_monsterinsights_sitenote_note":"","_monsterinsights_sitenote_category":0,"jetpack_post_was_ever_published":false,"_jetpack_newsletter_access":"","_jetpack_dont_email_post_to_subs":false,"_jetpack_newsletter_tier_id":0,"_jetpack_memberships_contains_paywalled_content":false,"_jetpack_memberships_contains_paid_content":false,"footnotes":"","jetpack_publicize_message":"","jetpack_publicize_feature_enabled":true,"jetpack_social_post_already_shared":true,"jetpack_social_options":{"image_generator_settings":{"template":"highway","default_image_id":0,"font":"","enabled":false},"version":2},"_wpas_customize_per_network":false},"categories":[30],"tags":[13130,3810,197,9122],"class_list":["post-76020","post","type-post","status-publish","format-standard","has-post-thumbnail","hentry","category-municipio","tag-estaban-chala","tag-matias-dematei","tag-municipalidad-de-mercedes","tag-proteccion-civil","generate-columns","tablet-grid-50","mobile-grid-100","grid-parent","grid-50"],"jetpack_publicize_connections":[],"jetpack_featured_media_url":"https:\/\/www.hoymercedes.com.ar\/principal\/wp-content\/uploads\/2018\/05\/rcp2.jpg","wps_subtitle":"Acci\u00f3n comunal","jetpack_sharing_enabled":true,"jetpack-related-posts":[{"id":89935,"url":"https:\/\/www.hoymercedes.com.ar\/principal\/2019\/03\/22\/proteccion-civil-brindo-nueva-capacitacion-en-rcp-y-dea\/","url_meta":{"origin":76020,"position":0},"title":"Protecci\u00f3n Civil brind\u00f3 nueva capacitaci\u00f3n en RCP y DEA","author":"hoymercedes","date":"22 marzo, 2019","format":false,"excerpt":"El \u00e1rea municipal de Protecci\u00f3n Civil realiz\u00f3 un nuevo curso de RCP (reanimaci\u00f3n cardiopulmonar) y uso DEA (desfibrilador externo autom\u00e1tico) en el ex Instituto Unzu\u00e9 (Av. 47 y 26). De esta capacitaci\u00f3n participaron 218 vecinos, todos de manera gratuita. Durante dos horas todos los participantes se vieron totalmente comprometidos con\u2026","rel":"","context":"En \u00abMunicipio\u00bb","block_context":{"text":"Municipio","link":"https:\/\/www.hoymercedes.com.ar\/principal\/category\/municipio\/"},"img":{"alt_text":"","src":"https:\/\/i0.wp.com\/www.hoymercedes.com.ar\/principal\/wp-content\/uploads\/2019\/03\/22-Capacitacion-PC-2.jpeg?resize=350%2C200&ssl=1","width":350,"height":200,"srcset":"https:\/\/i0.wp.com\/www.hoymercedes.com.ar\/principal\/wp-content\/uploads\/2019\/03\/22-Capacitacion-PC-2.jpeg?resize=350%2C200&ssl=1 1x, https:\/\/i0.wp.com\/www.hoymercedes.com.ar\/principal\/wp-content\/uploads\/2019\/03\/22-Capacitacion-PC-2.jpeg?resize=525%2C300&ssl=1 1.5x, https:\/\/i0.wp.com\/www.hoymercedes.com.ar\/principal\/wp-content\/uploads\/2019\/03\/22-Capacitacion-PC-2.jpeg?resize=700%2C400&ssl=1 2x"},"classes":[]},{"id":75390,"url":"https:\/\/www.hoymercedes.com.ar\/principal\/2018\/05\/05\/se-re-programo-el-curso-gratuito-de-rcp\/","url_meta":{"origin":76020,"position":1},"title":"Se re program\u00f3 el curso gratuito de RCP","author":"hoymercedes","date":"5 mayo, 2018","format":false,"excerpt":"\u00a0 Debido a las condiciones clim\u00e1ticas y la tarea de guardia\u00a0constante\u00a0ejercida por Protecci\u00f3n Civil se reprogram\u00f3 el curso gratuito de Respiraci\u00f3n Cardiopulmonar (RCP) y primeros auxilios. El mismo se realizar\u00e1 el s\u00e1bado 19 y domingo 20, en las instalaciones de Desarrollo Social, de calle 47 esquina 26. Este curso es\u2026","rel":"","context":"En \u00abMunicipio\u00bb","block_context":{"text":"Municipio","link":"https:\/\/www.hoymercedes.com.ar\/principal\/category\/municipio\/"},"img":{"alt_text":"","src":"https:\/\/i0.wp.com\/www.hoymercedes.com.ar\/principal\/wp-content\/uploads\/2018\/05\/rcp-reprogramado.jpeg?resize=350%2C200&ssl=1","width":350,"height":200,"srcset":"https:\/\/i0.wp.com\/www.hoymercedes.com.ar\/principal\/wp-content\/uploads\/2018\/05\/rcp-reprogramado.jpeg?resize=350%2C200&ssl=1 1x, https:\/\/i0.wp.com\/www.hoymercedes.com.ar\/principal\/wp-content\/uploads\/2018\/05\/rcp-reprogramado.jpeg?resize=525%2C300&ssl=1 1.5x, https:\/\/i0.wp.com\/www.hoymercedes.com.ar\/principal\/wp-content\/uploads\/2018\/05\/rcp-reprogramado.jpeg?resize=700%2C400&ssl=1 2x"},"classes":[]},{"id":104164,"url":"https:\/\/www.hoymercedes.com.ar\/principal\/2019\/12\/18\/hoy-curso-de-rcp-y-primeros-auxilios-en-agote\/","url_meta":{"origin":76020,"position":2},"title":"Hoy curso de RCP y Primeros auxilios en Agote","author":"hoymercedes","date":"18 diciembre, 2019","format":false,"excerpt":"El \u00e1rea de Protecci\u00f3n Civil de la Municipalidad de Mercedes junto al equipo de salud del CAPS Agote llevar\u00e1 a cabo un nuevo curso de primeros auxilios y RCP (Reanimaci\u00f3n cardiopulmonar) para los vecinos de manera totalmente gratuita. La misma se realizar\u00e1 el mi\u00e9rcoles 18 a las 14:00 en el\u2026","rel":"","context":"En \u00abMunicipio\u00bb","block_context":{"text":"Municipio","link":"https:\/\/www.hoymercedes.com.ar\/principal\/category\/municipio\/"},"img":{"alt_text":"","src":"https:\/\/i0.wp.com\/www.hoymercedes.com.ar\/principal\/wp-content\/uploads\/2016\/08\/31-rcp-1.jpg?resize=350%2C200&ssl=1","width":350,"height":200},"classes":[]},{"id":81723,"url":"https:\/\/www.hoymercedes.com.ar\/principal\/2018\/09\/27\/proteccion-civil-brindara-cursos-gratuitos\/","url_meta":{"origin":76020,"position":3},"title":"Protecci\u00f3n Civil brindar\u00e1 cursos gratuitos","author":"hoymercedes","date":"27 septiembre, 2018","format":false,"excerpt":"Este s\u00e1bado 29 y domingo 30 la Direcci\u00f3n\u00a0de Protecci\u00f3n Civil de la Municipalidad de Mercedes brindar\u00e1 cursos gratuitos y abiertos a la comunidad. Estos cursos se dictar\u00e1n en\u00a0la Secretar\u00eda\u00a0de Desarrollo Social (ex-Instituto Unzu\u00e9) y se entregar\u00e1n certificados. Luego del curso dictado meses atr\u00e1s, el \u00e1rea de Protecci\u00f3n Civil propone una\u2026","rel":"","context":"En \u00abMunicipio\u00bb","block_context":{"text":"Municipio","link":"https:\/\/www.hoymercedes.com.ar\/principal\/category\/municipio\/"},"img":{"alt_text":"","src":"https:\/\/i0.wp.com\/www.hoymercedes.com.ar\/principal\/wp-content\/uploads\/2018\/09\/27-prot-civil-rcp2.jpg?resize=350%2C200&ssl=1","width":350,"height":200,"srcset":"https:\/\/i0.wp.com\/www.hoymercedes.com.ar\/principal\/wp-content\/uploads\/2018\/09\/27-prot-civil-rcp2.jpg?resize=350%2C200&ssl=1 1x, https:\/\/i0.wp.com\/www.hoymercedes.com.ar\/principal\/wp-content\/uploads\/2018\/09\/27-prot-civil-rcp2.jpg?resize=525%2C300&ssl=1 1.5x"},"classes":[]},{"id":173270,"url":"https:\/\/www.hoymercedes.com.ar\/principal\/2024\/02\/24\/exitoso-curso-de-rcp-y-primeros-auxilios-brindado-por-proteccion-civil\/","url_meta":{"origin":76020,"position":4},"title":"Exitoso curso de RCP y primeros auxilios brindado por Protecci\u00f3n Civil","author":"hoymercedes","date":"24 febrero, 2024","format":false,"excerpt":"Un gran inter\u00e9s despert\u00f3 en la ciudadan\u00eda el curso de RCP y primeros auxilios brindado por la Direcci\u00f3n de Protecci\u00f3n Civil de la Municipalidad. Los cupos previstos para este viernes se completaron y en La Trocha se brind\u00f3 la instrucci\u00f3n a las distintas familias participantes. La propuesta es parte de\u2026","rel":"","context":"En \u00abEducaci\u00f3n\u00bb","block_context":{"text":"Educaci\u00f3n","link":"https:\/\/www.hoymercedes.com.ar\/principal\/category\/educacion\/"},"img":{"alt_text":"Un gran inter\u00e9s despert\u00f3 en la ciudadan\u00eda el curso de RCP y primeros auxilios brindado por la Direcci\u00f3n de Protecci\u00f3n Civil de la Municipalidad. Los cupos previstos para este viernes se completaron y en La Trocha se brind\u00f3 la instrucci\u00f3n a las distintas familias participantes.","src":"https:\/\/i0.wp.com\/www.hoymercedes.com.ar\/principal\/wp-content\/uploads\/2024\/02\/DSC_0110.jpg?resize=350%2C200&ssl=1","width":350,"height":200,"srcset":"https:\/\/i0.wp.com\/www.hoymercedes.com.ar\/principal\/wp-content\/uploads\/2024\/02\/DSC_0110.jpg?resize=350%2C200&ssl=1 1x, https:\/\/i0.wp.com\/www.hoymercedes.com.ar\/principal\/wp-content\/uploads\/2024\/02\/DSC_0110.jpg?resize=525%2C300&ssl=1 1.5x, https:\/\/i0.wp.com\/www.hoymercedes.com.ar\/principal\/wp-content\/uploads\/2024\/02\/DSC_0110.jpg?resize=700%2C400&ssl=1 2x, https:\/\/i0.wp.com\/www.hoymercedes.com.ar\/principal\/wp-content\/uploads\/2024\/02\/DSC_0110.jpg?resize=1050%2C600&ssl=1 3x"},"classes":[]},{"id":74856,"url":"https:\/\/www.hoymercedes.com.ar\/principal\/2018\/04\/22\/invitan-a-participar-del-curso-de-rcp-y-primeros-auxilios\/","url_meta":{"origin":76020,"position":5},"title":"Invitan a participar del curso de RCP y primeros auxilios","author":"hoymercedes","date":"22 abril, 2018","format":false,"excerpt":"El \u00e1rea de \"Protecci\u00f3n Civil\" de la Municipalidad de Mercedes capacitar\u00e1 a los vecinos de manera totalmente gratuita. El pr\u00f3ximo mes, se llevar\u00e1 a cabo un nuevo curso de primeros auxilios y RCP (Reanimaci\u00f3n cardiopulmonar). La capacitaci\u00f3n se realizar\u00e1 los d\u00edas s\u00e1bado 5 y domingo 6 de mayo, de 10\u2026","rel":"","context":"En \u00abMunicipio\u00bb","block_context":{"text":"Municipio","link":"https:\/\/www.hoymercedes.com.ar\/principal\/category\/municipio\/"},"img":{"alt_text":"","src":"https:\/\/i0.wp.com\/www.hoymercedes.com.ar\/principal\/wp-content\/uploads\/2018\/04\/22-rcp-proteccion-civil.jpg?resize=350%2C200&ssl=1","width":350,"height":200,"srcset":"https:\/\/i0.wp.com\/www.hoymercedes.com.ar\/principal\/wp-content\/uploads\/2018\/04\/22-rcp-proteccion-civil.jpg?resize=350%2C200&ssl=1 1x, https:\/\/i0.wp.com\/www.hoymercedes.com.ar\/principal\/wp-content\/uploads\/2018\/04\/22-rcp-proteccion-civil.jpg?resize=525%2C300&ssl=1 1.5x"},"classes":[]}],"_links":{"self":[{"href":"https:\/\/www.hoymercedes.com.ar\/principal\/wp-json\/wp\/v2\/posts\/76020","targetHints":{"allow":["GET"]}}],"collection":[{"href":"https:\/\/www.hoymercedes.com.ar\/principal\/wp-json\/wp\/v2\/posts"}],"about":[{"href":"https:\/\/www.hoymercedes.com.ar\/principal\/wp-json\/wp\/v2\/types\/post"}],"author":[{"embeddable":true,"href":"https:\/\/www.hoymercedes.com.ar\/principal\/wp-json\/wp\/v2\/users\/1"}],"replies":[{"embeddable":true,"href":"https:\/\/www.hoymercedes.com.ar\/principal\/wp-json\/wp\/v2\/comments?post=76020"}],"version-history":[{"count":0,"href":"https:\/\/www.hoymercedes.com.ar\/principal\/wp-json\/wp\/v2\/posts\/76020\/revisions"}],"wp:featuredmedia":[{"embeddable":true,"href":"https:\/\/www.hoymercedes.com.ar\/principal\/wp-json\/wp\/v2\/media\/76021"}],"wp:attachment":[{"href":"https:\/\/www.hoymercedes.com.ar\/principal\/wp-json\/wp\/v2\/media?parent=76020"}],"wp:term":[{"taxonomy":"category","embeddable":true,"href":"https:\/\/www.hoymercedes.com.ar\/principal\/wp-json\/wp\/v2\/categories?post=76020"},{"taxonomy":"post_tag","embeddable":true,"href":"https:\/\/www.hoymercedes.com.ar\/principal\/wp-json\/wp\/v2\/tags?post=76020"}],"curies":[{"name":"wp","href":"https:\/\/api.w.org\/{rel}","templated":true}]}}