{"id":76036,"date":"2018-05-19T19:30:20","date_gmt":"2018-05-19T22:30:20","guid":{"rendered":"http:\/\/www.hoymercedes.com.ar\/principal\/?p=76036"},"modified":"2018-05-19T19:22:53","modified_gmt":"2018-05-19T22:22:53","slug":"timbreo-de-cambiemos-con-el-ministro-de-modernizacion","status":"publish","type":"post","link":"https:\/\/www.hoymercedes.com.ar\/principal\/2018\/05\/19\/timbreo-de-cambiemos-con-el-ministro-de-modernizacion\/","title":{"rendered":"Timbreo de Cambiemos con el Ministro de Modernizaci\u00f3n de Naci\u00f3n"},"content":{"rendered":"<p>Durante la ma\u00f1ana de este s\u00e1bado 19 de mayo, Cambiemos llev\u00f3 adelante su timbreo nacional en donde los funcionarios de distintos estamentos. En Mercedes, los integrantes del frente pol\u00edtico que tiene como m\u00e1ximos referentes al Presidente Mauricio Macri y a la Gobernadora Mar\u00eda Eugenia Vidal recorrieron el barrio Trocha junto al Ministro de Modernizaci\u00f3n del Estado Andr\u00e9s Ibarra, un mercedino m\u00e1s se podr\u00eda decir ya que est\u00e1 casado con la mercedina y diputada nacional Carla Picolomini.<\/p>\n<p><img loading=\"lazy\" decoding=\"async\" data-attachment-id=\"76038\" data-permalink=\"https:\/\/www.hoymercedes.com.ar\/principal\/2018\/05\/19\/timbreo-de-cambiemos-con-el-ministro-de-modernizacion\/20-timbreo-cambiemos2\/#main\" data-orig-file=\"https:\/\/www.hoymercedes.com.ar\/principal\/wp-content\/uploads\/2018\/05\/20-timbreo-cambiemos2.jpg\" data-orig-size=\"750,500\" data-comments-opened=\"0\" data-image-meta=\"{&quot;aperture&quot;:&quot;0&quot;,&quot;credit&quot;:&quot;&quot;,&quot;camera&quot;:&quot;&quot;,&quot;caption&quot;:&quot;&quot;,&quot;created_timestamp&quot;:&quot;0&quot;,&quot;copyright&quot;:&quot;&quot;,&quot;focal_length&quot;:&quot;0&quot;,&quot;iso&quot;:&quot;0&quot;,&quot;shutter_speed&quot;:&quot;0&quot;,&quot;title&quot;:&quot;&quot;,&quot;orientation&quot;:&quot;0&quot;}\" data-image-title=\"20 timbreo cambiemos2\" data-image-description=\"\" data-image-caption=\"\" data-large-file=\"https:\/\/www.hoymercedes.com.ar\/principal\/wp-content\/uploads\/2018\/05\/20-timbreo-cambiemos2.jpg\" class=\"aligncenter size-medium wp-image-76038\" src=\"https:\/\/www.hoymercedes.com.ar\/principal\/wp-content\/uploads\/2018\/05\/20-timbreo-cambiemos2-630x420.jpg\" alt=\"\" width=\"630\" height=\"420\" srcset=\"https:\/\/www.hoymercedes.com.ar\/principal\/wp-content\/uploads\/2018\/05\/20-timbreo-cambiemos2-630x420.jpg 630w, https:\/\/www.hoymercedes.com.ar\/principal\/wp-content\/uploads\/2018\/05\/20-timbreo-cambiemos2-150x100.jpg 150w, https:\/\/www.hoymercedes.com.ar\/principal\/wp-content\/uploads\/2018\/05\/20-timbreo-cambiemos2.jpg 750w\" sizes=\"auto, (max-width: 630px) 100vw, 630px\" \/><\/p>\n<p>Durante el timbreo, los concejales de Mercedes Jos\u00e9 \u201cSes\u00f3n\u201d Comesa\u00f1a y Esteban Biagini, as\u00ed como funcionarios locales de organismos nacionales y provinciales como Jorge Aguirre de ANSES, Nicol\u00e1s Far\u00edas de PAMI, Fernando Lapola del Ministerio de Ciencia provincial y Jorge Retegui delegado local del Ministerio de Trabajo Bonaerense, contaron que los vecinos los recibieron muy bien, aunque les plantearon la situaci\u00f3n \u201ccomplicada\u201d en la que viven en materia econ\u00f3mica. No obstante, algunos de los vecinos les aseguraban que \u201csegu\u00edan apostando\u201d a las gestiones nacional y provincial.<\/p>\n<p><img loading=\"lazy\" decoding=\"async\" data-attachment-id=\"76037\" data-permalink=\"https:\/\/www.hoymercedes.com.ar\/principal\/2018\/05\/19\/timbreo-de-cambiemos-con-el-ministro-de-modernizacion\/20-timbreo-cambiemos\/#main\" data-orig-file=\"https:\/\/www.hoymercedes.com.ar\/principal\/wp-content\/uploads\/2018\/05\/20-timbreo-cambiemos.jpg\" data-orig-size=\"750,500\" data-comments-opened=\"0\" data-image-meta=\"{&quot;aperture&quot;:&quot;0&quot;,&quot;credit&quot;:&quot;&quot;,&quot;camera&quot;:&quot;&quot;,&quot;caption&quot;:&quot;&quot;,&quot;created_timestamp&quot;:&quot;0&quot;,&quot;copyright&quot;:&quot;&quot;,&quot;focal_length&quot;:&quot;0&quot;,&quot;iso&quot;:&quot;0&quot;,&quot;shutter_speed&quot;:&quot;0&quot;,&quot;title&quot;:&quot;&quot;,&quot;orientation&quot;:&quot;0&quot;}\" data-image-title=\"20 timbreo cambiemos\" data-image-description=\"\" data-image-caption=\"\" data-large-file=\"https:\/\/www.hoymercedes.com.ar\/principal\/wp-content\/uploads\/2018\/05\/20-timbreo-cambiemos.jpg\" class=\"aligncenter size-medium wp-image-76037\" src=\"https:\/\/www.hoymercedes.com.ar\/principal\/wp-content\/uploads\/2018\/05\/20-timbreo-cambiemos-630x420.jpg\" alt=\"\" width=\"630\" height=\"420\" srcset=\"https:\/\/www.hoymercedes.com.ar\/principal\/wp-content\/uploads\/2018\/05\/20-timbreo-cambiemos-630x420.jpg 630w, https:\/\/www.hoymercedes.com.ar\/principal\/wp-content\/uploads\/2018\/05\/20-timbreo-cambiemos-150x100.jpg 150w, https:\/\/www.hoymercedes.com.ar\/principal\/wp-content\/uploads\/2018\/05\/20-timbreo-cambiemos.jpg 750w\" sizes=\"auto, (max-width: 630px) 100vw, 630px\" \/><\/p>\n","protected":false},"excerpt":{"rendered":"<p>Durante la ma\u00f1ana de este s\u00e1bado 19 de mayo, Cambiemos llev\u00f3 adelante su timbreo nacional en donde los funcionarios de &#8230; <a title=\"Timbreo de Cambiemos con el Ministro de Modernizaci\u00f3n de Naci\u00f3n\" class=\"read-more\" href=\"https:\/\/www.hoymercedes.com.ar\/principal\/2018\/05\/19\/timbreo-de-cambiemos-con-el-ministro-de-modernizacion\/\" aria-label=\"Leer m\u00e1s sobre Timbreo de Cambiemos con el Ministro de Modernizaci\u00f3n de Naci\u00f3n\">Leer m\u00e1s<\/a><\/p>\n","protected":false},"author":1,"featured_media":76037,"comment_status":"closed","ping_status":"open","sticky":false,"template":"","format":"standard","meta":{"_monsterinsights_skip_tracking":false,"_monsterinsights_sitenote_active":false,"_monsterinsights_sitenote_note":"","_monsterinsights_sitenote_category":0,"jetpack_post_was_ever_published":false,"_jetpack_newsletter_access":"","_jetpack_dont_email_post_to_subs":false,"_jetpack_newsletter_tier_id":0,"_jetpack_memberships_contains_paywalled_content":false,"_jetpack_memberships_contains_paid_content":false,"footnotes":"","jetpack_publicize_message":"","jetpack_publicize_feature_enabled":true,"jetpack_social_post_already_shared":true,"jetpack_social_options":{"image_generator_settings":{"template":"highway","default_image_id":0,"font":"","enabled":false},"version":2},"_wpas_customize_per_network":false},"categories":[5],"tags":[7492,10,13133,5319,10150],"class_list":["post-76036","post","type-post","status-publish","format-standard","has-post-thumbnail","hentry","category-politica","tag-frente-cambiemos","tag-mercedes","tag-ministro-de-modernizacion-del-estado","tag-politica-2","tag-timbreo","generate-columns","tablet-grid-50","mobile-grid-100","grid-parent","grid-50"],"jetpack_publicize_connections":[],"jetpack_featured_media_url":"https:\/\/www.hoymercedes.com.ar\/principal\/wp-content\/uploads\/2018\/05\/20-timbreo-cambiemos.jpg","wps_subtitle":"En el barrio Trocha","jetpack_sharing_enabled":true,"jetpack-related-posts":[{"id":82132,"url":"https:\/\/www.hoymercedes.com.ar\/principal\/2018\/10\/07\/en-mercedes-timbreo-el-ministro-de-agroindustria-leonardo-sarquis\/","url_meta":{"origin":76036,"position":0},"title":"En Mercedes timbre\u00f3 el Ministro de Agroindustria, Leonardo Sarquis","author":"hoymercedes","date":"7 octubre, 2018","format":false,"excerpt":"En la ma\u00f1ana del s\u00e1bado, los militantes del Frente Cambiemos realizaron un nuevo timbreo, al igual que en toda la provincia. junto al Ministro Provincial de Agroindustria, Leonardo Sarquis, que se hizo presente en el marco de ese timbreo provincial, recorrieron los\u00a0barrios Pe\u00f1aloza y San Jos\u00e9. Concejales de Mercedes, funcionarios\u2026","rel":"","context":"En \u00abPol\u00edtica\u00bb","block_context":{"text":"Pol\u00edtica","link":"https:\/\/www.hoymercedes.com.ar\/principal\/category\/politica\/"},"img":{"alt_text":"","src":"https:\/\/i0.wp.com\/www.hoymercedes.com.ar\/principal\/wp-content\/uploads\/2018\/10\/07-cambiemos-3.jpg?resize=350%2C200&ssl=1","width":350,"height":200,"srcset":"https:\/\/i0.wp.com\/www.hoymercedes.com.ar\/principal\/wp-content\/uploads\/2018\/10\/07-cambiemos-3.jpg?resize=350%2C200&ssl=1 1x, https:\/\/i0.wp.com\/www.hoymercedes.com.ar\/principal\/wp-content\/uploads\/2018\/10\/07-cambiemos-3.jpg?resize=525%2C300&ssl=1 1.5x, https:\/\/i0.wp.com\/www.hoymercedes.com.ar\/principal\/wp-content\/uploads\/2018\/10\/07-cambiemos-3.jpg?resize=700%2C400&ssl=1 2x"},"classes":[]},{"id":57012,"url":"https:\/\/www.hoymercedes.com.ar\/principal\/2016\/11\/13\/cambiemos-timbreo-con-el-ministro-sarquis\/","url_meta":{"origin":76036,"position":1},"title":"Cambiemos \u00abtimbre\u00f3\u00bb con el Ministro Sarquis","author":"hoymercedes","date":"13 noviembre, 2016","format":false,"excerpt":"Mientras el Presidente Mauricio Macri y la Gobernadora Bonaerense Mar\u00eda Eugenia Vidal \"timbreaban\" en la vecina localidad de Suipacha, el s\u00e1bado a la ma\u00f1ana, en Mercedes, el Frente Cambiemos (concejales, funcionarios de organismos provinciales y nacionales y militantes) lo hizo en distintos barrios de la ciudad junto al Ministro de\u2026","rel":"","context":"En \u00abPol\u00edtica\u00bb","block_context":{"text":"Pol\u00edtica","link":"https:\/\/www.hoymercedes.com.ar\/principal\/category\/politica\/"},"img":{"alt_text":"","src":"https:\/\/i0.wp.com\/www.hoymercedes.com.ar\/principal\/wp-content\/uploads\/2016\/11\/13-timbreo-cambiemos-1.jpg?resize=350%2C200&ssl=1","width":350,"height":200,"srcset":"https:\/\/i0.wp.com\/www.hoymercedes.com.ar\/principal\/wp-content\/uploads\/2016\/11\/13-timbreo-cambiemos-1.jpg?resize=350%2C200&ssl=1 1x, https:\/\/i0.wp.com\/www.hoymercedes.com.ar\/principal\/wp-content\/uploads\/2016\/11\/13-timbreo-cambiemos-1.jpg?resize=525%2C300&ssl=1 1.5x"},"classes":[]},{"id":81129,"url":"https:\/\/www.hoymercedes.com.ar\/principal\/2018\/09\/16\/cambiemos-tuvo-su-timbreo-en-el-barrio-eva-duarte\/","url_meta":{"origin":76036,"position":2},"title":"Cambiemos tuvo su timbreo en el barrio  Eva Duarte","author":"hoymercedes","date":"16 septiembre, 2018","format":false,"excerpt":"Durante la jornada del s\u00e1bado \u00faltimo, concejales, funcionarios, referentes y militantes del Frente Cambiemos de Mercedes se sumaron al timbreo nacional. En esta oportunidad recorrieron el\u00a0Barrio Eva Duarte escuchando, hablando con los vecinos. \u00a0","rel":"","context":"En \u00abPol\u00edtica\u00bb","block_context":{"text":"Pol\u00edtica","link":"https:\/\/www.hoymercedes.com.ar\/principal\/category\/politica\/"},"img":{"alt_text":"","src":"https:\/\/i0.wp.com\/www.hoymercedes.com.ar\/principal\/wp-content\/uploads\/2018\/09\/16-cambiemos-timbreo-1.jpg?resize=350%2C200&ssl=1","width":350,"height":200,"srcset":"https:\/\/i0.wp.com\/www.hoymercedes.com.ar\/principal\/wp-content\/uploads\/2018\/09\/16-cambiemos-timbreo-1.jpg?resize=350%2C200&ssl=1 1x, https:\/\/i0.wp.com\/www.hoymercedes.com.ar\/principal\/wp-content\/uploads\/2018\/09\/16-cambiemos-timbreo-1.jpg?resize=525%2C300&ssl=1 1.5x, https:\/\/i0.wp.com\/www.hoymercedes.com.ar\/principal\/wp-content\/uploads\/2018\/09\/16-cambiemos-timbreo-1.jpg?resize=700%2C400&ssl=1 2x"},"classes":[]},{"id":56280,"url":"https:\/\/www.hoymercedes.com.ar\/principal\/2016\/10\/24\/el-frente-cambiemos-tuvo-su-septimo-timbreo\/","url_meta":{"origin":76036,"position":3},"title":"El Frente Cambiemos tuvo su s\u00e9ptimo timbreo","author":"hoymercedes","date":"24 octubre, 2016","format":false,"excerpt":"Luego de la suspensi\u00f3n por lluvias, el s\u00e1bado pasado, voluntarios, militantes, concejales y funcionarios que pertenecen al Frente Cambiemos salieron a las calles a realizar un\u00a0timbreo, tal como lo llevan adelante el gobierno nacional y provincial. Luego de la suspensi\u00f3n por lluvias, el s\u00e1bado 22, voluntarios y funcionarios de Cambiemos\u2026","rel":"","context":"En \u00abPol\u00edtica\u00bb","block_context":{"text":"Pol\u00edtica","link":"https:\/\/www.hoymercedes.com.ar\/principal\/category\/politica\/"},"img":{"alt_text":"","src":"https:\/\/i0.wp.com\/www.hoymercedes.com.ar\/principal\/wp-content\/uploads\/2016\/10\/24-tibreo-cambiemos.jpg?resize=350%2C200&ssl=1","width":350,"height":200,"srcset":"https:\/\/i0.wp.com\/www.hoymercedes.com.ar\/principal\/wp-content\/uploads\/2016\/10\/24-tibreo-cambiemos.jpg?resize=350%2C200&ssl=1 1x, https:\/\/i0.wp.com\/www.hoymercedes.com.ar\/principal\/wp-content\/uploads\/2016\/10\/24-tibreo-cambiemos.jpg?resize=525%2C300&ssl=1 1.5x"},"classes":[]},{"id":81476,"url":"https:\/\/www.hoymercedes.com.ar\/principal\/2018\/09\/23\/timbreo-de-cambiemos-en-el-barrio-las-acacias\/","url_meta":{"origin":76036,"position":4},"title":"Timbreo de Cambiemos en el barrio Las Acacias","author":"hoymercedes","date":"23 septiembre, 2018","format":false,"excerpt":"En la ma\u00f1ana del s\u00e1bado pasado, los concejales y militantes de Cambiemos Mercedes realizaron un nuevo timbreo. En esta oportunidad, recorrieron el barrio Las Acacias con el fin de escuchar y conversar con los vecinos. D\u00edas atr\u00e1s, uno de los vecinos del barrio Las Acacias, plante\u00f3 a trav\u00e9s de una\u2026","rel":"","context":"En \u00abPol\u00edtica\u00bb","block_context":{"text":"Pol\u00edtica","link":"https:\/\/www.hoymercedes.com.ar\/principal\/category\/politica\/"},"img":{"alt_text":"","src":"https:\/\/i0.wp.com\/www.hoymercedes.com.ar\/principal\/wp-content\/uploads\/2018\/09\/23-cambiemos.jpg?resize=350%2C200&ssl=1","width":350,"height":200,"srcset":"https:\/\/i0.wp.com\/www.hoymercedes.com.ar\/principal\/wp-content\/uploads\/2018\/09\/23-cambiemos.jpg?resize=350%2C200&ssl=1 1x, https:\/\/i0.wp.com\/www.hoymercedes.com.ar\/principal\/wp-content\/uploads\/2018\/09\/23-cambiemos.jpg?resize=525%2C300&ssl=1 1.5x, https:\/\/i0.wp.com\/www.hoymercedes.com.ar\/principal\/wp-content\/uploads\/2018\/09\/23-cambiemos.jpg?resize=700%2C400&ssl=1 2x"},"classes":[]},{"id":68076,"url":"https:\/\/www.hoymercedes.com.ar\/principal\/2017\/10\/07\/ministro-de-modernizacion-nacional-volvio-a-timbrear-con-candidatos-locales\/","url_meta":{"origin":76036,"position":5},"title":"Ministro de Modernizaci\u00f3n Nacional volvi\u00f3 a timbrear con candidatos locales","author":"hoymercedes","date":"7 octubre, 2017","format":false,"excerpt":"La relaci\u00f3n cercana que el Ministro de Modernizaci\u00f3n del Estado de Naci\u00f3n, Andr\u00e9s Ibarra, con la ciudad le permite al funcionario hacerse presente en Mercedes a realizar distintos timbreos en el marco de la campa\u00f1a electoral en vista a las elecci\u00f3n del mes de octubre. Este s\u00e1bado, el funcionario recorri\u00f3\u2026","rel":"","context":"En \u00abPol\u00edtica\u00bb","block_context":{"text":"Pol\u00edtica","link":"https:\/\/www.hoymercedes.com.ar\/principal\/category\/politica\/"},"img":{"alt_text":"","src":"https:\/\/i0.wp.com\/www.hoymercedes.com.ar\/principal\/wp-content\/uploads\/2017\/10\/07-ibarra-cambiemos-1.jpg?resize=350%2C200&ssl=1","width":350,"height":200,"srcset":"https:\/\/i0.wp.com\/www.hoymercedes.com.ar\/principal\/wp-content\/uploads\/2017\/10\/07-ibarra-cambiemos-1.jpg?resize=350%2C200&ssl=1 1x, https:\/\/i0.wp.com\/www.hoymercedes.com.ar\/principal\/wp-content\/uploads\/2017\/10\/07-ibarra-cambiemos-1.jpg?resize=525%2C300&ssl=1 1.5x"},"classes":[]}],"_links":{"self":[{"href":"https:\/\/www.hoymercedes.com.ar\/principal\/wp-json\/wp\/v2\/posts\/76036","targetHints":{"allow":["GET"]}}],"collection":[{"href":"https:\/\/www.hoymercedes.com.ar\/principal\/wp-json\/wp\/v2\/posts"}],"about":[{"href":"https:\/\/www.hoymercedes.com.ar\/principal\/wp-json\/wp\/v2\/types\/post"}],"author":[{"embeddable":true,"href":"https:\/\/www.hoymercedes.com.ar\/principal\/wp-json\/wp\/v2\/users\/1"}],"replies":[{"embeddable":true,"href":"https:\/\/www.hoymercedes.com.ar\/principal\/wp-json\/wp\/v2\/comments?post=76036"}],"version-history":[{"count":0,"href":"https:\/\/www.hoymercedes.com.ar\/principal\/wp-json\/wp\/v2\/posts\/76036\/revisions"}],"wp:featuredmedia":[{"embeddable":true,"href":"https:\/\/www.hoymercedes.com.ar\/principal\/wp-json\/wp\/v2\/media\/76037"}],"wp:attachment":[{"href":"https:\/\/www.hoymercedes.com.ar\/principal\/wp-json\/wp\/v2\/media?parent=76036"}],"wp:term":[{"taxonomy":"category","embeddable":true,"href":"https:\/\/www.hoymercedes.com.ar\/principal\/wp-json\/wp\/v2\/categories?post=76036"},{"taxonomy":"post_tag","embeddable":true,"href":"https:\/\/www.hoymercedes.com.ar\/principal\/wp-json\/wp\/v2\/tags?post=76036"}],"curies":[{"name":"wp","href":"https:\/\/api.w.org\/{rel}","templated":true}]}}