{"id":76042,"date":"2018-05-19T19:21:34","date_gmt":"2018-05-19T22:21:34","guid":{"rendered":"http:\/\/www.hoymercedes.com.ar\/principal\/?p=76042"},"modified":"2018-05-19T19:21:34","modified_gmt":"2018-05-19T22:21:34","slug":"dos-aprehendidos-en-estacion-de-tren-por-violar-ley-de-drogas","status":"publish","type":"post","link":"https:\/\/www.hoymercedes.com.ar\/principal\/2018\/05\/19\/dos-aprehendidos-en-estacion-de-tren-por-violar-ley-de-drogas\/","title":{"rendered":"Dos aprehendidos en estaci\u00f3n de tren por violar ley de drogas"},"content":{"rendered":"<figure id=\"attachment_76043\" aria-describedby=\"caption-attachment-76043\" style=\"width: 620px\" class=\"wp-caption aligncenter\"><img loading=\"lazy\" decoding=\"async\" data-attachment-id=\"76043\" data-permalink=\"https:\/\/www.hoymercedes.com.ar\/principal\/2018\/05\/19\/dos-aprehendidos-en-estacion-de-tren-por-violar-ley-de-drogas\/detenidos-marihuana\/#main\" data-orig-file=\"https:\/\/www.hoymercedes.com.ar\/principal\/wp-content\/uploads\/2018\/05\/detenidos-marihuana.jpg\" data-orig-size=\"730,604\" data-comments-opened=\"0\" data-image-meta=\"{&quot;aperture&quot;:&quot;0&quot;,&quot;credit&quot;:&quot;&quot;,&quot;camera&quot;:&quot;&quot;,&quot;caption&quot;:&quot;&quot;,&quot;created_timestamp&quot;:&quot;0&quot;,&quot;copyright&quot;:&quot;&quot;,&quot;focal_length&quot;:&quot;0&quot;,&quot;iso&quot;:&quot;0&quot;,&quot;shutter_speed&quot;:&quot;0&quot;,&quot;title&quot;:&quot;&quot;,&quot;orientation&quot;:&quot;0&quot;}\" data-image-title=\"detenidos-marihuana\" data-image-description=\"\" data-image-caption=\"&lt;p&gt;Detenidos en Mercedes&lt;\/p&gt;\n\" data-large-file=\"https:\/\/www.hoymercedes.com.ar\/principal\/wp-content\/uploads\/2018\/05\/detenidos-marihuana.jpg\" class=\"size-medium wp-image-76043\" src=\"https:\/\/www.hoymercedes.com.ar\/principal\/wp-content\/uploads\/2018\/05\/detenidos-marihuana-630x521.jpg\" alt=\"\" width=\"630\" height=\"521\" srcset=\"https:\/\/www.hoymercedes.com.ar\/principal\/wp-content\/uploads\/2018\/05\/detenidos-marihuana-630x521.jpg 630w, https:\/\/www.hoymercedes.com.ar\/principal\/wp-content\/uploads\/2018\/05\/detenidos-marihuana-150x124.jpg 150w, https:\/\/www.hoymercedes.com.ar\/principal\/wp-content\/uploads\/2018\/05\/detenidos-marihuana.jpg 730w\" sizes=\"auto, (max-width: 630px) 100vw, 630px\" \/><figcaption id=\"caption-attachment-76043\" class=\"wp-caption-text\">Detenidos en Mercedess<\/figcaption><\/figure>\n<p>La Polic\u00eda Comunal de nuestra ciudad contin\u00faa actuando en acciones preventivas. En esta ocasi\u00f3n lograron detectar, por el actuar de integrantes de una \u201ccuadricula de calle\u201d, el intento de ingreso de sustancias prohibidas a la ciudad.<\/p>\n<p>En la Estaci\u00f3n de Trenes los oficiales que desempe\u00f1aban tareas en el lugar individualizan a dos masculinos con movimientos llamativos. Fue as\u00ed que efectuando medidas de seguridad preventivas interceptan a los sujetos teniendo como resultado la incautaci\u00f3n de sustancias prohibidas.<\/p>\n<p>Desde sus ropas terminan ante la presencia policial sacando un frasco \u2013 tipo mermelada \u2013 poseyendo en su interior una sustancia verde pegajosa.<\/p>\n<p>Trasladados a la Estaci\u00f3n Comunal, tras accionar con testigo y bajo las normas establecidas, se realizan los test correspondientes detectando que se trataba de marihuana.<\/p>\n<p>Tras las actuaciones de rigor se da aviso al Dr. Tabossi de la UFI N\u00b04 de la Departamental Mercedes, quien avala lo actuado y da lugar a la continuidad judicial del asunto.<\/p>\n<p>El Comisario Sergio Macedo agradeci\u00f3 el apoyo judicial, como siempre, y felicit\u00f3 al personal de calle por nuevamente estar atento dado que gracias a la vigilancia constante y sigilosa se pudo detectar a los dos mercedinos que violaban la legislaci\u00f3n vigente en t\u00e9rminos de drogas.<\/p>\n","protected":false},"excerpt":{"rendered":"<p>La Polic\u00eda Comunal de nuestra ciudad contin\u00faa actuando en acciones preventivas. En esta ocasi\u00f3n lograron detectar, por el actuar de &#8230; <a title=\"Dos aprehendidos en estaci\u00f3n de tren por violar ley de drogas\" class=\"read-more\" href=\"https:\/\/www.hoymercedes.com.ar\/principal\/2018\/05\/19\/dos-aprehendidos-en-estacion-de-tren-por-violar-ley-de-drogas\/\" aria-label=\"Leer m\u00e1s sobre Dos aprehendidos en estaci\u00f3n de tren por violar ley de drogas\">Leer m\u00e1s<\/a><\/p>\n","protected":false},"author":1,"featured_media":76043,"comment_status":"closed","ping_status":"open","sticky":false,"template":"","format":"standard","meta":{"_monsterinsights_skip_tracking":false,"_monsterinsights_sitenote_active":false,"_monsterinsights_sitenote_note":"","_monsterinsights_sitenote_category":0,"jetpack_post_was_ever_published":false,"_jetpack_newsletter_access":"","_jetpack_dont_email_post_to_subs":false,"_jetpack_newsletter_tier_id":0,"_jetpack_memberships_contains_paywalled_content":false,"_jetpack_memberships_contains_paid_content":false,"footnotes":"","jetpack_publicize_message":"","jetpack_publicize_feature_enabled":true,"jetpack_social_post_already_shared":true,"jetpack_social_options":{"image_generator_settings":{"template":"highway","default_image_id":0,"font":"","enabled":false},"version":2},"_wpas_customize_per_network":false},"categories":[85],"tags":[13134,10277],"class_list":["post-76042","post","type-post","status-publish","format-standard","has-post-thumbnail","hentry","category-policial","tag-estacion-comunal-mercedes","tag-sergio-macedo","generate-columns","tablet-grid-50","mobile-grid-100","grid-parent","grid-50"],"jetpack_publicize_connections":[],"jetpack_featured_media_url":"https:\/\/www.hoymercedes.com.ar\/principal\/wp-content\/uploads\/2018\/05\/detenidos-marihuana.jpg","wps_subtitle":"Marihuana","jetpack_sharing_enabled":true,"_links":{"self":[{"href":"https:\/\/www.hoymercedes.com.ar\/principal\/wp-json\/wp\/v2\/posts\/76042","targetHints":{"allow":["GET"]}}],"collection":[{"href":"https:\/\/www.hoymercedes.com.ar\/principal\/wp-json\/wp\/v2\/posts"}],"about":[{"href":"https:\/\/www.hoymercedes.com.ar\/principal\/wp-json\/wp\/v2\/types\/post"}],"author":[{"embeddable":true,"href":"https:\/\/www.hoymercedes.com.ar\/principal\/wp-json\/wp\/v2\/users\/1"}],"replies":[{"embeddable":true,"href":"https:\/\/www.hoymercedes.com.ar\/principal\/wp-json\/wp\/v2\/comments?post=76042"}],"version-history":[{"count":0,"href":"https:\/\/www.hoymercedes.com.ar\/principal\/wp-json\/wp\/v2\/posts\/76042\/revisions"}],"wp:featuredmedia":[{"embeddable":true,"href":"https:\/\/www.hoymercedes.com.ar\/principal\/wp-json\/wp\/v2\/media\/76043"}],"wp:attachment":[{"href":"https:\/\/www.hoymercedes.com.ar\/principal\/wp-json\/wp\/v2\/media?parent=76042"}],"wp:term":[{"taxonomy":"category","embeddable":true,"href":"https:\/\/www.hoymercedes.com.ar\/principal\/wp-json\/wp\/v2\/categories?post=76042"},{"taxonomy":"post_tag","embeddable":true,"href":"https:\/\/www.hoymercedes.com.ar\/principal\/wp-json\/wp\/v2\/tags?post=76042"}],"curies":[{"name":"wp","href":"https:\/\/api.w.org\/{rel}","templated":true}]}}