{"id":76088,"date":"2018-05-21T07:09:32","date_gmt":"2018-05-21T10:09:32","guid":{"rendered":"http:\/\/www.hoymercedes.com.ar\/principal\/?p=76088"},"modified":"2018-05-21T07:09:32","modified_gmt":"2018-05-21T10:09:32","slug":"goleadas-de-el-fronton-trocha-y-estudiantes-en-lo-que-se-jugo-de-la-quinta","status":"publish","type":"post","link":"https:\/\/www.hoymercedes.com.ar\/principal\/2018\/05\/21\/goleadas-de-el-fronton-trocha-y-estudiantes-en-lo-que-se-jugo-de-la-quinta\/","title":{"rendered":"Goleadas de El Front\u00f3n, Trocha y Estudiantes en lo que se jug\u00f3 de la quinta"},"content":{"rendered":"<p>La quinta fecha del torneo Apertura de la Liga Mercedina de F\u00fatbol se jug\u00f3 en forma parcial, ya que la gran cantidad de agua que recibi\u00f3 el terreno de juego en los \u00faltimos veinte d\u00edas impidi\u00f3 que la actividad se lleve a cabo el s\u00e1bado y resisti\u00f3 lo poco que se jug\u00f3 el domingo, aunque alcanz\u00f3 para volver a poner en marcha un torneo que tiene una gran cantidad de partidos adeudados.<\/p>\n<p>Lo que se jug\u00f3 sirvi\u00f3 para reafirmar los puestos de arriba de ambas tablas, ya que Pabell\u00f3n venci\u00f3 a Comunicaciones por la m\u00ednima, aunque el cartero en el segundo tiempo tuvo sobradas chances de empatarlo. Sin embargo, los de Marcos Paz siguen siendo los que m\u00e1s puntos han sumado hasta el momento en el campeonato.<\/p>\n<p>Trocha es el que lo sigue a paso firme. En el inicio de la jornada gole\u00f3 a Uni\u00f3n, destap\u00e1ndose en el segundo tiempo, ya que el primero termin\u00f3 1 a 1 y luego se conform\u00f3 la goleada por 6 a 1. El otro que gole\u00f3, y se suma a los puestos de arriba, es El Front\u00f3n, que el s\u00e1bado, en un Tito Crosetti complicado para jugar, gole\u00f3 4 a 0 a uno de los dos equipos que no pudo sumar en todo lo que se jug\u00f3, como es Palometas.<\/p>\n<p>Por \u00faltimo, en el final de la jornada, Estudiantes venci\u00f3 4 a 2 a Ateneo en un partido de bajo vuelo, con un campo de juego todo pisoteado que le impidi\u00f3 a los jugadores de ambos equipos a hacer pie para jugar. Dos golazos de tiro libre de \u00c1ngel Calderos, y dos Cabezazos de Paulo Lescano le dieron la victoria a un pincha que vio en peligro sumar de a tres por el empate de Nicol\u00e1s Nava y el penal de Leonardo Chaparro, que en un momento hab\u00edan puesto el 2 a 1 para los de Mario Morales.<\/p>\n<p>La fecha hab\u00eda comenzado el domingo anterior con la victoria de Atl\u00e9tico Marcos Paz por 2 a 1 ante Col\u00f3n de Luj\u00e1n.<\/p>\n<p>La idea de la Liga Mercedina es completar entre martes y mi\u00e9rcoles los partidos que quedan pendientes de la quinta fecha (Holanda Vs. El Tim\u00f3n, Pe\u00f1a Xeneise Vs. Club Mercedes, Quilmes Vs. AMEFIP, Juventud Vs. V\u00e9lez y Defensores Vs. Costa Brava), mientras que el pr\u00f3ximo fin de semana se jugar\u00e1 la sexta fecha. En cuanto a lo que se adeuda, se ir\u00e1 disputando entre semana y se programar\u00e1 luego.<\/p>\n<p><strong>El Front\u00f3n 4:<\/strong>\u00a0Mat\u00edas Roncoroni, Nicol\u00e1s Randazzo, Fabricio Paganini, Mateo Casas, Federico Grosso, Ezequiel T\u00e1mparo, Carlos Schefer, Oscar Zapata, Mat\u00edas Paolacci, Daniel Barrientos y Daniel Busca.\u00a0<strong>DT:<\/strong>\u00a0Germ\u00e1n Stopiello.\u00a0<strong>Suplentes:<\/strong>Santiago Curotto, Federico Dinardi y Francisco Garc\u00eda.<br \/>\n<strong>Palometas 0:<\/strong>\u00a0Mariano Bordieu, Maximiliano Scheitler, Joaqu\u00edn Villa, Luis Bertera, Nicol\u00e1s Aranda, Gustavo Medone, Edward Doria, Mart\u00edn Pastor, Diego Figueredo, Juan Rolandelli y Facundo Pinto.\u00a0<strong>DT:<\/strong>\u00a0Mariano Pueblas.\u00a0<strong>Suplentes:<\/strong>\u00a0Maximiliano Castro, Fabi\u00e1n Guti\u00e9rrez y Federico Flores Arce.<br \/>\n<strong>Goles en el ST:<\/strong>\u00a0A los 12\u2019 Ezequiel T\u00e1mparo, 18\u2019 y 45\u2019 Carlos Schefer, 40\u2019 Federico Grosso para El Front\u00f3n.<br \/>\n<strong>Cambios:<\/strong>\u00a0Francisco Tallarico por Mateo Casas, Alejandro Morada Morada por Gabriel Barrientos y Pablo D\u00edaz por Daniel Busca en El Front\u00f3n. Jonathan Guzm\u00e1n por Diego Figueredo y Juan Cabrera por Edward Doria en Palometas.<br \/>\n<strong>Arbitro:\u00a0<\/strong>Javier Viglietti (SADRA).<\/p>\n<p><strong>Uni\u00f3n 1:<\/strong>\u00a0Pablo Pa\u00eds, Alejandro Achucarro, Franco Correa, Pablo Canessa, Luciano Marchesin, Santiago Mart\u00ednez, Ezequiel Mandrini, Mario Acosta, Ignacio Chiefflei, Blas Szarak y Marcelo Aguirre.\u00a0<strong>DT:<\/strong>\u00a0Javier Debiase.\u00a0<strong>Suplente:<\/strong>\u00a0Fabricio L\u00f3pez.<br \/>\n<strong>Trocha 6:\u00a0<\/strong>Federico Grosso, Facundo Quiroga, Ignacio Brazuna, Mariano Ramos, Daniel Mu\u00f1oz, Fabio Gonz\u00e1lez, Dar\u00edo Gianaschi, Juan Montuori, Emanuel Vel\u00e1zquez, Marcelo Gonz\u00e1lez y Neri Lazarte.\u00a0<strong>DT:<\/strong>\u00a0Juan Ignacio Men\u00e9ndez.\u00a0<strong>Suplentes:<\/strong>\u00a0Pablo Leguizam\u00f3n y Lucas Cuello.<br \/>\n<strong>Goles en el PT:<\/strong>\u00a0A los 7\u2019 Dar\u00edo Gianaschi para Trocha y a los 38\u2019 Marcelo Aguirre para Uni\u00f3n.<br \/>\n<strong>Goles en el ST:<\/strong>\u00a0Al 1\u2019 Daniel Mu\u00f1oz de penal, 8\u2019 Facundo Quiroga, 10\u2019 Marcelo Gonz\u00e1lez, 31\u2019 Solano Bonamino y a los 40\u2019 Emanuel Vel\u00e1zquez para Trocha.<br \/>\n<strong>Cambios:<\/strong>\u00a0Sebasti\u00e1n Cuevas por Franco Correa y Miguel Lencina por Luciano Marches\u00edn en Uni\u00f3n. Cristian Far\u00edas por Mariano Ramos, Gonzalo Jaime por Fabio Coronel y Solano Bonamino por Neri Lazarte en Trocha.<br \/>\n<strong>Arbitro:<\/strong>\u00a0Mart\u00edn Ju\u00e1rez (AAM).<\/p>\n<p><strong>Comunicaciones 0:<\/strong>\u00a0David Br\u00edsoliz, Gast\u00f3n Borelli, Jer\u00f3nimo Navarro, Diego Ferrara, Franco Torres, Tom\u00e1s P\u00e9rez, Federico Amaya, Maximiliano Guzm\u00e1n, Jonathan L\u00f3pez, Nicol\u00e1s Paniagua y Cristian Pedrazza.\u00a0<strong>DT:\u00a0<\/strong>Julio Torres.\u00a0<strong>Suplentes:<\/strong>\u00a0Felipe Martinelli y Mat\u00edas Colombo.<br \/>\n<strong>Pabell\u00f3n 1:<\/strong>\u00a0Patricio Gionto, Gast\u00f3n Bianchi, Franco Del Piero, Rafael Gagliardi, Bernardo Paulerena, Nicol\u00e1s Guarnieri, Ezequiel Lacrouts, Leandro Pascual, Juan Paulerena, Franco Monz\u00f3n y Juan Castelano.\u00a0<strong>DT:<\/strong>\u00a0Juan Dorola.\u00a0<strong>Suplentes:<\/strong>\u00a0Cesar Jurado, Mart\u00edn Indart, Juan Pareta y Luciano Gallardo.<br \/>\n<strong>Gol en el PT:\u00a0<\/strong>A los 40\u2019 Bernardo Paulerena para Pabell\u00f3n.<br \/>\n<strong>Cambios:<\/strong>\u00a0Hern\u00e1n S\u00e1nchez por Cristian Pedrazza, Gustavo L\u00f3pez por Jer\u00f3nimo Navarro y Fidel Cardozo por Nicol\u00e1s Paniagua en Comunicaciones. Nahuel Romero por Juan Castelano, Tom\u00e1s Gagliardi por Franco Monz\u00f3n y Pablo Tillue por Leandro Pascual en Pabell\u00f3n.<br \/>\n<strong>Arbitro:<\/strong>\u00a0Eduardo Aguirre (AAM).<\/p>\n<p><strong>Ateneo 2:<\/strong>\u00a0Maximiliano Gim\u00e9nez, Facundo Otero, Nicol\u00e1s Nava, Joaqu\u00edn Mendiola, Manuel Bigongiari, Juan Ponce, Angel Pucheta, Lautaro Torre, Leonardo Chaparro, Facundo P\u00e9rez y Ger\u00f3nimo Puricelli.\u00a0<strong>DT:<\/strong>\u00a0Mario Morales.\u00a0<strong>Suplentes:<\/strong>\u00a0Tom\u00e1s Basualdo y Daniel Conenna.<br \/>\n<strong>Estudiantes 4:<\/strong>\u00a0Tom\u00e1s Borrasca, Juan Duran, Federico Bassi, Leandro Vignau, Nicol\u00e1s Ledesma, Jer\u00f3nimo Luna, Paulo Lescano, Lucio Ojeda, Agust\u00edn Vivas, Angel Calder\u00f3n y Laureano Torres.\u00a0<strong>DT:<\/strong>\u00a0Manuel Gonz\u00e1lez.\u00a0<strong>Suplentes:<\/strong>\u00a0Mateo Miranda, Ariel Ballesteros y Angel Far\u00edas.<br \/>\n<strong>Goles en el PT:<\/strong>\u00a0A los 3\u2019 Angel Calder\u00f3n para Estudiantes y a los 16\u2019 Nicol\u00e1s Nava y a los 38\u2019 Leonardo Chaparro de penal para Ateneo. A los 42\u2019 Paulo Lescano para Estudiantes.<br \/>\n<strong>Gol en el ST:<\/strong>\u00a0A los 30\u2019 Angel Calder\u00f3n, 35\u2019 Paulo Lescano para Estudiantes.<br \/>\n<strong>Cambios:<\/strong>\u00a0Pablo Ojeda por Lucio Ojeda, Ra\u00fal Quintana por Laureano Torres y Pablo Paladino por Agust\u00edn Vivas en Estudiantes. Nicol\u00e1s P\u00e9rez por Angel Pucheta, Adam Chaparro por Facundo P\u00e9rez y Maximiliano Arzani por Manuel Bigongiari en Ateneo.<br \/>\n<strong>Arbitro:<\/strong>\u00a0Luis L\u00f3pez (AAM).<br \/>\n<strong>Expulsados:<\/strong>\u00a0Pablo Paladino en Estudiantes y Lautaro Torre en Ateneo.<\/p>\n<p><strong>Pr\u00f3xima fecha<br \/>\nSexta<br \/>\nZona A<br \/>\n<\/strong>Pe\u00f1a Diego Armando vs. Holanda.<br \/>\nClub Mercedes vs. Comunicaciones.<br \/>\nPabell\u00f3n vs. Atl\u00e9tico Marcos Paz.<br \/>\nCol\u00f3n vs. Ateneo.<br \/>\nEstudiantes vs. El Tim\u00f3n.<\/p>\n<p><strong>Zona B<\/strong><br \/>\nUni\u00f3n vs. Quilmes.<br \/>\nTrocha vs. Defensores Juniors.<br \/>\nCosta Brava vs. Juventud.<br \/>\nV\u00e9lez vs. El Front\u00f3n.<br \/>\nPalometas vs. AMEFIP.<\/p>\n<p><img loading=\"lazy\" decoding=\"async\" data-attachment-id=\"76089\" data-permalink=\"https:\/\/www.hoymercedes.com.ar\/principal\/2018\/05\/21\/goleadas-de-el-fronton-trocha-y-estudiantes-en-lo-que-se-jugo-de-la-quinta\/primera-115\/#main\" data-orig-file=\"https:\/\/www.hoymercedes.com.ar\/principal\/wp-content\/uploads\/2018\/05\/Primera-1.png\" data-orig-size=\"570,633\" data-comments-opened=\"0\" data-image-meta=\"{&quot;aperture&quot;:&quot;0&quot;,&quot;credit&quot;:&quot;&quot;,&quot;camera&quot;:&quot;&quot;,&quot;caption&quot;:&quot;&quot;,&quot;created_timestamp&quot;:&quot;0&quot;,&quot;copyright&quot;:&quot;&quot;,&quot;focal_length&quot;:&quot;0&quot;,&quot;iso&quot;:&quot;0&quot;,&quot;shutter_speed&quot;:&quot;0&quot;,&quot;title&quot;:&quot;&quot;,&quot;orientation&quot;:&quot;0&quot;}\" data-image-title=\"Primera\" data-image-description=\"\" data-image-caption=\"\" data-large-file=\"https:\/\/www.hoymercedes.com.ar\/principal\/wp-content\/uploads\/2018\/05\/Primera-1.png\" class=\"aligncenter size-medium wp-image-76089\" src=\"https:\/\/www.hoymercedes.com.ar\/principal\/wp-content\/uploads\/2018\/05\/Primera-1-558x620.png\" alt=\"\" width=\"558\" height=\"620\" srcset=\"https:\/\/www.hoymercedes.com.ar\/principal\/wp-content\/uploads\/2018\/05\/Primera-1-558x620.png 558w, https:\/\/www.hoymercedes.com.ar\/principal\/wp-content\/uploads\/2018\/05\/Primera-1-135x150.png 135w, https:\/\/www.hoymercedes.com.ar\/principal\/wp-content\/uploads\/2018\/05\/Primera-1.png 570w\" sizes=\"auto, (max-width: 558px) 100vw, 558px\" \/> <img loading=\"lazy\" decoding=\"async\" data-attachment-id=\"76090\" data-permalink=\"https:\/\/www.hoymercedes.com.ar\/principal\/2018\/05\/21\/goleadas-de-el-fronton-trocha-y-estudiantes-en-lo-que-se-jugo-de-la-quinta\/goleadores-primera-57\/#main\" data-orig-file=\"https:\/\/www.hoymercedes.com.ar\/principal\/wp-content\/uploads\/2018\/05\/Goleadores-Primera-1.png\" data-orig-size=\"308,554\" data-comments-opened=\"0\" data-image-meta=\"{&quot;aperture&quot;:&quot;0&quot;,&quot;credit&quot;:&quot;&quot;,&quot;camera&quot;:&quot;&quot;,&quot;caption&quot;:&quot;&quot;,&quot;created_timestamp&quot;:&quot;0&quot;,&quot;copyright&quot;:&quot;&quot;,&quot;focal_length&quot;:&quot;0&quot;,&quot;iso&quot;:&quot;0&quot;,&quot;shutter_speed&quot;:&quot;0&quot;,&quot;title&quot;:&quot;&quot;,&quot;orientation&quot;:&quot;0&quot;}\" data-image-title=\"Goleadores Primera\" data-image-description=\"\" data-image-caption=\"\" data-large-file=\"https:\/\/www.hoymercedes.com.ar\/principal\/wp-content\/uploads\/2018\/05\/Goleadores-Primera-1.png\" class=\"aligncenter size-medium wp-image-76090\" src=\"https:\/\/www.hoymercedes.com.ar\/principal\/wp-content\/uploads\/2018\/05\/Goleadores-Primera-1.png\" alt=\"\" width=\"308\" height=\"554\" srcset=\"https:\/\/www.hoymercedes.com.ar\/principal\/wp-content\/uploads\/2018\/05\/Goleadores-Primera-1.png 308w, https:\/\/www.hoymercedes.com.ar\/principal\/wp-content\/uploads\/2018\/05\/Goleadores-Primera-1-83x150.png 83w\" sizes=\"auto, (max-width: 308px) 100vw, 308px\" \/><\/p>\n","protected":false},"excerpt":{"rendered":"<p>La quinta fecha del torneo Apertura de la Liga Mercedina de F\u00fatbol se jug\u00f3 en forma parcial, ya que la &#8230; <a title=\"Goleadas de El Front\u00f3n, Trocha y Estudiantes en lo que se jug\u00f3 de la quinta\" class=\"read-more\" href=\"https:\/\/www.hoymercedes.com.ar\/principal\/2018\/05\/21\/goleadas-de-el-fronton-trocha-y-estudiantes-en-lo-que-se-jugo-de-la-quinta\/\" aria-label=\"Leer m\u00e1s sobre Goleadas de El Front\u00f3n, Trocha y Estudiantes en lo que se jug\u00f3 de la quinta\">Leer m\u00e1s<\/a><\/p>\n","protected":false},"author":1,"featured_media":76089,"comment_status":"closed","ping_status":"open","sticky":false,"template":"","format":"standard","meta":{"_monsterinsights_skip_tracking":false,"_monsterinsights_sitenote_active":false,"_monsterinsights_sitenote_note":"","_monsterinsights_sitenote_category":0,"jetpack_post_was_ever_published":false,"_jetpack_newsletter_access":"","_jetpack_dont_email_post_to_subs":false,"_jetpack_newsletter_tier_id":0,"_jetpack_memberships_contains_paywalled_content":false,"_jetpack_memberships_contains_paid_content":false,"footnotes":"","jetpack_publicize_message":"","jetpack_publicize_feature_enabled":true,"jetpack_social_post_already_shared":true,"jetpack_social_options":{"image_generator_settings":{"template":"highway","default_image_id":0,"font":"","enabled":false},"version":2},"_wpas_customize_per_network":false},"categories":[21],"tags":[],"class_list":["post-76088","post","type-post","status-publish","format-standard","has-post-thumbnail","hentry","category-deportes","generate-columns","tablet-grid-50","mobile-grid-100","grid-parent","grid-50"],"jetpack_publicize_connections":[],"jetpack_featured_media_url":"https:\/\/www.hoymercedes.com.ar\/principal\/wp-content\/uploads\/2018\/05\/Primera-1.png","wps_subtitle":"Liga Mercedina","jetpack_sharing_enabled":true,"jetpack-related-posts":[{"id":117586,"url":"https:\/\/www.hoymercedes.com.ar\/principal\/2020\/09\/28\/matias-silvestre-debuto-mouscron-biglia-sigue-sumando-en-karagumruk-malano-gano-en-valletta-y-lescano-jugo-por-la-serie-c\/","url_meta":{"origin":76088,"position":0},"title":"Mat\u00edas Silvestre debut\u00f3 Mouscr\u00f3n, Biglia sigue sumando en Karag\u00fcmr\u00fck, Malano gan\u00f3 en Valletta y Lescano jug\u00f3 por la Serie C","author":"hoymercedes","date":"28 septiembre, 2020","format":false,"excerpt":"Los tres futbolistas mercedinos que est\u00e1n en actualidad jugaron este fin de semana, aunque lo hicieron con resultados diversos. Mat\u00edas Silvestre se recuper\u00f3 de una lesi\u00f3n que contrajo d\u00edas antes del debut oficial de su equipo, Royal Exel Mouscron, y reci\u00e9n este domingo pudo debutar siendo titular en el empate\u2026","rel":"","context":"En \u00abDeportes\u00bb","block_context":{"text":"Deportes","link":"https:\/\/www.hoymercedes.com.ar\/principal\/category\/deportes\/"},"img":{"alt_text":"","src":"https:\/\/i0.wp.com\/www.hoymercedes.com.ar\/principal\/wp-content\/uploads\/2020\/09\/Facundo-Lescano-Sambenedettese.jpg?resize=350%2C200&ssl=1","width":350,"height":200,"srcset":"https:\/\/i0.wp.com\/www.hoymercedes.com.ar\/principal\/wp-content\/uploads\/2020\/09\/Facundo-Lescano-Sambenedettese.jpg?resize=350%2C200&ssl=1 1x, https:\/\/i0.wp.com\/www.hoymercedes.com.ar\/principal\/wp-content\/uploads\/2020\/09\/Facundo-Lescano-Sambenedettese.jpg?resize=525%2C300&ssl=1 1.5x"},"classes":[]},{"id":158094,"url":"https:\/\/www.hoymercedes.com.ar\/principal\/2023\/02\/08\/golf-otra-fecha-del-gran-prix-de-verano\/","url_meta":{"origin":76088,"position":1},"title":"Golf: Otra fecha del Gran Prix de Verano\u00a0\u00a0","author":"hoymercedes","date":"8 febrero, 2023","format":false,"excerpt":"El s\u00e1bado se jug\u00f3 la quinta jornada del certamen en el Golf Club Mercedes. Solo quedan tres fechas para conocer a los clasificados para la gran final del 4 de marzo.\u00a0","rel":"","context":"En \u00abDeportes\u00bb","block_context":{"text":"Deportes","link":"https:\/\/www.hoymercedes.com.ar\/principal\/category\/deportes\/"},"img":{"alt_text":"","src":"https:\/\/i0.wp.com\/www.hoymercedes.com.ar\/principal\/wp-content\/uploads\/2023\/02\/dgolf-0602.jpeg?resize=350%2C200&ssl=1","width":350,"height":200,"srcset":"https:\/\/i0.wp.com\/www.hoymercedes.com.ar\/principal\/wp-content\/uploads\/2023\/02\/dgolf-0602.jpeg?resize=350%2C200&ssl=1 1x, https:\/\/i0.wp.com\/www.hoymercedes.com.ar\/principal\/wp-content\/uploads\/2023\/02\/dgolf-0602.jpeg?resize=525%2C300&ssl=1 1.5x"},"classes":[]},{"id":103320,"url":"https:\/\/www.hoymercedes.com.ar\/principal\/2019\/12\/03\/en-del-progreso-se-jugo-la-cuarta-fecha-del-torneo-y-tambien-un-certamen-rapido\/","url_meta":{"origin":76088,"position":2},"title":"En Del Progreso se jug\u00f3 la cuarta fecha del torneo y tambi\u00e9n un certamen r\u00e1pido","author":"hoymercedes","date":"3 diciembre, 2019","format":false,"excerpt":"El viernes por la noche se jug\u00f3 la cuarta fecha del segundo torneo del a\u00f1o del Club Del Progreso, que lo tiene a Alejandro Altieri como l\u00edder junto a Guillermo Poch. Adem\u00e1s, se aprovech\u00f3 el fin de semana para jugar un torneo rel\u00e1mpago que cont\u00f3 con 17 competidores de Mercedes,\u2026","rel":"","context":"En \u00abDeportes\u00bb","block_context":{"text":"Deportes","link":"https:\/\/www.hoymercedes.com.ar\/principal\/category\/deportes\/"},"img":{"alt_text":"","src":"https:\/\/i0.wp.com\/www.hoymercedes.com.ar\/principal\/wp-content\/uploads\/2019\/12\/70220171_449420509055528_8112858858940006400_n.jpg?resize=350%2C200&ssl=1","width":350,"height":200,"srcset":"https:\/\/i0.wp.com\/www.hoymercedes.com.ar\/principal\/wp-content\/uploads\/2019\/12\/70220171_449420509055528_8112858858940006400_n.jpg?resize=350%2C200&ssl=1 1x, https:\/\/i0.wp.com\/www.hoymercedes.com.ar\/principal\/wp-content\/uploads\/2019\/12\/70220171_449420509055528_8112858858940006400_n.jpg?resize=525%2C300&ssl=1 1.5x, https:\/\/i0.wp.com\/www.hoymercedes.com.ar\/principal\/wp-content\/uploads\/2019\/12\/70220171_449420509055528_8112858858940006400_n.jpg?resize=700%2C400&ssl=1 2x, https:\/\/i0.wp.com\/www.hoymercedes.com.ar\/principal\/wp-content\/uploads\/2019\/12\/70220171_449420509055528_8112858858940006400_n.jpg?resize=1050%2C600&ssl=1 3x"},"classes":[]},{"id":104109,"url":"https:\/\/www.hoymercedes.com.ar\/principal\/2019\/12\/16\/trocha-empato-ante-villas-unidas-y-cerro-el-ano-en-primera-c-haciando-una-buena-campana\/","url_meta":{"origin":76088,"position":3},"title":"Trocha empat\u00f3 ante Villas Unidas y cerr\u00f3 el a\u00f1o en Primera C haciando una buena campa\u00f1a","author":"hoymercedes","date":"16 diciembre, 2019","format":false,"excerpt":"A la Carbonilla le cost\u00f3 algunos partidos encontrarle la vuelta al nuevo torneo de la Primera C del F\u00fatbol Femenino de AFA. Sin embargo, luego meti\u00f3 una serie de triunfos al hilo que lo acomodaron en la tabla y ahora cerr\u00f3 con una derrota y un empate, esperando que en\u2026","rel":"","context":"En \u00abDeportes\u00bb","block_context":{"text":"Deportes","link":"https:\/\/www.hoymercedes.com.ar\/principal\/category\/deportes\/"},"img":{"alt_text":"","src":"https:\/\/i0.wp.com\/www.hoymercedes.com.ar\/principal\/wp-content\/uploads\/2019\/12\/Trocha-3-Villas-2.jpg?resize=350%2C200&ssl=1","width":350,"height":200,"srcset":"https:\/\/i0.wp.com\/www.hoymercedes.com.ar\/principal\/wp-content\/uploads\/2019\/12\/Trocha-3-Villas-2.jpg?resize=350%2C200&ssl=1 1x, https:\/\/i0.wp.com\/www.hoymercedes.com.ar\/principal\/wp-content\/uploads\/2019\/12\/Trocha-3-Villas-2.jpg?resize=525%2C300&ssl=1 1.5x"},"classes":[]},{"id":143949,"url":"https:\/\/www.hoymercedes.com.ar\/principal\/2022\/02\/15\/se-jugo-torneo-regional-de-softball\/","url_meta":{"origin":76088,"position":4},"title":"Se jug\u00f3 torneo regional de softball","author":"hoymercedes","date":"15 febrero, 2022","format":false,"excerpt":"D\u00edas atr\u00e1s, la ciudad de Mercedes fue sede de un torneo regional de softball del que participaron los equipos de La Plata, Mor\u00f3n, Berazategui, Derqui y el local que dirige el profesor C\u00e9sar \u00c1valo. En la cancha inugurada tiempo atr\u00e1s, los cinco equipos compitieron y tuvieron tres d\u00edas de camarader\u00eda\u2026","rel":"","context":"En \u00abDeportes\u00bb","block_context":{"text":"Deportes","link":"https:\/\/www.hoymercedes.com.ar\/principal\/category\/deportes\/"},"img":{"alt_text":"","src":"https:\/\/i0.wp.com\/www.hoymercedes.com.ar\/principal\/wp-content\/uploads\/2022\/02\/DSC07790.jpg?resize=350%2C200&ssl=1","width":350,"height":200,"srcset":"https:\/\/i0.wp.com\/www.hoymercedes.com.ar\/principal\/wp-content\/uploads\/2022\/02\/DSC07790.jpg?resize=350%2C200&ssl=1 1x, https:\/\/i0.wp.com\/www.hoymercedes.com.ar\/principal\/wp-content\/uploads\/2022\/02\/DSC07790.jpg?resize=525%2C300&ssl=1 1.5x, https:\/\/i0.wp.com\/www.hoymercedes.com.ar\/principal\/wp-content\/uploads\/2022\/02\/DSC07790.jpg?resize=700%2C400&ssl=1 2x"},"classes":[]},{"id":108707,"url":"https:\/\/www.hoymercedes.com.ar\/principal\/2020\/03\/31\/la-tabla-de-la-decada-de-la-primera-division-de-la-liga-mercedina\/","url_meta":{"origin":76088,"position":5},"title":"La tabla de la d\u00e9cada de la Primera Divisi\u00f3n de la Liga Mercedina","author":"hoymercedes","date":"31 marzo, 2020","format":false,"excerpt":"Aprovechando el tiempo sin deporte, es bueno recurrir un rato a las estad\u00edsticas. Es por eso que desde hace un tiempo, HoyMercedes viene tratando de hacer algo de revisionismo hist\u00f3rico en base al torneo m\u00e1s antiguo que se disputa en la ciudad, que es el de la Primera Divisi\u00f3n de\u2026","rel":"","context":"En \u00abDeportes\u00bb","block_context":{"text":"Deportes","link":"https:\/\/www.hoymercedes.com.ar\/principal\/category\/deportes\/"},"img":{"alt_text":"","src":"https:\/\/i0.wp.com\/www.hoymercedes.com.ar\/principal\/wp-content\/uploads\/2020\/03\/TABLA-HISTORICA.png?resize=350%2C200&ssl=1","width":350,"height":200,"srcset":"https:\/\/i0.wp.com\/www.hoymercedes.com.ar\/principal\/wp-content\/uploads\/2020\/03\/TABLA-HISTORICA.png?resize=350%2C200&ssl=1 1x, https:\/\/i0.wp.com\/www.hoymercedes.com.ar\/principal\/wp-content\/uploads\/2020\/03\/TABLA-HISTORICA.png?resize=525%2C300&ssl=1 1.5x, https:\/\/i0.wp.com\/www.hoymercedes.com.ar\/principal\/wp-content\/uploads\/2020\/03\/TABLA-HISTORICA.png?resize=700%2C400&ssl=1 2x"},"classes":[]}],"_links":{"self":[{"href":"https:\/\/www.hoymercedes.com.ar\/principal\/wp-json\/wp\/v2\/posts\/76088","targetHints":{"allow":["GET"]}}],"collection":[{"href":"https:\/\/www.hoymercedes.com.ar\/principal\/wp-json\/wp\/v2\/posts"}],"about":[{"href":"https:\/\/www.hoymercedes.com.ar\/principal\/wp-json\/wp\/v2\/types\/post"}],"author":[{"embeddable":true,"href":"https:\/\/www.hoymercedes.com.ar\/principal\/wp-json\/wp\/v2\/users\/1"}],"replies":[{"embeddable":true,"href":"https:\/\/www.hoymercedes.com.ar\/principal\/wp-json\/wp\/v2\/comments?post=76088"}],"version-history":[{"count":0,"href":"https:\/\/www.hoymercedes.com.ar\/principal\/wp-json\/wp\/v2\/posts\/76088\/revisions"}],"wp:featuredmedia":[{"embeddable":true,"href":"https:\/\/www.hoymercedes.com.ar\/principal\/wp-json\/wp\/v2\/media\/76089"}],"wp:attachment":[{"href":"https:\/\/www.hoymercedes.com.ar\/principal\/wp-json\/wp\/v2\/media?parent=76088"}],"wp:term":[{"taxonomy":"category","embeddable":true,"href":"https:\/\/www.hoymercedes.com.ar\/principal\/wp-json\/wp\/v2\/categories?post=76088"},{"taxonomy":"post_tag","embeddable":true,"href":"https:\/\/www.hoymercedes.com.ar\/principal\/wp-json\/wp\/v2\/tags?post=76088"}],"curies":[{"name":"wp","href":"https:\/\/api.w.org\/{rel}","templated":true}]}}