{"id":76104,"date":"2018-05-21T10:00:51","date_gmt":"2018-05-21T13:00:51","guid":{"rendered":"http:\/\/www.hoymercedes.com.ar\/principal\/?p=76104"},"modified":"2018-05-21T09:17:40","modified_gmt":"2018-05-21T12:17:40","slug":"panuelazo-a-favor-de-la-despenalizacion-del-aborto","status":"publish","type":"post","link":"https:\/\/www.hoymercedes.com.ar\/principal\/2018\/05\/21\/panuelazo-a-favor-de-la-despenalizacion-del-aborto\/","title":{"rendered":"Pa\u00f1uelazo a favor de la despenalizaci\u00f3n del aborto"},"content":{"rendered":"<p>Un nuevo acto a favor del proyecto de ley que despenalizar\u00eda el aborto se llev\u00f3 adelante en la tarde del domingo en el Centro Cultural La Trocha. Con pa\u00f1uelos verdes en sus cuellos, m\u00fasica, narraciones, poes\u00edas, f\u00fatbol, una radio abierta y entrega de folleter\u00eda sobre el debate y preservativos, la actividad organizada por la Asamblea de Mujeres Mercedinas se centr\u00f3 en uno de los andenes de la vieja estaci\u00f3n.<\/p>\n<figure id=\"attachment_76082\" aria-describedby=\"caption-attachment-76082\" style=\"width: 620px\" class=\"wp-caption aligncenter\"><img loading=\"lazy\" decoding=\"async\" data-attachment-id=\"76082\" data-permalink=\"https:\/\/www.hoymercedes.com.ar\/principal\/2018\/05\/21\/cultura-cumbia-vibro-en-la-noche-del-sabado-en-la-trocha\/21-aborto-legal-2\/#main\" data-orig-file=\"https:\/\/www.hoymercedes.com.ar\/principal\/wp-content\/uploads\/2018\/05\/21-aborto-legal-2.jpg\" data-orig-size=\"750,500\" data-comments-opened=\"0\" data-image-meta=\"{&quot;aperture&quot;:&quot;5.6&quot;,&quot;credit&quot;:&quot;&quot;,&quot;camera&quot;:&quot;NIKON D3100&quot;,&quot;caption&quot;:&quot;&quot;,&quot;created_timestamp&quot;:&quot;1526834177&quot;,&quot;copyright&quot;:&quot;&quot;,&quot;focal_length&quot;:&quot;20&quot;,&quot;iso&quot;:&quot;250&quot;,&quot;shutter_speed&quot;:&quot;0.008&quot;,&quot;title&quot;:&quot;&quot;,&quot;orientation&quot;:&quot;1&quot;}\" data-image-title=\"21 aborto legal 2\" data-image-description=\"\" data-image-caption=\"\" data-large-file=\"https:\/\/www.hoymercedes.com.ar\/principal\/wp-content\/uploads\/2018\/05\/21-aborto-legal-2.jpg\" class=\"wp-image-76082 size-medium\" src=\"https:\/\/www.hoymercedes.com.ar\/principal\/wp-content\/uploads\/2018\/05\/21-aborto-legal-2-630x420.jpg\" alt=\"\" width=\"630\" height=\"420\" srcset=\"https:\/\/www.hoymercedes.com.ar\/principal\/wp-content\/uploads\/2018\/05\/21-aborto-legal-2-630x420.jpg 630w, https:\/\/www.hoymercedes.com.ar\/principal\/wp-content\/uploads\/2018\/05\/21-aborto-legal-2-150x100.jpg 150w, https:\/\/www.hoymercedes.com.ar\/principal\/wp-content\/uploads\/2018\/05\/21-aborto-legal-2.jpg 750w\" sizes=\"auto, (max-width: 630px) 100vw, 630px\" \/><figcaption id=\"caption-attachment-76082\" class=\"wp-caption-text\">Narraciones, m\u00fasica, poes\u00eda y futbol hubo en el encuentro de La Trocha<\/figcaption><\/figure>\n<p>Mate de por medio, los presentes fueron interviniendo en el acto, ya que a trav\u00e9s de disciplinas culturales o con sus discursos. As\u00ed es como algunos explicaron los aspectos clandestinos de la pr\u00e1ctica del aborto en la actualidad, o dieron cuenta de una consulta entre los estudiantes secundarios donde una amplia mayor\u00eda participante se proclam\u00f3 a favor del proyecto de ley.<\/p>\n<p>Tras las intervenciones de las mujeres que coordinan la Asamblea, tom\u00f3 la palabra un joven m\u00e9dico residente, Diego Trangoni, que analiz\u00f3 su postura como m\u00e9dico, como hombre y como parte de una pareja joven. Record\u00f3 sus a\u00f1os de estudios y los planteos universitarios sobre el aborto. \u201cSiempre supimos qui\u00e9nes eran los m\u00e9dicos que realizaban los abortos, en qu\u00e9 cl\u00ednicas se hac\u00edan, sab\u00edamos que a veces las chicas deb\u00edan viajar hacia hospitales de ciudades aleda\u00f1as, un d\u00eda espec\u00edfico porque el m\u00e9dico que practicaba el aborto estaba de guardia y en ese momento realizaba la pr\u00e1ctica\u201d, expres\u00f3 en uno de sus p\u00e1rrafos.<\/p>\n<p><img loading=\"lazy\" decoding=\"async\" data-attachment-id=\"76080\" data-permalink=\"https:\/\/www.hoymercedes.com.ar\/principal\/2018\/05\/21\/cultura-cumbia-vibro-en-la-noche-del-sabado-en-la-trocha\/21-aborto-legal-0\/#main\" data-orig-file=\"https:\/\/www.hoymercedes.com.ar\/principal\/wp-content\/uploads\/2018\/05\/21-aborto-legal-0.jpg\" data-orig-size=\"750,500\" data-comments-opened=\"0\" data-image-meta=\"{&quot;aperture&quot;:&quot;5.6&quot;,&quot;credit&quot;:&quot;&quot;,&quot;camera&quot;:&quot;NIKON D3100&quot;,&quot;caption&quot;:&quot;&quot;,&quot;created_timestamp&quot;:&quot;1526835631&quot;,&quot;copyright&quot;:&quot;&quot;,&quot;focal_length&quot;:&quot;26&quot;,&quot;iso&quot;:&quot;100&quot;,&quot;shutter_speed&quot;:&quot;0.008&quot;,&quot;title&quot;:&quot;&quot;,&quot;orientation&quot;:&quot;1&quot;}\" data-image-title=\"21 aborto legal 0\" data-image-description=\"\" data-image-caption=\"\" data-large-file=\"https:\/\/www.hoymercedes.com.ar\/principal\/wp-content\/uploads\/2018\/05\/21-aborto-legal-0.jpg\" class=\"aligncenter size-medium wp-image-76080\" src=\"https:\/\/www.hoymercedes.com.ar\/principal\/wp-content\/uploads\/2018\/05\/21-aborto-legal-0-630x420.jpg\" alt=\"\" width=\"630\" height=\"420\" srcset=\"https:\/\/www.hoymercedes.com.ar\/principal\/wp-content\/uploads\/2018\/05\/21-aborto-legal-0-630x420.jpg 630w, https:\/\/www.hoymercedes.com.ar\/principal\/wp-content\/uploads\/2018\/05\/21-aborto-legal-0-150x100.jpg 150w, https:\/\/www.hoymercedes.com.ar\/principal\/wp-content\/uploads\/2018\/05\/21-aborto-legal-0.jpg 750w\" sizes=\"auto, (max-width: 630px) 100vw, 630px\" \/><\/p>\n<p>\u201cLas chicas abortan, siempre abortaron, y van a seguir abortando. Desde que comprend\u00ed\u00a0 eso, me decid\u00ed, y desde ese momento mi postura fue a favor del aborto legal, seguro y gratuito. Porque lo primero que entend\u00ed es que nadie est\u00e1 a favor del aborto, nadie quiere que esa situaci\u00f3n pase, porque nadie sale indemne de esa experiencia, que a las mujeres les cuesta superar esa crisis y que para todas y todos un embarazo no planificado y no deseado es una situaci\u00f3n muy dolorosa y compleja\u201d, agreg\u00f3 el m\u00e9dico residente.<\/p>\n<figure id=\"attachment_76083\" aria-describedby=\"caption-attachment-76083\" style=\"width: 620px\" class=\"wp-caption aligncenter\"><img loading=\"lazy\" decoding=\"async\" data-attachment-id=\"76083\" data-permalink=\"https:\/\/www.hoymercedes.com.ar\/principal\/2018\/05\/21\/cultura-cumbia-vibro-en-la-noche-del-sabado-en-la-trocha\/21-aborto-legal-3\/#main\" data-orig-file=\"https:\/\/www.hoymercedes.com.ar\/principal\/wp-content\/uploads\/2018\/05\/21-aborto-legal-3.jpg\" data-orig-size=\"750,500\" data-comments-opened=\"0\" data-image-meta=\"{&quot;aperture&quot;:&quot;5.6&quot;,&quot;credit&quot;:&quot;&quot;,&quot;camera&quot;:&quot;NIKON D3100&quot;,&quot;caption&quot;:&quot;&quot;,&quot;created_timestamp&quot;:&quot;1526837602&quot;,&quot;copyright&quot;:&quot;&quot;,&quot;focal_length&quot;:&quot;34&quot;,&quot;iso&quot;:&quot;400&quot;,&quot;shutter_speed&quot;:&quot;0.008&quot;,&quot;title&quot;:&quot;&quot;,&quot;orientation&quot;:&quot;1&quot;}\" data-image-title=\"21 aborto legal 3\" data-image-description=\"\" data-image-caption=\"\" data-large-file=\"https:\/\/www.hoymercedes.com.ar\/principal\/wp-content\/uploads\/2018\/05\/21-aborto-legal-3.jpg\" class=\"wp-image-76083 size-medium\" src=\"https:\/\/www.hoymercedes.com.ar\/principal\/wp-content\/uploads\/2018\/05\/21-aborto-legal-3-630x420.jpg\" alt=\"\" width=\"630\" height=\"420\" srcset=\"https:\/\/www.hoymercedes.com.ar\/principal\/wp-content\/uploads\/2018\/05\/21-aborto-legal-3-630x420.jpg 630w, https:\/\/www.hoymercedes.com.ar\/principal\/wp-content\/uploads\/2018\/05\/21-aborto-legal-3-150x100.jpg 150w, https:\/\/www.hoymercedes.com.ar\/principal\/wp-content\/uploads\/2018\/05\/21-aborto-legal-3.jpg 750w\" sizes=\"auto, (max-width: 630px) 100vw, 630px\" \/><figcaption id=\"caption-attachment-76083\" class=\"wp-caption-text\">Estudiantes secundarios contaron la experiencia de la consulta realizada en las escuelas de Mercedes<\/figcaption><\/figure>\n<p>\u201cPuedo contar muchas situaciones en donde mujeres, se expusieron a abortos ilegales, y sanguinarios. Donde usaron m\u00e9todos no indicados. Donde estas pr\u00e1cticas cruentas las han dejado mutiladas, las han enfermado, han sufrido complicaciones, o han muerto. En el mejor de los casos los abortos clandestinos se realizan en lugares con seguridad, y las realiza un m\u00e9dico. Esto es algo a lo que nunca van a poder aspirar\u00a0 las mujeres pobres porque cuesta mucha plata. Las mujeres pobres se exponen a sufrir consecuencias tr\u00e1gicas. Tambi\u00e9n les puedo contar que hay m\u00e9dicos y m\u00e9dicas que son objetores de conciencia en sus trabajos formales, pero fuera de ellos realizan abortos clandestinos\u201d, expres\u00f3 Trangoni.<\/p>\n<p>\u201cA aquellas personas que pregonan que est\u00e1n \u2018a favor de la vida\u2019, les digo, que este grupo de mujeres y yo, como tantos otros hombres tambi\u00e9n, estamos a favor de la vida, y querer apropiarse de semejante frase, s\u00f3lo tiene el objetivo de ponernos en una vereda enfrentada a la de ellos, y es por esto que esa declaraci\u00f3n se vuelve violenta. Nadie va a obligar a nadie a realizarse un aborto. Nosotros tambi\u00e9n velamos para que nadie presiones a ninguna persona para tomar esta decisi\u00f3n. De eso tambi\u00e9n se trata, de garantizar la autonom\u00eda sobre sus cuerpos. A las personas que combaten el aborto legal, les podemos reclamar algo. Nunca generaron un movimiento para erradicar el mercado del aborto ilegal, y ah\u00ed es donde radica uno de sus principales problemas, ya que sus discursos pierden sustento\u201d, resalt\u00f3 el orador en el pa\u00f1uelazo de La Trocha.<\/p>\n<p>El cierre del evento en los andenes de La Trocha fue con m\u00fasica. Previamente, los presentes con sus pa\u00f1uelos verdes posaron para la foto grupal.<\/p>\n<p>Por Hoy Mercedes<\/p>\n<figure id=\"attachment_76081\" aria-describedby=\"caption-attachment-76081\" style=\"width: 620px\" class=\"wp-caption aligncenter\"><img loading=\"lazy\" decoding=\"async\" data-attachment-id=\"76081\" data-permalink=\"https:\/\/www.hoymercedes.com.ar\/principal\/2018\/05\/21\/cultura-cumbia-vibro-en-la-noche-del-sabado-en-la-trocha\/21-aborto-legal-1\/#main\" data-orig-file=\"https:\/\/www.hoymercedes.com.ar\/principal\/wp-content\/uploads\/2018\/05\/21-aborto-legal-1.jpg\" data-orig-size=\"814,453\" data-comments-opened=\"0\" data-image-meta=\"{&quot;aperture&quot;:&quot;0&quot;,&quot;credit&quot;:&quot;&quot;,&quot;camera&quot;:&quot;&quot;,&quot;caption&quot;:&quot;&quot;,&quot;created_timestamp&quot;:&quot;0&quot;,&quot;copyright&quot;:&quot;&quot;,&quot;focal_length&quot;:&quot;0&quot;,&quot;iso&quot;:&quot;0&quot;,&quot;shutter_speed&quot;:&quot;0&quot;,&quot;title&quot;:&quot;&quot;,&quot;orientation&quot;:&quot;0&quot;}\" data-image-title=\"21 aborto legal 1\" data-image-description=\"\" data-image-caption=\"\" data-large-file=\"https:\/\/www.hoymercedes.com.ar\/principal\/wp-content\/uploads\/2018\/05\/21-aborto-legal-1.jpg\" class=\"wp-image-76081 size-medium\" src=\"https:\/\/www.hoymercedes.com.ar\/principal\/wp-content\/uploads\/2018\/05\/21-aborto-legal-1-630x351.jpg\" alt=\"\" width=\"630\" height=\"351\" srcset=\"https:\/\/www.hoymercedes.com.ar\/principal\/wp-content\/uploads\/2018\/05\/21-aborto-legal-1-630x351.jpg 630w, https:\/\/www.hoymercedes.com.ar\/principal\/wp-content\/uploads\/2018\/05\/21-aborto-legal-1-150x83.jpg 150w, https:\/\/www.hoymercedes.com.ar\/principal\/wp-content\/uploads\/2018\/05\/21-aborto-legal-1.jpg 814w\" sizes=\"auto, (max-width: 630px) 100vw, 630px\" \/><figcaption id=\"caption-attachment-76081\" class=\"wp-caption-text\">El cierre del pa\u00f1uelazo organizado por la Asamblea de Mujeres Mercedinas<\/figcaption><\/figure>\n","protected":false},"excerpt":{"rendered":"<p>Un nuevo acto a favor del proyecto de ley que despenalizar\u00eda el aborto se llev\u00f3 adelante en la tarde del &#8230; <a title=\"Pa\u00f1uelazo a favor de la despenalizaci\u00f3n del aborto\" class=\"read-more\" href=\"https:\/\/www.hoymercedes.com.ar\/principal\/2018\/05\/21\/panuelazo-a-favor-de-la-despenalizacion-del-aborto\/\" aria-label=\"Leer m\u00e1s sobre Pa\u00f1uelazo a favor de la despenalizaci\u00f3n del aborto\">Leer m\u00e1s<\/a><\/p>\n","protected":false},"author":1,"featured_media":76081,"comment_status":"closed","ping_status":"open","sticky":false,"template":"","format":"standard","meta":{"_monsterinsights_skip_tracking":false,"_monsterinsights_sitenote_active":false,"_monsterinsights_sitenote_note":"","_monsterinsights_sitenote_category":0,"jetpack_post_was_ever_published":false,"_jetpack_newsletter_access":"","_jetpack_dont_email_post_to_subs":false,"_jetpack_newsletter_tier_id":0,"_jetpack_memberships_contains_paywalled_content":false,"_jetpack_memberships_contains_paid_content":false,"footnotes":"","jetpack_publicize_message":"","jetpack_publicize_feature_enabled":true,"jetpack_social_post_already_shared":true,"jetpack_social_options":{"image_generator_settings":{"template":"highway","default_image_id":0,"font":"","enabled":false},"version":2},"_wpas_customize_per_network":false},"categories":[8],"tags":[13148,12569,13145,13147,10,7802],"class_list":["post-76104","post","type-post","status-publish","format-standard","has-post-thumbnail","hentry","category-sociedad","tag-aborto-legal","tag-asamblea-de-mujeres-mercedinas","tag-debate-nacional","tag-debate-sobre-el-aborto","tag-mercedes","tag-sociedad","generate-columns","tablet-grid-50","mobile-grid-100","grid-parent","grid-50"],"jetpack_publicize_connections":[],"jetpack_featured_media_url":"https:\/\/www.hoymercedes.com.ar\/principal\/wp-content\/uploads\/2018\/05\/21-aborto-legal-1.jpg","wps_subtitle":"Domingo en La Trocha","jetpack_sharing_enabled":true,"jetpack-related-posts":[{"id":75679,"url":"https:\/\/www.hoymercedes.com.ar\/principal\/2018\/05\/11\/mural-y-panuelazo-verde-por-la-ley-que-despenalice-el-aborto\/","url_meta":{"origin":76104,"position":0},"title":"Mural y pa\u00f1uelazo verde por la ley que despenalice el aborto","author":"hoymercedes","date":"11 mayo, 2018","format":false,"excerpt":"La Asamblea de Mujeres Mercedinas (AMM) realizar\u00e1 en los pr\u00f3ximos d\u00edas dos actividades de difusi\u00f3n sobre el proyecto de ley que despenalizar\u00eda el aborto. Por un lado, este s\u00e1bado a partir de la hora 15, en uno de los paredones de la esquina de 26 y 29, realizar\u00e1n un mural\u2026","rel":"","context":"En \u00abSociedad\u00bb","block_context":{"text":"Sociedad","link":"https:\/\/www.hoymercedes.com.ar\/principal\/category\/sociedad\/"},"img":{"alt_text":"","src":"https:\/\/i0.wp.com\/www.hoymercedes.com.ar\/principal\/wp-content\/uploads\/2018\/03\/27-mujeres-mercedinas.jpg?resize=350%2C200&ssl=1","width":350,"height":200,"srcset":"https:\/\/i0.wp.com\/www.hoymercedes.com.ar\/principal\/wp-content\/uploads\/2018\/03\/27-mujeres-mercedinas.jpg?resize=350%2C200&ssl=1 1x, https:\/\/i0.wp.com\/www.hoymercedes.com.ar\/principal\/wp-content\/uploads\/2018\/03\/27-mujeres-mercedinas.jpg?resize=525%2C300&ssl=1 1.5x, https:\/\/i0.wp.com\/www.hoymercedes.com.ar\/principal\/wp-content\/uploads\/2018\/03\/27-mujeres-mercedinas.jpg?resize=700%2C400&ssl=1 2x"},"classes":[]},{"id":75761,"url":"https:\/\/www.hoymercedes.com.ar\/principal\/2018\/05\/14\/mural-a-favor-del-proyecto-de-ley-por-el-aborto-legal-seguro-y-gratuito\/","url_meta":{"origin":76104,"position":1},"title":"Mural a favor del proyecto de ley por el aborto legal, seguro y gratuito","author":"hoymercedes","date":"14 mayo, 2018","format":false,"excerpt":"Durante la tarde del \u00faltimo s\u00e1bado, las integrantes de la Asamblea de Mujeres Mercedinas (AMM) realizaron en la esquina de 26 y 29 un mural en donde plasmaron su posici\u00f3n respecto al proyecto de ley para que el aborto sea \u201clegal, seguro y gratuito\u201d y as\u00ed despenalizar la pr\u00e1ctica que\u2026","rel":"","context":"En \u00abSociedad\u00bb","block_context":{"text":"Sociedad","link":"https:\/\/www.hoymercedes.com.ar\/principal\/category\/sociedad\/"},"img":{"alt_text":"","src":"https:\/\/i0.wp.com\/www.hoymercedes.com.ar\/principal\/wp-content\/uploads\/2018\/05\/13-mural-AMM.jpg?resize=350%2C200&ssl=1","width":350,"height":200,"srcset":"https:\/\/i0.wp.com\/www.hoymercedes.com.ar\/principal\/wp-content\/uploads\/2018\/05\/13-mural-AMM.jpg?resize=350%2C200&ssl=1 1x, https:\/\/i0.wp.com\/www.hoymercedes.com.ar\/principal\/wp-content\/uploads\/2018\/05\/13-mural-AMM.jpg?resize=525%2C300&ssl=1 1.5x, https:\/\/i0.wp.com\/www.hoymercedes.com.ar\/principal\/wp-content\/uploads\/2018\/05\/13-mural-AMM.jpg?resize=700%2C400&ssl=1 2x"},"classes":[]},{"id":79583,"url":"https:\/\/www.hoymercedes.com.ar\/principal\/2018\/08\/07\/la-asamblea-de-mujeres-tuvo-su-festival-y-el-dia-8-estara-en-el-senado\/","url_meta":{"origin":76104,"position":2},"title":"La Asamblea de Mujeres tuvo su festival y el d\u00eda 8 estar\u00e1 en el Senado","author":"hoymercedes","date":"7 agosto, 2018","format":false,"excerpt":"Este mi\u00e9rcoles 8 de agosto, la Asamblea Mercedina se har\u00e1 presente en la movilizaci\u00f3n y concentraci\u00f3n prevista para toda la jornada en la Plaza de los Dos Congreso a la espera de la votaci\u00f3n de los Senadores Nacionales y el tratamiento del proyecto de ley que permita la interrupci\u00f3n voluntaria\u2026","rel":"","context":"En \u00abSociedad\u00bb","block_context":{"text":"Sociedad","link":"https:\/\/www.hoymercedes.com.ar\/principal\/category\/sociedad\/"},"img":{"alt_text":"","src":"https:\/\/i0.wp.com\/www.hoymercedes.com.ar\/principal\/wp-content\/uploads\/2018\/08\/05-marea-verde-2.jpg?resize=350%2C200&ssl=1","width":350,"height":200,"srcset":"https:\/\/i0.wp.com\/www.hoymercedes.com.ar\/principal\/wp-content\/uploads\/2018\/08\/05-marea-verde-2.jpg?resize=350%2C200&ssl=1 1x, https:\/\/i0.wp.com\/www.hoymercedes.com.ar\/principal\/wp-content\/uploads\/2018\/08\/05-marea-verde-2.jpg?resize=525%2C300&ssl=1 1.5x, https:\/\/i0.wp.com\/www.hoymercedes.com.ar\/principal\/wp-content\/uploads\/2018\/08\/05-marea-verde-2.jpg?resize=700%2C400&ssl=1 2x"},"classes":[]},{"id":81660,"url":"https:\/\/www.hoymercedes.com.ar\/principal\/2018\/09\/26\/abolicionismo-y-feminismo-este-viernes-en-el-teatro-municipal\/","url_meta":{"origin":76104,"position":3},"title":"Abolicionismo y Feminismo este viernes en el teatro municipal","author":"hoymercedes","date":"26 septiembre, 2018","format":false,"excerpt":"El venidero viernes 28 de septiembre, 19 horas, el hall de entrada del Centro Cultural Teatro Argentino \u201cJulio C. Gioscio\u201d, la Asamblea de Mujeres Mercedinas, Diversa y Feminista, estar\u00e1 organizando una charla a cargo de Romina Pereyra. En el marco del D\u00eda de la Lucha Mundial por la Despenalizaci\u00f3n y\u2026","rel":"","context":"En \u00abSociedad\u00bb","block_context":{"text":"Sociedad","link":"https:\/\/www.hoymercedes.com.ar\/principal\/category\/sociedad\/"},"img":{"alt_text":"","src":"https:\/\/i0.wp.com\/www.hoymercedes.com.ar\/principal\/wp-content\/uploads\/2018\/09\/26-latortora.jpg?resize=350%2C200&ssl=1","width":350,"height":200},"classes":[]},{"id":117609,"url":"https:\/\/www.hoymercedes.com.ar\/principal\/2020\/09\/29\/28s-panuelazo-el-aborto-legal-en-america-latina\/","url_meta":{"origin":76104,"position":4},"title":"#28S Pa\u00f1uelazo el aborto legal en Am\u00e9rica Latina","author":"Clarisa Altieri","date":"29 septiembre, 2020","format":false,"excerpt":"Este lunes\u00a0se conmemor\u00f3\u00a0el D\u00eda de la Lucha por la Despenalizaci\u00f3n y Legalizaci\u00f3n del aborto\u00a0en Am\u00e9rica Latina y el Caribe y la Campa\u00f1a Nacional por el Derecho al Aborto Legal, Seguro y Gratuito y otras organizaciones reclamaron a las y los\u00a0pol\u00edticos que este 2020 se apruebe el\u00a0proyecto de ley de Interrupci\u00f3n\u2026","rel":"","context":"En \u00abSociedad\u00bb","block_context":{"text":"Sociedad","link":"https:\/\/www.hoymercedes.com.ar\/principal\/category\/sociedad\/"},"img":{"alt_text":"","src":"https:\/\/i0.wp.com\/www.hoymercedes.com.ar\/principal\/wp-content\/uploads\/2020\/09\/28-aborto-legal.jpg?resize=350%2C200&ssl=1","width":350,"height":200,"srcset":"https:\/\/i0.wp.com\/www.hoymercedes.com.ar\/principal\/wp-content\/uploads\/2020\/09\/28-aborto-legal.jpg?resize=350%2C200&ssl=1 1x, https:\/\/i0.wp.com\/www.hoymercedes.com.ar\/principal\/wp-content\/uploads\/2020\/09\/28-aborto-legal.jpg?resize=525%2C300&ssl=1 1.5x, https:\/\/i0.wp.com\/www.hoymercedes.com.ar\/principal\/wp-content\/uploads\/2020\/09\/28-aborto-legal.jpg?resize=700%2C400&ssl=1 2x"},"classes":[]},{"id":77230,"url":"https:\/\/www.hoymercedes.com.ar\/principal\/2018\/06\/13\/banca-participativa-a-favor-del-aborto-legal\/","url_meta":{"origin":76104,"position":5},"title":"Banca participativa a favor del aborto legal","author":"hoymercedes","date":"13 junio, 2018","format":false,"excerpt":"A pocas horas de la votaci\u00f3n en el Congreso Nacional por el proyecto de ley que despenaliza el aborto, en la sesi\u00f3n ordinaria del Concejo Deliberante de Mercedes hicieron uso de la banca participativa la Asamblea de Mujeres Mercedinas. La intenci\u00f3n de las integrantes de la asamblea era que el\u2026","rel":"","context":"En \u00abPol\u00edtica\u00bb","block_context":{"text":"Pol\u00edtica","link":"https:\/\/www.hoymercedes.com.ar\/principal\/category\/politica\/"},"img":{"alt_text":"","src":"https:\/\/i0.wp.com\/www.hoymercedes.com.ar\/principal\/wp-content\/uploads\/2018\/06\/12-banca-mujeres-aborto3.jpg?resize=350%2C200&ssl=1","width":350,"height":200,"srcset":"https:\/\/i0.wp.com\/www.hoymercedes.com.ar\/principal\/wp-content\/uploads\/2018\/06\/12-banca-mujeres-aborto3.jpg?resize=350%2C200&ssl=1 1x, https:\/\/i0.wp.com\/www.hoymercedes.com.ar\/principal\/wp-content\/uploads\/2018\/06\/12-banca-mujeres-aborto3.jpg?resize=525%2C300&ssl=1 1.5x, https:\/\/i0.wp.com\/www.hoymercedes.com.ar\/principal\/wp-content\/uploads\/2018\/06\/12-banca-mujeres-aborto3.jpg?resize=700%2C400&ssl=1 2x"},"classes":[]}],"_links":{"self":[{"href":"https:\/\/www.hoymercedes.com.ar\/principal\/wp-json\/wp\/v2\/posts\/76104","targetHints":{"allow":["GET"]}}],"collection":[{"href":"https:\/\/www.hoymercedes.com.ar\/principal\/wp-json\/wp\/v2\/posts"}],"about":[{"href":"https:\/\/www.hoymercedes.com.ar\/principal\/wp-json\/wp\/v2\/types\/post"}],"author":[{"embeddable":true,"href":"https:\/\/www.hoymercedes.com.ar\/principal\/wp-json\/wp\/v2\/users\/1"}],"replies":[{"embeddable":true,"href":"https:\/\/www.hoymercedes.com.ar\/principal\/wp-json\/wp\/v2\/comments?post=76104"}],"version-history":[{"count":0,"href":"https:\/\/www.hoymercedes.com.ar\/principal\/wp-json\/wp\/v2\/posts\/76104\/revisions"}],"wp:featuredmedia":[{"embeddable":true,"href":"https:\/\/www.hoymercedes.com.ar\/principal\/wp-json\/wp\/v2\/media\/76081"}],"wp:attachment":[{"href":"https:\/\/www.hoymercedes.com.ar\/principal\/wp-json\/wp\/v2\/media?parent=76104"}],"wp:term":[{"taxonomy":"category","embeddable":true,"href":"https:\/\/www.hoymercedes.com.ar\/principal\/wp-json\/wp\/v2\/categories?post=76104"},{"taxonomy":"post_tag","embeddable":true,"href":"https:\/\/www.hoymercedes.com.ar\/principal\/wp-json\/wp\/v2\/tags?post=76104"}],"curies":[{"name":"wp","href":"https:\/\/api.w.org\/{rel}","templated":true}]}}