{"id":76117,"date":"2018-05-22T07:29:59","date_gmt":"2018-05-22T10:29:59","guid":{"rendered":"http:\/\/www.hoymercedes.com.ar\/principal\/?p=76117"},"modified":"2018-05-21T14:49:48","modified_gmt":"2018-05-21T17:49:48","slug":"juan-scasso-y-matias-cabrera-se-perfilan-como-candidatos","status":"publish","type":"post","link":"https:\/\/www.hoymercedes.com.ar\/principal\/2018\/05\/22\/juan-scasso-y-matias-cabrera-se-perfilan-como-candidatos\/","title":{"rendered":"Juan Scasso y Mat\u00edas Cabrera se perfilan como candidatos"},"content":{"rendered":"<p><strong>Foto: Laura Kruger.<\/strong> Uno en la Promocional y el otro en Intermedia. Ambos terminaron segundos en la general de la carrera en Bragado y est\u00e1n decididos a pelear por el t\u00edtulo de la temporada. Agust\u00edn C\u00e1mpora y Santiago Scasso tambi\u00e9n fueron parte de la carrera.<\/p>\n<p><img loading=\"lazy\" decoding=\"async\" data-attachment-id=\"76118\" data-permalink=\"https:\/\/www.hoymercedes.com.ar\/principal\/2018\/05\/22\/juan-scasso-y-matias-cabrera-se-perfilan-como-candidatos\/whatsapp-image-2018-05-21-at-10-07-06\/#main\" data-orig-file=\"https:\/\/www.hoymercedes.com.ar\/principal\/wp-content\/uploads\/2018\/05\/WhatsApp-Image-2018-05-21-at-10.07.06.jpeg\" data-orig-size=\"1024,604\" data-comments-opened=\"0\" data-image-meta=\"{&quot;aperture&quot;:&quot;0&quot;,&quot;credit&quot;:&quot;&quot;,&quot;camera&quot;:&quot;&quot;,&quot;caption&quot;:&quot;&quot;,&quot;created_timestamp&quot;:&quot;0&quot;,&quot;copyright&quot;:&quot;&quot;,&quot;focal_length&quot;:&quot;0&quot;,&quot;iso&quot;:&quot;0&quot;,&quot;shutter_speed&quot;:&quot;0&quot;,&quot;title&quot;:&quot;&quot;,&quot;orientation&quot;:&quot;0&quot;}\" data-image-title=\"WhatsApp Image 2018-05-21 at 10.07.06\" data-image-description=\"\" data-image-caption=\"\" data-large-file=\"https:\/\/www.hoymercedes.com.ar\/principal\/wp-content\/uploads\/2018\/05\/WhatsApp-Image-2018-05-21-at-10.07.06-1024x604.jpeg\" class=\"aligncenter size-medium wp-image-76118\" src=\"https:\/\/www.hoymercedes.com.ar\/principal\/wp-content\/uploads\/2018\/05\/WhatsApp-Image-2018-05-21-at-10.07.06-630x372.jpeg\" alt=\"\" width=\"630\" height=\"372\" srcset=\"https:\/\/www.hoymercedes.com.ar\/principal\/wp-content\/uploads\/2018\/05\/WhatsApp-Image-2018-05-21-at-10.07.06-630x372.jpeg 630w, https:\/\/www.hoymercedes.com.ar\/principal\/wp-content\/uploads\/2018\/05\/WhatsApp-Image-2018-05-21-at-10.07.06-150x88.jpeg 150w, https:\/\/www.hoymercedes.com.ar\/principal\/wp-content\/uploads\/2018\/05\/WhatsApp-Image-2018-05-21-at-10.07.06.jpeg 1024w\" sizes=\"auto, (max-width: 630px) 100vw, 630px\" \/><\/p>\n<p>El pasado fin de semana se desarroll\u00f3 la segunda fecha del certamen provincial de Motocross. El MX del Norte tuvo su segunda parada en el circuito El Complejo MX de la ciudad de Bragado, uno de los escenarios m\u00e1s visitados por la categor\u00eda en los \u00faltimos a\u00f1os.<\/p>\n<p>Esta temporada es la d\u00e9cima del bonaerense por cuanto tiene un sabor especial pelear por los t\u00edtulos y de hecho ya hay mercedinos que comienzan a mirar la cima con el objetivo de buscar consagraciones. De hecho este fin de semana hubo cuatro representantes locales y dos de ellos tuvieron la oportunidad de ser parte de la ceremonia de coronaci\u00f3n en posiciones que le permitieron quedar en el ranking en ubicaciones expectantes.<\/p>\n<p>La tarde del domingo cobij\u00f3 las mangas de carrera donde hubo lucimientos por parte de nuestros representantes. Dos segundos puestos muy cerca de obtener victorias.<\/p>\n<p><strong>Actuaciones<\/strong><\/p>\n<p>Para hablar de lo acontecido en pista es oportuno comenzar por la categor\u00eda Promocional donde el mercedino Juan Scasso marc\u00f3 un dominio en la primera competencia que fue de principio a fin. Buena largada para el piloto de la moto #73 y afianzamiento en la punta hasta la bandera a cuadros.<\/p>\n<p>En la segunda y \u00faltima carrera su rendimiento fue bueno pero no alcanz\u00f3 m\u00e1s que para terminar en un aceptable tercer puesto. Esto lo dej\u00f3 segundo en la general a tan solo dos unidades del ganador, Santiago Trezza de Alberti. La buena actuaci\u00f3n de Scasso en Zarate le permite ahora estar en la cima del campeonato. Tambi\u00e9n fue parte de esta categor\u00eda Agust\u00edn C\u00e1mpora quien no pudo repetir buenas actuaciones y concluy\u00f3 en el puesto 11 sumando puntos interesantes para seguir en una pelea que reci\u00e9n arranca.<\/p>\n<p>En la Intermedia Mat\u00edas Cabrera protagoniz\u00f3 interesantes carreras. En la primera competencia defendi\u00f3 el tercer puesto hasta los metros finales y en la bandera a cuadros se le arrebataron por menos de una rueda. M\u00e1s decidido y muy s\u00f3lido en la final fue segundo con chances de avanzar a la primera colocaci\u00f3n. El \u201cgaucho\u201d Cabrera es ahora segundo del campeonato.<\/p>\n<p>Es oportuno destacar que tambi\u00e9n regres\u00f3 a la actividad Santiago Scasso despu\u00e9s de largo tiempo. Lo hizo en una competitiva MX2 donde solo pudo alcanzar la 14\u00ba colocaci\u00f3n. En junio se disputar\u00e1 la tercera fecha y ser\u00e1 la misma en el Savage Ride de la ciudad de Mar del Plata.<\/p>\n","protected":false},"excerpt":{"rendered":"<p>Foto: Laura Kruger. Uno en la Promocional y el otro en Intermedia. Ambos terminaron segundos en la general de la &#8230; <a title=\"Juan Scasso y Mat\u00edas Cabrera se perfilan como candidatos\" class=\"read-more\" href=\"https:\/\/www.hoymercedes.com.ar\/principal\/2018\/05\/22\/juan-scasso-y-matias-cabrera-se-perfilan-como-candidatos\/\" aria-label=\"Leer m\u00e1s sobre Juan Scasso y Mat\u00edas Cabrera se perfilan como candidatos\">Leer m\u00e1s<\/a><\/p>\n","protected":false},"author":1,"featured_media":76118,"comment_status":"closed","ping_status":"open","sticky":false,"template":"","format":"standard","meta":{"_monsterinsights_skip_tracking":false,"_monsterinsights_sitenote_active":false,"_monsterinsights_sitenote_note":"","_monsterinsights_sitenote_category":0,"jetpack_post_was_ever_published":false,"_jetpack_newsletter_access":"","_jetpack_dont_email_post_to_subs":false,"_jetpack_newsletter_tier_id":0,"_jetpack_memberships_contains_paywalled_content":false,"_jetpack_memberships_contains_paid_content":false,"footnotes":"","jetpack_publicize_message":"","jetpack_publicize_feature_enabled":true,"jetpack_social_post_already_shared":true,"jetpack_social_options":{"image_generator_settings":{"template":"highway","default_image_id":0,"font":"","enabled":false},"version":2},"_wpas_customize_per_network":false},"categories":[21],"tags":[204,13150,11332,10984,13151],"class_list":["post-76117","post","type-post","status-publish","format-standard","has-post-thumbnail","hentry","category-deportes","tag-deportes-2","tag-juan-scasso","tag-matias-cabrera","tag-motocross","tag-torneo-provincia","generate-columns","tablet-grid-50","mobile-grid-100","grid-parent","grid-50"],"jetpack_publicize_connections":[],"jetpack_featured_media_url":"https:\/\/www.hoymercedes.com.ar\/principal\/wp-content\/uploads\/2018\/05\/WhatsApp-Image-2018-05-21-at-10.07.06.jpeg","wps_subtitle":"Bonaerense de Motocross","jetpack_sharing_enabled":true,"_links":{"self":[{"href":"https:\/\/www.hoymercedes.com.ar\/principal\/wp-json\/wp\/v2\/posts\/76117","targetHints":{"allow":["GET"]}}],"collection":[{"href":"https:\/\/www.hoymercedes.com.ar\/principal\/wp-json\/wp\/v2\/posts"}],"about":[{"href":"https:\/\/www.hoymercedes.com.ar\/principal\/wp-json\/wp\/v2\/types\/post"}],"author":[{"embeddable":true,"href":"https:\/\/www.hoymercedes.com.ar\/principal\/wp-json\/wp\/v2\/users\/1"}],"replies":[{"embeddable":true,"href":"https:\/\/www.hoymercedes.com.ar\/principal\/wp-json\/wp\/v2\/comments?post=76117"}],"version-history":[{"count":0,"href":"https:\/\/www.hoymercedes.com.ar\/principal\/wp-json\/wp\/v2\/posts\/76117\/revisions"}],"wp:featuredmedia":[{"embeddable":true,"href":"https:\/\/www.hoymercedes.com.ar\/principal\/wp-json\/wp\/v2\/media\/76118"}],"wp:attachment":[{"href":"https:\/\/www.hoymercedes.com.ar\/principal\/wp-json\/wp\/v2\/media?parent=76117"}],"wp:term":[{"taxonomy":"category","embeddable":true,"href":"https:\/\/www.hoymercedes.com.ar\/principal\/wp-json\/wp\/v2\/categories?post=76117"},{"taxonomy":"post_tag","embeddable":true,"href":"https:\/\/www.hoymercedes.com.ar\/principal\/wp-json\/wp\/v2\/tags?post=76117"}],"curies":[{"name":"wp","href":"https:\/\/api.w.org\/{rel}","templated":true}]}}