{"id":76120,"date":"2018-05-21T14:40:24","date_gmt":"2018-05-21T17:40:24","guid":{"rendered":"http:\/\/www.hoymercedes.com.ar\/principal\/?p=76120"},"modified":"2018-05-21T14:40:24","modified_gmt":"2018-05-21T17:40:24","slug":"consejo-escolar-inician-licitacion-para-obras-en-instituciones-educativas","status":"publish","type":"post","link":"https:\/\/www.hoymercedes.com.ar\/principal\/2018\/05\/21\/consejo-escolar-inician-licitacion-para-obras-en-instituciones-educativas\/","title":{"rendered":"Consejo Escolar: inician licitaci\u00f3n para obras en instituciones educativas"},"content":{"rendered":"<p>Desde el Consejo Escolar de Mercedes informaron que este martes 22 de mayo se inicia la semana para retiro y compra de pliegos en la \u00abcompulsa de precios\u00bb para la realizaci\u00f3n de obras en instituciones educativas de la ciudad.<\/p>\n<p>De acuerdo a la informaci\u00f3n brindada, entre el martes y el jueves 24 de mayo, de 8 a 11 horas, se podr\u00e1 retirar y comprar los pliegos, mientras que el jueves a las 9:30 se podr\u00e1 visitar las escuelas que requieren las obras. En tanto, la apertura de las ofertas ser\u00e1 el lunes 28 de mayo, 13:30 horas.<\/p>\n<p>Las escuelas, obras a licitar y valores son:<\/p>\n<ul>\n<li>EESA N\u00b0 1 (Agrot\u00e9cnica) Base GLP. Valor oficial: $39697,67<\/li>\n<li>Jard\u00edn de Infantes N\u00b0 902. Piso de Cocina. Valor oficial: $22366,66<\/li>\n<li>Escuela Secundaria N\u00b0 14. Cubierta. Valor oficial: $223487,43<\/li>\n<li>Jard\u00edn de Infantes N\u00b0 914. Galer\u00eda. Valor oficial: $142664,26<\/li>\n<\/ul>\n<p>&nbsp;<\/p>\n<p>\u00abAdem\u00e1s informamos que la reparaci\u00f3n de lo relevado en el ex Colegio Nacional se adjudic\u00f3 directamente por la urgencia del mismo y comienza esta semana, al igual que la reparaci\u00f3n del piso en la Escuela N\u00b0 2\u00bb, resaltaron desde el Consejo Escolar de Mercedes.<\/p>\n<p>\u00abSeguimos trabajando sin descanso para todas las instituciones, la demanda es mucha y sabemos que falta, pero tambi\u00e9n sabemos que desde que asumimos realizamos cambios significativos en una gran cantidad de instituciones en lo que hace a materiales, infraestructura, puestas en valor, reparaciones, en los comedores, en transporte y vamos a seguir por m\u00e1s\u00bb, agrega Ana Darritchon, presidente del Consejo Escolar de Mercedes.<\/p>\n","protected":false},"excerpt":{"rendered":"<p>Desde el Consejo Escolar de Mercedes informaron que este martes 22 de mayo se inicia la semana para retiro y &#8230; <a title=\"Consejo Escolar: inician licitaci\u00f3n para obras en instituciones educativas\" class=\"read-more\" href=\"https:\/\/www.hoymercedes.com.ar\/principal\/2018\/05\/21\/consejo-escolar-inician-licitacion-para-obras-en-instituciones-educativas\/\" aria-label=\"Leer m\u00e1s sobre Consejo Escolar: inician licitaci\u00f3n para obras en instituciones educativas\">Leer m\u00e1s<\/a><\/p>\n","protected":false},"author":1,"featured_media":76121,"comment_status":"closed","ping_status":"open","sticky":false,"template":"","format":"standard","meta":{"_monsterinsights_skip_tracking":false,"_monsterinsights_sitenote_active":false,"_monsterinsights_sitenote_note":"","_monsterinsights_sitenote_category":0,"jetpack_post_was_ever_published":false,"_jetpack_newsletter_access":"","_jetpack_dont_email_post_to_subs":false,"_jetpack_newsletter_tier_id":0,"_jetpack_memberships_contains_paywalled_content":false,"_jetpack_memberships_contains_paid_content":false,"footnotes":"","jetpack_publicize_message":"","jetpack_publicize_feature_enabled":true,"jetpack_social_post_already_shared":true,"jetpack_social_options":{"image_generator_settings":{"template":"highway","default_image_id":0,"font":"","enabled":false},"version":2},"_wpas_customize_per_network":false},"categories":[23],"tags":[1317,47,989,13149,10,1014],"class_list":["post-76120","post","type-post","status-publish","format-standard","has-post-thumbnail","hentry","category-educacion","tag-consejo-escolar","tag-educacion-2","tag-escuelas","tag-llamados-a-licitacion","tag-mercedes","tag-obras","generate-columns","tablet-grid-50","mobile-grid-100","grid-parent","grid-50"],"jetpack_publicize_connections":[],"jetpack_featured_media_url":"https:\/\/www.hoymercedes.com.ar\/principal\/wp-content\/uploads\/2018\/05\/33083899_1723797301061108_9007898260668416000_n.png","wps_subtitle":"Semana de compra de pliegos","jetpack_sharing_enabled":true,"_links":{"self":[{"href":"https:\/\/www.hoymercedes.com.ar\/principal\/wp-json\/wp\/v2\/posts\/76120","targetHints":{"allow":["GET"]}}],"collection":[{"href":"https:\/\/www.hoymercedes.com.ar\/principal\/wp-json\/wp\/v2\/posts"}],"about":[{"href":"https:\/\/www.hoymercedes.com.ar\/principal\/wp-json\/wp\/v2\/types\/post"}],"author":[{"embeddable":true,"href":"https:\/\/www.hoymercedes.com.ar\/principal\/wp-json\/wp\/v2\/users\/1"}],"replies":[{"embeddable":true,"href":"https:\/\/www.hoymercedes.com.ar\/principal\/wp-json\/wp\/v2\/comments?post=76120"}],"version-history":[{"count":0,"href":"https:\/\/www.hoymercedes.com.ar\/principal\/wp-json\/wp\/v2\/posts\/76120\/revisions"}],"wp:featuredmedia":[{"embeddable":true,"href":"https:\/\/www.hoymercedes.com.ar\/principal\/wp-json\/wp\/v2\/media\/76121"}],"wp:attachment":[{"href":"https:\/\/www.hoymercedes.com.ar\/principal\/wp-json\/wp\/v2\/media?parent=76120"}],"wp:term":[{"taxonomy":"category","embeddable":true,"href":"https:\/\/www.hoymercedes.com.ar\/principal\/wp-json\/wp\/v2\/categories?post=76120"},{"taxonomy":"post_tag","embeddable":true,"href":"https:\/\/www.hoymercedes.com.ar\/principal\/wp-json\/wp\/v2\/tags?post=76120"}],"curies":[{"name":"wp","href":"https:\/\/api.w.org\/{rel}","templated":true}]}}