{"id":76127,"date":"2018-05-22T11:21:50","date_gmt":"2018-05-22T14:21:50","guid":{"rendered":"http:\/\/www.hoymercedes.com.ar\/principal\/?p=76127"},"modified":"2018-05-22T16:20:23","modified_gmt":"2018-05-22T19:20:23","slug":"municipio-brindo-aporte-a-las-gimnastas-pisani-y-mancusi","status":"publish","type":"post","link":"https:\/\/www.hoymercedes.com.ar\/principal\/2018\/05\/22\/municipio-brindo-aporte-a-las-gimnastas-pisani-y-mancusi\/","title":{"rendered":"Municipio brind\u00f3 aporte a las gimnastas Pisani y Mancusi"},"content":{"rendered":"<p class=\"x_MsoNormal\"><span lang=\"ES-AR\">Continuando con la visi\u00f3n de apoyo al deporte y quienes nos representan, el intendente Dr. Juan Ignacio Ustarroz se reuni\u00f3 con las j\u00f3venes Stafenia Sol Pisani y Lara Mancusi, quienes desarrollan la actividad deportiva \u201cGimnasia aer\u00f3bica\u201d. Las mismas participaran en el Mundial de Gimnasia Aer\u00f3bica \u2013m\u00e1ximo evento en este deporte- a realizarse en Portugal. Por este motivo, el Municipio de Mercedes, otorg\u00f3 a ambas, un subsidio de diez mil pesos. \u201cEs una forma de incentivar a los deportistas para que sigan realizando y creciendo en las diferentes pr\u00e1cticas deportivas. Para nosotros es un orgullo que representen a la ciudad y les vaya cada vez mejor\u00bb destac\u00f3 el intendente, el Dr. Juan Ignacio Ustarroz.<\/span><\/p>\n<p><img loading=\"lazy\" decoding=\"async\" data-attachment-id=\"76128\" data-permalink=\"https:\/\/www.hoymercedes.com.ar\/principal\/2018\/05\/22\/municipio-brindo-aporte-a-las-gimnastas-pisani-y-mancusi\/gimnastas\/#main\" data-orig-file=\"https:\/\/www.hoymercedes.com.ar\/principal\/wp-content\/uploads\/2018\/05\/gimnastas.jpg\" data-orig-size=\"881,588\" data-comments-opened=\"0\" data-image-meta=\"{&quot;aperture&quot;:&quot;0&quot;,&quot;credit&quot;:&quot;&quot;,&quot;camera&quot;:&quot;&quot;,&quot;caption&quot;:&quot;&quot;,&quot;created_timestamp&quot;:&quot;0&quot;,&quot;copyright&quot;:&quot;&quot;,&quot;focal_length&quot;:&quot;0&quot;,&quot;iso&quot;:&quot;0&quot;,&quot;shutter_speed&quot;:&quot;0&quot;,&quot;title&quot;:&quot;&quot;,&quot;orientation&quot;:&quot;0&quot;}\" data-image-title=\"gimnastas\" data-image-description=\"\" data-image-caption=\"\" data-large-file=\"https:\/\/www.hoymercedes.com.ar\/principal\/wp-content\/uploads\/2018\/05\/gimnastas.jpg\" class=\"aligncenter size-medium wp-image-76128\" src=\"https:\/\/www.hoymercedes.com.ar\/principal\/wp-content\/uploads\/2018\/05\/gimnastas-630x420.jpg\" alt=\"\" width=\"630\" height=\"420\" srcset=\"https:\/\/www.hoymercedes.com.ar\/principal\/wp-content\/uploads\/2018\/05\/gimnastas-630x420.jpg 630w, https:\/\/www.hoymercedes.com.ar\/principal\/wp-content\/uploads\/2018\/05\/gimnastas-150x100.jpg 150w, https:\/\/www.hoymercedes.com.ar\/principal\/wp-content\/uploads\/2018\/05\/gimnastas.jpg 881w\" sizes=\"auto, (max-width: 630px) 100vw, 630px\" \/><\/p>\n<p class=\"x_MsoNormal\"><span lang=\"ES-AR\">Adem\u00e1s, el primer mandatario, afirm\u00f3 \u201cdesde el Municipio tratamos de colaborar con algo, la mayor\u00eda del recurso lo pone el deportista, pero el municipio siempre trata de ayudar en lo posible\u201d<\/span><\/p>\n<p class=\"x_MsoNormal\"><span lang=\"ES-AR\">Quien tambi\u00e9n estuvo presente fue el Director de Deportes, Mart\u00edn Silvestre, qui\u00e9n dijo \u201cla idea es seguir acompa\u00f1ando a todos nuestros deportistas\u201d y resalt\u00f3 \u201csabemos del gran trabajo que vienen realizando, no es nada f\u00e1cil llegar al mundial \u2013de cualquier deporte- y por eso este apoyo\u201d.<\/span><\/p>\n<p class=\"x_MsoNormal\"><span lang=\"ES-AR\">Dicha actividad deportiva es del tipo amateur, lo que les resulta a las deportistas, muy dif\u00edcil poder afrontar con los diferentes gastos.<\/span><\/p>\n<p class=\"x_MsoNormal\"><span lang=\"ES-AR\">De esta manera, el Municipio aporta su granito de arena, en la concreci\u00f3n de los sue\u00f1os de los deportistas de nuestra ciudad.<\/span><\/p>\n","protected":false},"excerpt":{"rendered":"<p>Continuando con la visi\u00f3n de apoyo al deporte y quienes nos representan, el intendente Dr. Juan Ignacio Ustarroz se reuni\u00f3 &#8230; <a title=\"Municipio brind\u00f3 aporte a las gimnastas Pisani y Mancusi\" class=\"read-more\" href=\"https:\/\/www.hoymercedes.com.ar\/principal\/2018\/05\/22\/municipio-brindo-aporte-a-las-gimnastas-pisani-y-mancusi\/\" aria-label=\"Leer m\u00e1s sobre Municipio brind\u00f3 aporte a las gimnastas Pisani y Mancusi\">Leer m\u00e1s<\/a><\/p>\n","protected":false},"author":1,"featured_media":76128,"comment_status":"closed","ping_status":"open","sticky":false,"template":"","format":"standard","meta":{"_monsterinsights_skip_tracking":false,"_monsterinsights_sitenote_active":false,"_monsterinsights_sitenote_note":"","_monsterinsights_sitenote_category":0,"jetpack_post_was_ever_published":false,"_jetpack_newsletter_access":"","_jetpack_dont_email_post_to_subs":false,"_jetpack_newsletter_tier_id":0,"_jetpack_memberships_contains_paywalled_content":false,"_jetpack_memberships_contains_paid_content":false,"footnotes":"","jetpack_publicize_message":"","jetpack_publicize_feature_enabled":true,"jetpack_social_post_already_shared":true,"jetpack_social_options":{"image_generator_settings":{"template":"highway","default_image_id":0,"font":"","enabled":false},"version":2},"_wpas_customize_per_network":false},"categories":[21],"tags":[204,12197,244],"class_list":["post-76127","post","type-post","status-publish","format-standard","has-post-thumbnail","hentry","category-deportes","tag-deportes-2","tag-gimnasia-aerobica","tag-municipio-2","generate-columns","tablet-grid-50","mobile-grid-100","grid-parent","grid-50"],"jetpack_publicize_connections":[],"jetpack_featured_media_url":"https:\/\/www.hoymercedes.com.ar\/principal\/wp-content\/uploads\/2018\/05\/gimnastas.jpg","wps_subtitle":"Gimnasia Aer\u00f3bica","jetpack_sharing_enabled":true,"_links":{"self":[{"href":"https:\/\/www.hoymercedes.com.ar\/principal\/wp-json\/wp\/v2\/posts\/76127","targetHints":{"allow":["GET"]}}],"collection":[{"href":"https:\/\/www.hoymercedes.com.ar\/principal\/wp-json\/wp\/v2\/posts"}],"about":[{"href":"https:\/\/www.hoymercedes.com.ar\/principal\/wp-json\/wp\/v2\/types\/post"}],"author":[{"embeddable":true,"href":"https:\/\/www.hoymercedes.com.ar\/principal\/wp-json\/wp\/v2\/users\/1"}],"replies":[{"embeddable":true,"href":"https:\/\/www.hoymercedes.com.ar\/principal\/wp-json\/wp\/v2\/comments?post=76127"}],"version-history":[{"count":0,"href":"https:\/\/www.hoymercedes.com.ar\/principal\/wp-json\/wp\/v2\/posts\/76127\/revisions"}],"wp:featuredmedia":[{"embeddable":true,"href":"https:\/\/www.hoymercedes.com.ar\/principal\/wp-json\/wp\/v2\/media\/76128"}],"wp:attachment":[{"href":"https:\/\/www.hoymercedes.com.ar\/principal\/wp-json\/wp\/v2\/media?parent=76127"}],"wp:term":[{"taxonomy":"category","embeddable":true,"href":"https:\/\/www.hoymercedes.com.ar\/principal\/wp-json\/wp\/v2\/categories?post=76127"},{"taxonomy":"post_tag","embeddable":true,"href":"https:\/\/www.hoymercedes.com.ar\/principal\/wp-json\/wp\/v2\/tags?post=76127"}],"curies":[{"name":"wp","href":"https:\/\/api.w.org\/{rel}","templated":true}]}}