{"id":7613,"date":"2011-09-24T21:31:10","date_gmt":"2011-09-24T21:31:10","guid":{"rendered":"http:\/\/www.hoymercedes.com.ar\/principal\/?p=7613"},"modified":"2011-09-24T21:31:10","modified_gmt":"2011-09-24T21:31:10","slug":"ascensos-en-el-personal-de-la-unidad-5-de-mercedes","status":"publish","type":"post","link":"https:\/\/www.hoymercedes.com.ar\/principal\/2011\/09\/24\/ascensos-en-el-personal-de-la-unidad-5-de-mercedes\/","title":{"rendered":"Ascensos en el personal de la Unidad 5 de Mercedes"},"content":{"rendered":"<p>El viernes a las 11 horas, frente a la Unidad se realiz\u00f3 la ceremonia de entregas de jerarqu\u00edas al personal recientemente ascendido al grado inmediato superior.<\/p>\n<p>Estuvieron presentes en el acto el Intendente Municipal Carlos Selva, el Jefe del Complejo Penitenciario Norte Inspector Mayor Rafael Barbatto, el Juez de Ejecuci\u00f3n N\u00ba 2 Dr. Ricardo Oliveira Bucarini, el Director de la Unidad 5 Mercedes, Inspector Mayor Melit\u00f3n Gines, los Directores de las Unidades pertenecientes a la zona Norte, el Director del Instituto de Gendarmer\u00eda Nacional, Comandante Mayor Marcelo Luis Martinengo, el Director de la Escuela Media N\u00ba 2 Sergio Denapole, la Directora del Instituto de Formaci\u00f3n Docente y Tecnica N\u00ba 7 Susana Stabile, la Secretaria de la Escuela Primaria N\u00b0 701 Marisa Mosca, el Director Centro Formaci\u00f3n Profesional Juan Ignacio Balbi, el Director de la Escuela de Enfermer\u00eda Lic. Jorge Didomenico, personales en actividad, retirados y familiares.<\/p>\n<p>Luego de la entrega, el Intendente saludo y felicit\u00f3 a los presentes destacando el trabajo y compromiso que desde la Unidad se da al tratamiento de las personas privadas de la libertad y a los ascendidos por haberlo logrado un paso mas en su carrera.<\/p>\n<p>Por ultimo los presentes se dirigieron a la sede del Casino de Oficiales donde se culmino en un distendido lunch para celebrar. En el cual el Director de la Unidad saludo y felicito al personal que por su esfuerzo y trabajo consiguieron el ascenso, e invito a seguir trabajando con compromiso y reposnabilidad.<\/p>\n<p>Cabe aclarar que el Director de la Unidad, Melit\u00f3n Gines, recibi\u00f3 su jerarqu\u00eda en la ciudad de La Plata, el pasado martes 20, en la ceremonia que se realizo en el Instituto de Formaci\u00f3n y Carrera Penitenciaria para todos los ascendidos a Inspector Mayor que es la ante ultima jerarqu\u00eda en el rango.<\/p>\n<p>OFICIALES<\/p>\n<p>ESCALAFON CUERPO GENERAL<\/p>\n<p>A INSPECTOR MAYOR<\/p>\n<p>GINES Melit\u00f3n<\/p>\n<p>A PREFECTO.<\/p>\n<p>DIAZ Javier Facundo.<\/p>\n<p>A SUBPREFECTO.<\/p>\n<p>MALDONADO Horacio Sebasti\u00e1n<\/p>\n<p>RAMALLO Rub\u00e9n Alejandro<\/p>\n<p>A ALCAIDE MAYOR.<\/p>\n<p>ALET Leandro<\/p>\n<p>FRADE Roberto Gustavo<\/p>\n<p>PEREZ Diego Armando<\/p>\n<p>VILLARRUEL Maximiliano Alejandro<\/p>\n<p>A ALCAIDE.<\/p>\n<p>JARQUE Mart\u00edn Miguel<\/p>\n<p>LUCERO Oscar Alfredo<\/p>\n<p>MARTINO Mauricio Ezequiel<\/p>\n<p>MOREIRA Yanina Vanesa<\/p>\n<p>SABATINO ALVAREZ Esteban Leandro<\/p>\n<p>SIRI Ignacio Daniel<\/p>\n<p>A SUBALCAIDE.<\/p>\n<p>BOTTA Juan Facundo<\/p>\n<p>ESCALAFON PROFESIONAL.<\/p>\n<p>A PREFECTO.<\/p>\n<p>MARTINO Nancy Maria<\/p>\n<p>PERAZZO Ver\u00f3nica Maria<\/p>\n<p>A ALCAIDE MAYOR.<\/p>\n<p>LUCERO Natalia Valeria<\/p>\n<p>PRINCIPI Dami\u00e1n Manuel<\/p>\n<p>A ALCAIDE<\/p>\n<p>CABRAL Maria Evangelina<\/p>\n<p>GIRALI Gladys Iris<\/p>\n<p>MOLES Diego Gabriel<\/p>\n<p>NAIBAUER Cecilia<\/p>\n<p>SALVO Maria Victoria<\/p>\n<p>ZABULANES Maria Bel\u00e9n<\/p>\n<p>ESCALAFON ADMINISTRATIVO<\/p>\n<p>A SUBPREFECTO<\/p>\n<p>ANSELMO Juan Pablo<\/p>\n<p>CARUSO Mirta Cristina<\/p>\n<p>PICONE Maria Beatriz<\/p>\n<p>RIVERO Hugo Alberto<\/p>\n<p>VITA Dar\u00edo Alberto<\/p>\n<p>SINICCO Roberto Mario<\/p>\n<p>SUBOFICIALES Y GUARDIAS<\/p>\n<p>ESCALAFON CUERPO GENERAL<\/p>\n<p>A SUBOFICIAL MAYOR.<\/p>\n<p>ANGELICO Gustavo Jorge<\/p>\n<p>CORRADO Edgard Pedro<\/p>\n<p>FREGOSSI Adri\u00e1n Enrique<\/p>\n<p>GOMEZ Osvaldo Ruben<\/p>\n<p>GROSSO Silvia Mabel<\/p>\n<p>LUCERO Rub\u00e9n Eduardo<\/p>\n<p>MUCHE Pablo Rolando<\/p>\n<p>A SUBOFICIAL PRINCIPAL<\/p>\n<p>FERREYRA Rogelio Fabi\u00e1n<\/p>\n<p>RODRIGUEZ Cristian Alfredo<\/p>\n<p>A SARGENTO AYUDANTE<\/p>\n<p>ANSELMO Lorena Maria Lujan<\/p>\n<p>CHAVEZ Marcelo Adri\u00e1n<\/p>\n<p>DE LOS SANTOS Analia Patricia<\/p>\n<p>LUCERO Alfredo Teodoro<\/p>\n<p>UNCAL Silvia Adriana<\/p>\n<p>A SARGENTO PRIMERO<\/p>\n<p>ORTIZ Maria Natalia<\/p>\n<p>RAMIREZ Pablo Antonio<\/p>\n<p>ROBLES Mariano Mart\u00edn<\/p>\n<p>SANTILLAN M\u00f3nica Liliana<\/p>\n<p>A SARGENTO<\/p>\n<p>ARAN Guillermo Roberto<\/p>\n<p>BOCACCIO Francisco Javier<\/p>\n<p>CARBALLO Claudio Fabian<\/p>\n<p>CASTELLI Juan Carlos<\/p>\n<p>DIAZ Carlos Dami\u00e1n<\/p>\n<p>ENRIQUEZ \u00c1lvaro<\/p>\n<p>HUINCHINAO Ram\u00f3n Ricardo<\/p>\n<p>MARIANI Lu\u00eds Emilio<\/p>\n<p>NATALINI Leandro Matias<\/p>\n<p>RODRIGUEZ Paola<\/p>\n<p>SARUBBE Rosana Isabel<\/p>\n<p>A CABO PRIMERO<\/p>\n<p>AGUIRRE Maria Clara<\/p>\n<p>BORAGNO Pablo Rafael<\/p>\n<p>DE CHICO Hugo Marcelo<\/p>\n<p>GATTI Valeria Elsa<\/p>\n<p>LESDEMA Noelia Soledad<\/p>\n<p>RUIZ Lucio Beltr\u00e1n<\/p>\n<p>TOSCAN Jorge Israel<\/p>\n<p>ZITELLI Ver\u00f3nica Elizabeth<\/p>\n<p>A CABO<\/p>\n<p>ACOSTA Vanesa Adriana<\/p>\n<p>AG\u00dcERO Vanesa Carolina<\/p>\n<p>ALBANESE Iv\u00e1n Felipe<\/p>\n<p>ALMIRON Cristian Mariano<\/p>\n<p>BALVIDARES Alejandro Matias<\/p>\n<p>BARRERA V\u00edctor Alfredo<\/p>\n<p>BARTOLOMEO Cristian Jos\u00e9<\/p>\n<p>BERTERA Virginia Soledad<\/p>\n<p>CABRERA Jorge Diego Leonel<\/p>\n<p>CAMARGO Cintia Paola<\/p>\n<p>CORRALES Andr\u00e9s Bernabe<\/p>\n<p>FERRARI Sandra Soledad<\/p>\n<p>FERREYRA DA SILVA Mariano<\/p>\n<p>FREDES Nancy Liliana<\/p>\n<p>GIMENEZ Guillermo Marcelo<\/p>\n<p>LANDO Diego Alberto<\/p>\n<p>LESDEMA Matias Dami\u00e1n<\/p>\n<p>LUCERO M\u00f3nica Romina<\/p>\n<p>LUCERO Silvio Daniel<\/p>\n<p>MAURO Gladys Cecilia<\/p>\n<p>PELUSA Maria Lorena<\/p>\n<p>PEDROMO Cesar Andr\u00e9s<\/p>\n<p>RINALDI F\u00e1tima Albina<\/p>\n<p>ROMANO Karina Rosal\u00eda<\/p>\n<p>ROSITO Ana Laura<\/p>\n<p>SILEY Romina Ivana<\/p>\n<p>SUAREZ Juan Manuel<\/p>\n<p>ESCALAFON ADMINISTRATIVO<\/p>\n<p>A CABO<\/p>\n<p>BEYER Lucas Maximiliano Arturo<\/p>\n<p>ESCALAFON AUXILIAR<\/p>\n<p>A CABO<\/p>\n<p>BELLOMO Diego Ariel<\/p>\n","protected":false},"excerpt":{"rendered":"<p>El viernes a las 11 horas, frente a la Unidad se realiz\u00f3 la ceremonia de entregas de jerarqu\u00edas al personal &#8230; <a title=\"Ascensos en el personal de la Unidad 5 de Mercedes\" class=\"read-more\" href=\"https:\/\/www.hoymercedes.com.ar\/principal\/2011\/09\/24\/ascensos-en-el-personal-de-la-unidad-5-de-mercedes\/\" aria-label=\"Leer m\u00e1s sobre Ascensos en el personal de la Unidad 5 de Mercedes\">Leer m\u00e1s<\/a><\/p>\n","protected":false},"author":1,"featured_media":0,"comment_status":"open","ping_status":"open","sticky":false,"template":"","format":"standard","meta":{"_monsterinsights_skip_tracking":false,"_monsterinsights_sitenote_active":false,"_monsterinsights_sitenote_note":"","_monsterinsights_sitenote_category":0,"jetpack_post_was_ever_published":false,"_jetpack_newsletter_access":"","_jetpack_dont_email_post_to_subs":false,"_jetpack_newsletter_tier_id":0,"_jetpack_memberships_contains_paywalled_content":false,"_jetpack_memberships_contains_paid_content":false,"footnotes":"","jetpack_publicize_message":"","jetpack_publicize_feature_enabled":true,"jetpack_social_post_already_shared":false,"jetpack_social_options":{"image_generator_settings":{"template":"highway","default_image_id":0,"font":"","enabled":false},"version":2},"_wpas_customize_per_network":false},"categories":[8],"tags":[1347,113],"class_list":["post-7613","post","type-post","status-publish","format-standard","hentry","category-sociedad","tag-ascenso-penitenciaria","tag-unidad-5","generate-columns","tablet-grid-50","mobile-grid-100","grid-parent","grid-50"],"jetpack_publicize_connections":[],"jetpack_featured_media_url":"","wps_subtitle":"","jetpack_sharing_enabled":true,"_links":{"self":[{"href":"https:\/\/www.hoymercedes.com.ar\/principal\/wp-json\/wp\/v2\/posts\/7613","targetHints":{"allow":["GET"]}}],"collection":[{"href":"https:\/\/www.hoymercedes.com.ar\/principal\/wp-json\/wp\/v2\/posts"}],"about":[{"href":"https:\/\/www.hoymercedes.com.ar\/principal\/wp-json\/wp\/v2\/types\/post"}],"author":[{"embeddable":true,"href":"https:\/\/www.hoymercedes.com.ar\/principal\/wp-json\/wp\/v2\/users\/1"}],"replies":[{"embeddable":true,"href":"https:\/\/www.hoymercedes.com.ar\/principal\/wp-json\/wp\/v2\/comments?post=7613"}],"version-history":[{"count":0,"href":"https:\/\/www.hoymercedes.com.ar\/principal\/wp-json\/wp\/v2\/posts\/7613\/revisions"}],"wp:attachment":[{"href":"https:\/\/www.hoymercedes.com.ar\/principal\/wp-json\/wp\/v2\/media?parent=7613"}],"wp:term":[{"taxonomy":"category","embeddable":true,"href":"https:\/\/www.hoymercedes.com.ar\/principal\/wp-json\/wp\/v2\/categories?post=7613"},{"taxonomy":"post_tag","embeddable":true,"href":"https:\/\/www.hoymercedes.com.ar\/principal\/wp-json\/wp\/v2\/tags?post=7613"}],"curies":[{"name":"wp","href":"https:\/\/api.w.org\/{rel}","templated":true}]}}