{"id":76139,"date":"2018-05-22T16:04:30","date_gmt":"2018-05-22T19:04:30","guid":{"rendered":"http:\/\/www.hoymercedes.com.ar\/principal\/?p=76139"},"modified":"2018-05-22T16:18:33","modified_gmt":"2018-05-22T19:18:33","slug":"juan-culio-se-consagro-campeon-en-rumania-con-el-cluj-video","status":"publish","type":"post","link":"https:\/\/www.hoymercedes.com.ar\/principal\/2018\/05\/22\/juan-culio-se-consagro-campeon-en-rumania-con-el-cluj-video\/","title":{"rendered":"Juan Culio se consagr\u00f3 campe\u00f3n en Rumania con el Cluj (video)"},"content":{"rendered":"<p class=\"capital\">CFR Cluj, con el argentino Juan Emmanuel Culio (ex Independiente y Racing), se proclam\u00f3 campe\u00f3n en Rumania por cuarta vez en su historia al derrotar al FC Viitorul Contanza, dirigido por el exmadridista Gica Hagi, por 1-0 en la \u00faltima jornada de la fase de play-off de la liga n\u00famero 100 del pa\u00eds balc\u00e1nico.<\/p>\n<p><img loading=\"lazy\" decoding=\"async\" data-attachment-id=\"76140\" data-permalink=\"https:\/\/www.hoymercedes.com.ar\/principal\/2018\/05\/22\/juan-culio-se-consagro-campeon-en-rumania-con-el-cluj-video\/juan-culio-campeon-club-2018\/#main\" data-orig-file=\"https:\/\/www.hoymercedes.com.ar\/principal\/wp-content\/uploads\/2018\/05\/Juan-Culio-Campeon-Club-2018.jpg\" data-orig-size=\"977,554\" data-comments-opened=\"0\" data-image-meta=\"{&quot;aperture&quot;:&quot;0&quot;,&quot;credit&quot;:&quot;&quot;,&quot;camera&quot;:&quot;&quot;,&quot;caption&quot;:&quot;&quot;,&quot;created_timestamp&quot;:&quot;0&quot;,&quot;copyright&quot;:&quot;&quot;,&quot;focal_length&quot;:&quot;0&quot;,&quot;iso&quot;:&quot;0&quot;,&quot;shutter_speed&quot;:&quot;0&quot;,&quot;title&quot;:&quot;&quot;,&quot;orientation&quot;:&quot;0&quot;}\" data-image-title=\"Juan Culio Campeon Club 2018\" data-image-description=\"\" data-image-caption=\"\" data-large-file=\"https:\/\/www.hoymercedes.com.ar\/principal\/wp-content\/uploads\/2018\/05\/Juan-Culio-Campeon-Club-2018.jpg\" class=\"aligncenter size-medium wp-image-76140\" src=\"https:\/\/www.hoymercedes.com.ar\/principal\/wp-content\/uploads\/2018\/05\/Juan-Culio-Campeon-Club-2018-630x357.jpg\" alt=\"\" width=\"630\" height=\"357\" srcset=\"https:\/\/www.hoymercedes.com.ar\/principal\/wp-content\/uploads\/2018\/05\/Juan-Culio-Campeon-Club-2018-630x357.jpg 630w, https:\/\/www.hoymercedes.com.ar\/principal\/wp-content\/uploads\/2018\/05\/Juan-Culio-Campeon-Club-2018-150x85.jpg 150w, https:\/\/www.hoymercedes.com.ar\/principal\/wp-content\/uploads\/2018\/05\/Juan-Culio-Campeon-Club-2018.jpg 977w\" sizes=\"auto, (max-width: 630px) 100vw, 630px\" \/><\/p>\n<p>Su m\u00e1ximo perseguidor, el FCSB -heredero del laureado Steaua Bucarest, mantuvo sus esperanzas intactas para llevarse el t\u00edtulo hasta el final del encuentro al derrotar al Astra Giurgiu tambi\u00e9n por uno a cero, pero el conjunto dirigido por Dan Petrescu no le tembl\u00f3 el pulso y no fall\u00f3 en su propio campo.<\/p>\n<p>El FCSB abri\u00f3 primero el marcador en el minuto 40 de juego gracias a un tanto del franc\u00e9s Harlem Gnohere, pero la alegr\u00eda de los bucarestinos dur\u00f3 tan s\u00f3lo tres minutos tras anotar el croata Danjam Djokovic el gol del triunfo del CFR Cluj.<\/p>\n<p>En la segunda mitad, el Viitorul mostr\u00f3 sus carencias exhibidas a lo largo de la temporada al no haber creado ninguna ocasi\u00f3n de peligro contra la porter\u00eda de los flamantes campeones.<\/p>\n<p>El CFR Cluj y el FCSB disputar\u00e1n los preliminares de clasificaci\u00f3n para la Liga de Campeones la pr\u00f3xima temporada.<\/p>\n<div class=\"wp-playlist wp-video-playlist wp-playlist-light\">\n\t\t<video controls=\"controls\" preload=\"none\" width=\"1178\"\n\t\t height=\"884\"\t><\/video>\n\t<div class=\"wp-playlist-next\"><\/div>\n\t<div class=\"wp-playlist-prev\"><\/div>\n\t<noscript>\n\t<ol>\n\t\t<li><a href='https:\/\/www.hoymercedes.com.ar\/principal\/wp-content\/uploads\/2018\/05\/Culio-Campeon-con-Cluj.mp4'>Culio Campeon con Cluj<\/a><\/li>\t<\/ol>\n\t<\/noscript>\n\t<script data-jetpack-boost=\"ignore\" type=\"application\/json\" class=\"wp-playlist-script\">{\"type\":\"video\",\"tracklist\":true,\"tracknumbers\":true,\"images\":true,\"artists\":true,\"tracks\":[{\"src\":\"https:\/\/www.hoymercedes.com.ar\/principal\/wp-content\/uploads\/2018\/05\/Culio-Campeon-con-Cluj.mp4\",\"type\":\"video\/mp4\",\"title\":\"Culio Campeon con Cluj\",\"caption\":\"\",\"description\":\"\",\"meta\":{\"length_formatted\":\"0:58\"},\"dimensions\":{\"original\":{\"width\":640,\"height\":480},\"resized\":{\"width\":1178,\"height\":884}},\"image\":{\"src\":\"https:\/\/www.hoymercedes.com.ar\/principal\/wp-includes\/images\/media\/video.svg\",\"width\":48,\"height\":64},\"thumb\":{\"src\":\"https:\/\/www.hoymercedes.com.ar\/principal\/wp-includes\/images\/media\/video.svg\",\"width\":48,\"height\":64}}]}<\/script>\n<\/div>\n\t\n","protected":false},"excerpt":{"rendered":"<p>CFR Cluj, con el argentino Juan Emmanuel Culio (ex Independiente y Racing), se proclam\u00f3 campe\u00f3n en Rumania por cuarta vez &#8230; <a title=\"Juan Culio se consagr\u00f3 campe\u00f3n en Rumania con el Cluj (video)\" class=\"read-more\" href=\"https:\/\/www.hoymercedes.com.ar\/principal\/2018\/05\/22\/juan-culio-se-consagro-campeon-en-rumania-con-el-cluj-video\/\" aria-label=\"Leer m\u00e1s sobre Juan Culio se consagr\u00f3 campe\u00f3n en Rumania con el Cluj (video)\">Leer m\u00e1s<\/a><\/p>\n","protected":false},"author":1,"featured_media":76140,"comment_status":"closed","ping_status":"open","sticky":false,"template":"","format":"standard","meta":{"_monsterinsights_skip_tracking":false,"_monsterinsights_sitenote_active":false,"_monsterinsights_sitenote_note":"","_monsterinsights_sitenote_category":0,"jetpack_post_was_ever_published":false,"_jetpack_newsletter_access":"","_jetpack_dont_email_post_to_subs":false,"_jetpack_newsletter_tier_id":0,"_jetpack_memberships_contains_paywalled_content":false,"_jetpack_memberships_contains_paid_content":false,"footnotes":"","jetpack_publicize_message":"","jetpack_publicize_feature_enabled":true,"jetpack_social_post_already_shared":true,"jetpack_social_options":{"image_generator_settings":{"template":"highway","default_image_id":0,"font":"","enabled":false},"version":2},"_wpas_customize_per_network":false},"categories":[21],"tags":[204,1003,9656,7582,13153],"class_list":["post-76139","post","type-post","status-publish","format-standard","has-post-thumbnail","hentry","category-deportes","tag-deportes-2","tag-futbol","tag-juan-culio","tag-la-legion","tag-rumania","generate-columns","tablet-grid-50","mobile-grid-100","grid-parent","grid-50"],"jetpack_publicize_connections":[],"jetpack_featured_media_url":"https:\/\/www.hoymercedes.com.ar\/principal\/wp-content\/uploads\/2018\/05\/Juan-Culio-Campeon-Club-2018.jpg","wps_subtitle":"La Legi\u00f3n","jetpack_sharing_enabled":true,"_links":{"self":[{"href":"https:\/\/www.hoymercedes.com.ar\/principal\/wp-json\/wp\/v2\/posts\/76139","targetHints":{"allow":["GET"]}}],"collection":[{"href":"https:\/\/www.hoymercedes.com.ar\/principal\/wp-json\/wp\/v2\/posts"}],"about":[{"href":"https:\/\/www.hoymercedes.com.ar\/principal\/wp-json\/wp\/v2\/types\/post"}],"author":[{"embeddable":true,"href":"https:\/\/www.hoymercedes.com.ar\/principal\/wp-json\/wp\/v2\/users\/1"}],"replies":[{"embeddable":true,"href":"https:\/\/www.hoymercedes.com.ar\/principal\/wp-json\/wp\/v2\/comments?post=76139"}],"version-history":[{"count":0,"href":"https:\/\/www.hoymercedes.com.ar\/principal\/wp-json\/wp\/v2\/posts\/76139\/revisions"}],"wp:featuredmedia":[{"embeddable":true,"href":"https:\/\/www.hoymercedes.com.ar\/principal\/wp-json\/wp\/v2\/media\/76140"}],"wp:attachment":[{"href":"https:\/\/www.hoymercedes.com.ar\/principal\/wp-json\/wp\/v2\/media?parent=76139"}],"wp:term":[{"taxonomy":"category","embeddable":true,"href":"https:\/\/www.hoymercedes.com.ar\/principal\/wp-json\/wp\/v2\/categories?post=76139"},{"taxonomy":"post_tag","embeddable":true,"href":"https:\/\/www.hoymercedes.com.ar\/principal\/wp-json\/wp\/v2\/tags?post=76139"}],"curies":[{"name":"wp","href":"https:\/\/api.w.org\/{rel}","templated":true}]}}