{"id":76153,"date":"2018-05-22T14:20:55","date_gmt":"2018-05-22T17:20:55","guid":{"rendered":"http:\/\/www.hoymercedes.com.ar\/principal\/?p=76153"},"modified":"2018-05-22T21:14:17","modified_gmt":"2018-05-23T00:14:17","slug":"municipio-suma-tres-patrulleros-a-la-policia-comunal","status":"publish","type":"post","link":"https:\/\/www.hoymercedes.com.ar\/principal\/2018\/05\/22\/municipio-suma-tres-patrulleros-a-la-policia-comunal\/","title":{"rendered":"Municipio suma tres patrulleros a la Polic\u00eda Comunal"},"content":{"rendered":"<figure id=\"attachment_76161\" aria-describedby=\"caption-attachment-76161\" style=\"width: 620px\" class=\"wp-caption aligncenter\"><img loading=\"lazy\" decoding=\"async\" data-attachment-id=\"76161\" data-permalink=\"https:\/\/www.hoymercedes.com.ar\/principal\/patrulleros-nuevos-1\/\" data-orig-file=\"https:\/\/www.hoymercedes.com.ar\/principal\/wp-content\/uploads\/2018\/05\/Patrulleros-nuevos-1.jpg\" data-orig-size=\"955,637\" data-comments-opened=\"0\" data-image-meta=\"{&quot;aperture&quot;:&quot;0&quot;,&quot;credit&quot;:&quot;&quot;,&quot;camera&quot;:&quot;&quot;,&quot;caption&quot;:&quot;&quot;,&quot;created_timestamp&quot;:&quot;0&quot;,&quot;copyright&quot;:&quot;&quot;,&quot;focal_length&quot;:&quot;0&quot;,&quot;iso&quot;:&quot;0&quot;,&quot;shutter_speed&quot;:&quot;0&quot;,&quot;title&quot;:&quot;&quot;,&quot;orientation&quot;:&quot;0&quot;}\" data-image-title=\"Patrulleros-nuevos-1\" data-image-description=\"\" data-image-caption=\"&lt;p&gt;Entrega de patrulleros&lt;\/p&gt;\n\" data-large-file=\"https:\/\/www.hoymercedes.com.ar\/principal\/wp-content\/uploads\/2018\/05\/Patrulleros-nuevos-1.jpg\" class=\"size-medium wp-image-76161\" src=\"https:\/\/www.hoymercedes.com.ar\/principal\/wp-content\/uploads\/2018\/05\/Patrulleros-nuevos-1-630x420.jpg\" alt=\"\" width=\"630\" height=\"420\" srcset=\"https:\/\/www.hoymercedes.com.ar\/principal\/wp-content\/uploads\/2018\/05\/Patrulleros-nuevos-1-630x420.jpg 630w, https:\/\/www.hoymercedes.com.ar\/principal\/wp-content\/uploads\/2018\/05\/Patrulleros-nuevos-1-150x100.jpg 150w, https:\/\/www.hoymercedes.com.ar\/principal\/wp-content\/uploads\/2018\/05\/Patrulleros-nuevos-1.jpg 955w\" sizes=\"auto, (max-width: 630px) 100vw, 630px\" \/><figcaption id=\"caption-attachment-76161\" class=\"wp-caption-text\">Entrega de patrulleros<\/figcaption><\/figure>\n<p>En la ma\u00f1ana de este martes, la Municipalidad de Mercedes present\u00f3 tres nuevos patrulleros que se suman a los catorce m\u00f3viles y las diecis\u00e9is motos que tiene la Polic\u00eda Comunal de la ciudad luego del a fusi\u00f3n con la polic\u00eda local.<\/p>\n<p>A trav\u00e9s de un encuentro con los medios locales, el Jefe Comunal Juan Ignacio Ustarroz junto a la Subecretaria de Seguridad Clara Zunino, al Jefe de la Polic\u00eda Departamental Gustavo Monta\u00f1ez, al Jefe de la Polic\u00eda Sergio Macedo y al Coordinador de Seguridad Esteban Rossi.<\/p>\n<figure id=\"attachment_76162\" aria-describedby=\"caption-attachment-76162\" style=\"width: 620px\" class=\"wp-caption aligncenter\"><img loading=\"lazy\" decoding=\"async\" data-attachment-id=\"76162\" data-permalink=\"https:\/\/www.hoymercedes.com.ar\/principal\/patrulleros-nuevos-3\/\" data-orig-file=\"https:\/\/www.hoymercedes.com.ar\/principal\/wp-content\/uploads\/2018\/05\/Patrulleros-nuevos-3.jpg\" data-orig-size=\"955,637\" data-comments-opened=\"0\" data-image-meta=\"{&quot;aperture&quot;:&quot;0&quot;,&quot;credit&quot;:&quot;&quot;,&quot;camera&quot;:&quot;&quot;,&quot;caption&quot;:&quot;&quot;,&quot;created_timestamp&quot;:&quot;0&quot;,&quot;copyright&quot;:&quot;&quot;,&quot;focal_length&quot;:&quot;0&quot;,&quot;iso&quot;:&quot;0&quot;,&quot;shutter_speed&quot;:&quot;0&quot;,&quot;title&quot;:&quot;&quot;,&quot;orientation&quot;:&quot;0&quot;}\" data-image-title=\"Patrulleros-nuevos-3\" data-image-description=\"\" data-image-caption=\"&lt;p&gt;Vehiculos 0 km&lt;\/p&gt;\n\" data-large-file=\"https:\/\/www.hoymercedes.com.ar\/principal\/wp-content\/uploads\/2018\/05\/Patrulleros-nuevos-3.jpg\" class=\"size-medium wp-image-76162\" src=\"https:\/\/www.hoymercedes.com.ar\/principal\/wp-content\/uploads\/2018\/05\/Patrulleros-nuevos-3-630x420.jpg\" alt=\"\" width=\"630\" height=\"420\" srcset=\"https:\/\/www.hoymercedes.com.ar\/principal\/wp-content\/uploads\/2018\/05\/Patrulleros-nuevos-3-630x420.jpg 630w, https:\/\/www.hoymercedes.com.ar\/principal\/wp-content\/uploads\/2018\/05\/Patrulleros-nuevos-3-150x100.jpg 150w, https:\/\/www.hoymercedes.com.ar\/principal\/wp-content\/uploads\/2018\/05\/Patrulleros-nuevos-3.jpg 955w\" sizes=\"auto, (max-width: 630px) 100vw, 630px\" \/><figcaption id=\"caption-attachment-76162\" class=\"wp-caption-text\">Vehiculos 0 km<\/figcaption><\/figure>\n<p style=\"font-weight: 400;\">\u201cEstamos poniendo en funcionamiento tres nuevos patrulleros para la ciudad de Mercedes, que se suman a los catorce que hemos adquirido desde que asumimos en la gesti\u00f3n, a las diecis\u00e9is motos, a la inversi\u00f3n que hemos realizado \u2013de cuatro millones y medio de pesos- en el centro de monitoreo, los p\u00f3rticos de acceso, las postas m\u00f3viles, nueva iluminaci\u00f3n, recuperaci\u00f3n de espacios verdes, proyecto integral que se ha presentado en su momento y que se viene cumpliendo paso a paso\u201d destac\u00f3 el primer mandatario haciendo un breve repaso de las m\u00faltiples herramientas sumadas en los \u00faltimos dos a\u00f1os. Suman 33 vah\u00edculos, entre motos y patrulleros, los sumados.<\/p>\n<p style=\"font-weight: 400;\">Asimismo, el se\u00f1or Intendente, agreg\u00f3 \u201ceste caso tiene la particularidad que este logro es producto del convenio que firmamos con el Ministro de Seguridad de la Provincia de Buenos Aires, Cristian Ritondo, cuyo compromiso era dotar a la ciudad de Mercedes de nuevos patrulleros\u201d y resalt\u00f3 \u201chabida cuenta que todo lo realizado desde nuestra gesti\u00f3n -hasta el momento-\u00a0\u00a0lo hab\u00edamos hecho con recursos propios\u201d.<\/p>\n<p>&nbsp;<\/p>\n<p style=\"font-weight: 400;\"><strong>BAJA DEL DELITO<\/strong><\/p>\n<p style=\"font-weight: 400;\">Cabe recordar que a principio de a\u00f1o, se realiz\u00f3, en la ciudad de La Plata, un encuentro entre el primer mandatario local, Juan Ignacio Ustarroz, y el Ministro de Seguridad, Cristian Ritondo. Reuni\u00f3n que fue catalogada como \u201cmuy buena\u201d. En la misma se reconoci\u00f3 que Mercedes ha tenido un rol destacado en el tema seguridad, con dos a\u00f1os consecutivos de baja del delito, inversi\u00f3n de m\u00e1s de 13 millones de pesos y una decisi\u00f3n firme de brindar herramientas a las fuerzas de seguridad.<\/p>\n<p style=\"font-weight: 400;\">El primer mandatario indic\u00f3 \u201cquiero remarcar, que cuando suceden hechos delictivos, todo el sistema \u2013judicial y policial- trabajan r\u00e1pidamente para el esclarecimiento de los delitos\u201d y record\u00f3 \u201cnuestro primer objetivo es la prevenci\u00f3n, pero tambi\u00e9n es importante como sistema, que cuando se comete un delito haya un esclarecimiento y un juicio ejemplar a los delincuentes\u201d.<\/p>\n<p style=\"font-weight: 400;\">\u201cEsto para nosotros representa un claro avance, es brindarle a las fuerzas las herramientas necesarias\u201d y resalt\u00f3 las mejoras en cuanto a la prevenci\u00f3n \u201casimismo, este trabajo se ve reflejado en el gran nivel de esclarecimiento de hechos delictivos, sumado al mejoramiento en los \u00edndices de prevenci\u00f3n del delito\u201d destac\u00f3 el intendente Ustarroz.<\/p>\n<p style=\"font-weight: 400;\"><strong>POL\u00cdTICAS P\u00daBLICAS<\/strong><\/p>\n<p style=\"font-weight: 400;\">No puede dejar de mencionarse que la provincia de Buenos Aires, desde el fondo de seguridad, envi\u00f3 el a\u00f1o 2017,\u00a0\u00a01.800.000 pesos. Mientras que el municipio de Mercedes, con fondos propios, invirti\u00f3 m\u00e1s de $13.000.000 pesos. Gracias a la muy buena gesti\u00f3n que se viene llevando adelante, se reconoce a nivel provincial, que nuestra ciudad ha tomado un rol preponderante a la hora de la lucha contra el delito.<\/p>\n<p style=\"font-weight: 400;\"><img loading=\"lazy\" decoding=\"async\" data-attachment-id=\"76154\" data-permalink=\"https:\/\/www.hoymercedes.com.ar\/principal\/2018\/05\/22\/municipio-suma-tres-patrulleros-a-la-policia-comunal\/22-policia-moviles\/#main\" data-orig-file=\"https:\/\/www.hoymercedes.com.ar\/principal\/wp-content\/uploads\/2018\/05\/22-policia-moviles.jpg\" data-orig-size=\"750,500\" data-comments-opened=\"0\" data-image-meta=\"{&quot;aperture&quot;:&quot;9&quot;,&quot;credit&quot;:&quot;&quot;,&quot;camera&quot;:&quot;NIKON D3100&quot;,&quot;caption&quot;:&quot;&quot;,&quot;created_timestamp&quot;:&quot;1526985589&quot;,&quot;copyright&quot;:&quot;&quot;,&quot;focal_length&quot;:&quot;23&quot;,&quot;iso&quot;:&quot;100&quot;,&quot;shutter_speed&quot;:&quot;0.003125&quot;,&quot;title&quot;:&quot;&quot;,&quot;orientation&quot;:&quot;1&quot;}\" data-image-title=\"22 policia moviles\" data-image-description=\"\" data-image-caption=\"\" data-large-file=\"https:\/\/www.hoymercedes.com.ar\/principal\/wp-content\/uploads\/2018\/05\/22-policia-moviles.jpg\" class=\"aligncenter size-medium wp-image-76154\" src=\"https:\/\/www.hoymercedes.com.ar\/principal\/wp-content\/uploads\/2018\/05\/22-policia-moviles-630x420.jpg\" alt=\"\" width=\"630\" height=\"420\" srcset=\"https:\/\/www.hoymercedes.com.ar\/principal\/wp-content\/uploads\/2018\/05\/22-policia-moviles-630x420.jpg 630w, https:\/\/www.hoymercedes.com.ar\/principal\/wp-content\/uploads\/2018\/05\/22-policia-moviles-150x100.jpg 150w, https:\/\/www.hoymercedes.com.ar\/principal\/wp-content\/uploads\/2018\/05\/22-policia-moviles.jpg 750w\" sizes=\"auto, (max-width: 630px) 100vw, 630px\" \/><\/p>\n<p style=\"font-weight: 400;\">\u201cLa forma de trabajo del Municipio siempre ha sido la misma, la de pensar en pol\u00edticas p\u00fablicas que consoliden y que nos permitan llegar con m\u00e1s recursos para los vecinos\u201d se\u00f1al\u00f3 el Dr. Ustarroz.<\/p>\n<p style=\"font-weight: 400;\"><strong>PREVENCI\u00d3N DEL DELITO<\/strong><\/p>\n<p style=\"font-weight: 400;\">Por su parte, el\u00a0\u00a0Comisario Sergio Macedo, expres\u00f3 \u201cestos m\u00f3viles se van a sumar al refuerzo que vienen cubriendo las cuadriculas para trabajar fundamentalmente sobre la prevenci\u00f3n que es lo m\u00e1s importante\u201d.<\/p>\n<p style=\"font-weight: 400;\">De esta manera,\u00a0\u00a0la Municipalidad de Mercedes contin\u00faa planificando, invirtiendo y gestionando por una ciudad cada d\u00eda m\u00e1s segura para todos los mercedino<\/p>\n<p>&nbsp;<\/p>\n<p>&nbsp;<\/p>\n<figure id=\"attachment_76170\" aria-describedby=\"caption-attachment-76170\" style=\"width: 620px\" class=\"wp-caption aligncenter\"><img loading=\"lazy\" decoding=\"async\" data-attachment-id=\"76170\" data-permalink=\"https:\/\/www.hoymercedes.com.ar\/principal\/2018\/05\/22\/municipio-suma-tres-patrulleros-a-la-policia-comunal\/patrulleros-nuevos-2\/#main\" data-orig-file=\"https:\/\/www.hoymercedes.com.ar\/principal\/wp-content\/uploads\/2018\/05\/Patrulleros-nuevos-2.jpg\" data-orig-size=\"881,588\" data-comments-opened=\"0\" data-image-meta=\"{&quot;aperture&quot;:&quot;0&quot;,&quot;credit&quot;:&quot;&quot;,&quot;camera&quot;:&quot;&quot;,&quot;caption&quot;:&quot;&quot;,&quot;created_timestamp&quot;:&quot;0&quot;,&quot;copyright&quot;:&quot;&quot;,&quot;focal_length&quot;:&quot;0&quot;,&quot;iso&quot;:&quot;0&quot;,&quot;shutter_speed&quot;:&quot;0&quot;,&quot;title&quot;:&quot;&quot;,&quot;orientation&quot;:&quot;0&quot;}\" data-image-title=\"Patrulleros-nuevos-2\" data-image-description=\"\" data-image-caption=\"&lt;p&gt;Autoridades policiales y municipales&lt;\/p&gt;\n\" data-large-file=\"https:\/\/www.hoymercedes.com.ar\/principal\/wp-content\/uploads\/2018\/05\/Patrulleros-nuevos-2.jpg\" class=\"size-medium wp-image-76170\" src=\"https:\/\/www.hoymercedes.com.ar\/principal\/wp-content\/uploads\/2018\/05\/Patrulleros-nuevos-2-630x420.jpg\" alt=\"\" width=\"630\" height=\"420\" srcset=\"https:\/\/www.hoymercedes.com.ar\/principal\/wp-content\/uploads\/2018\/05\/Patrulleros-nuevos-2-630x420.jpg 630w, https:\/\/www.hoymercedes.com.ar\/principal\/wp-content\/uploads\/2018\/05\/Patrulleros-nuevos-2-150x100.jpg 150w, https:\/\/www.hoymercedes.com.ar\/principal\/wp-content\/uploads\/2018\/05\/Patrulleros-nuevos-2.jpg 881w\" sizes=\"auto, (max-width: 630px) 100vw, 630px\" \/><figcaption id=\"caption-attachment-76170\" class=\"wp-caption-text\">Autoridades policiales y municipales<\/figcaption><\/figure>\n<p>&nbsp;<\/p>\n<p>Info y fotos: HM y Municipio<\/p>\n","protected":false},"excerpt":{"rendered":"<p>En la ma\u00f1ana de este martes, la Municipalidad de Mercedes present\u00f3 tres nuevos patrulleros que se suman a los catorce &#8230; <a title=\"Municipio suma tres patrulleros a la Polic\u00eda Comunal\" class=\"read-more\" href=\"https:\/\/www.hoymercedes.com.ar\/principal\/2018\/05\/22\/municipio-suma-tres-patrulleros-a-la-policia-comunal\/\" aria-label=\"Leer m\u00e1s sobre Municipio suma tres patrulleros a la Polic\u00eda Comunal\">Leer m\u00e1s<\/a><\/p>\n","protected":false},"author":1,"featured_media":76154,"comment_status":"closed","ping_status":"open","sticky":false,"template":"","format":"standard","meta":{"_monsterinsights_skip_tracking":false,"_monsterinsights_sitenote_active":false,"_monsterinsights_sitenote_note":"","_monsterinsights_sitenote_category":0,"jetpack_post_was_ever_published":false,"_jetpack_newsletter_access":"","_jetpack_dont_email_post_to_subs":false,"_jetpack_newsletter_tier_id":0,"_jetpack_memberships_contains_paywalled_content":false,"_jetpack_memberships_contains_paid_content":false,"footnotes":"","jetpack_publicize_message":"","jetpack_publicize_feature_enabled":true,"jetpack_social_post_already_shared":true,"jetpack_social_options":{"image_generator_settings":{"template":"highway","default_image_id":0,"font":"","enabled":false},"version":2},"_wpas_customize_per_network":false},"categories":[30],"tags":[9658,244,5766,96,802],"class_list":["post-76153","post","type-post","status-publish","format-standard","has-post-thumbnail","hentry","category-municipio","tag-moviles","tag-municipio-2","tag-policia-comunal","tag-policial-2","tag-seguridad","generate-columns","tablet-grid-50","mobile-grid-100","grid-parent","grid-50"],"jetpack_publicize_connections":[],"jetpack_featured_media_url":"https:\/\/www.hoymercedes.com.ar\/principal\/wp-content\/uploads\/2018\/05\/22-policia-moviles.jpg","wps_subtitle":"Presentados en la ma\u00f1ana del martes","jetpack_sharing_enabled":true,"jetpack-related-posts":[{"id":163042,"url":"https:\/\/www.hoymercedes.com.ar\/principal\/2023\/06\/05\/municipio-suma-cuatro-patrulleros\/","url_meta":{"origin":76153,"position":0},"title":"Municipio suma cuatro patrulleros","author":"hoymercedes","date":"5 junio, 2023","format":false,"excerpt":"Desde el Municipio de Mercedes se inform\u00f3 que d\u00edas atr\u00e1s entregaron cuatro nuevas camionetas a la Polic\u00eda Comunal. \"Los m\u00f3viles ya fueron asignados y se suman a las tareas preventivas\", destacan desde la comuna. \u00a0 De acuerdo a la informaci\u00f3n oficial, el que tom\u00f3 la palabra fue el Secretario de\u2026","rel":"","context":"En \u00abMunicipio\u00bb","block_context":{"text":"Municipio","link":"https:\/\/www.hoymercedes.com.ar\/principal\/category\/municipio\/"},"img":{"alt_text":"","src":"https:\/\/i0.wp.com\/www.hoymercedes.com.ar\/principal\/wp-content\/uploads\/2023\/06\/DSC01551-01_copy_800x533.jpg?resize=350%2C200&ssl=1","width":350,"height":200,"srcset":"https:\/\/i0.wp.com\/www.hoymercedes.com.ar\/principal\/wp-content\/uploads\/2023\/06\/DSC01551-01_copy_800x533.jpg?resize=350%2C200&ssl=1 1x, https:\/\/i0.wp.com\/www.hoymercedes.com.ar\/principal\/wp-content\/uploads\/2023\/06\/DSC01551-01_copy_800x533.jpg?resize=525%2C300&ssl=1 1.5x, https:\/\/i0.wp.com\/www.hoymercedes.com.ar\/principal\/wp-content\/uploads\/2023\/06\/DSC01551-01_copy_800x533.jpg?resize=700%2C400&ssl=1 2x"},"classes":[]},{"id":52157,"url":"https:\/\/www.hoymercedes.com.ar\/principal\/2016\/07\/06\/nuevos-moviles-para-la-policia-local\/","url_meta":{"origin":76153,"position":1},"title":"Nuevos m\u00f3viles para la Polic\u00eda Local","author":"hoymercedes","date":"6 julio, 2016","format":false,"excerpt":"En la ma\u00f1ana de este mi\u00e9rcoles el Intendente Municipal Juan Ignacio Ustarroz entreg\u00f3 las llaves de dos camionetas habilitadas para patrulleros de la Polic\u00eda Local. Los veh\u00edculos, comenzar\u00e1n a circular este mismo d\u00eda en el patrullaje\u00a0articulado con la Polic\u00eda Comunal. En di\u00e1logo con los medios presentes, el Jefe Comunal inform\u00f3\u2026","rel":"","context":"En \u00abMunicipio\u00bb","block_context":{"text":"Municipio","link":"https:\/\/www.hoymercedes.com.ar\/principal\/category\/municipio\/"},"img":{"alt_text":"","src":"https:\/\/i0.wp.com\/www.hoymercedes.com.ar\/principal\/wp-content\/uploads\/2016\/07\/06-moviles-polic%C3%ADa-local.jpg?resize=350%2C200&ssl=1","width":350,"height":200},"classes":[]},{"id":147583,"url":"https:\/\/www.hoymercedes.com.ar\/principal\/2022\/05\/05\/secretaria-de-seguridad-entrego-computadoras-a-la-policia-comunal\/","url_meta":{"origin":76153,"position":2},"title":"Secretar\u00eda de Seguridad entreg\u00f3 computadoras a la Polic\u00eda Comunal \u00a0","author":"hoymercedes","date":"5 mayo, 2022","format":false,"excerpt":"A trav\u00e9s de la Secretar\u00eda de Seguridad se concret\u00f3 un nuevo aporte a la Polic\u00eda de Mercedes. Tiempo atr\u00e1s se catorce entregaron patrulleros, incorporaron 27 polic\u00edas a la patrulla rural y ahora m\u00e1s equipamiento tecnol\u00f3gico. Tambi\u00e9n avanza la colocaci\u00f3n de fibra \u00f3ptica en el Centro de Monitoreo para ampliar la\u2026","rel":"","context":"En \u00abMunicipio\u00bb","block_context":{"text":"Municipio","link":"https:\/\/www.hoymercedes.com.ar\/principal\/category\/municipio\/"},"img":{"alt_text":"","src":"https:\/\/i0.wp.com\/www.hoymercedes.com.ar\/principal\/wp-content\/uploads\/2022\/05\/DSC06139.jpg?resize=350%2C200&ssl=1","width":350,"height":200,"srcset":"https:\/\/i0.wp.com\/www.hoymercedes.com.ar\/principal\/wp-content\/uploads\/2022\/05\/DSC06139.jpg?resize=350%2C200&ssl=1 1x, https:\/\/i0.wp.com\/www.hoymercedes.com.ar\/principal\/wp-content\/uploads\/2022\/05\/DSC06139.jpg?resize=525%2C300&ssl=1 1.5x, https:\/\/i0.wp.com\/www.hoymercedes.com.ar\/principal\/wp-content\/uploads\/2022\/05\/DSC06139.jpg?resize=700%2C400&ssl=1 2x"},"classes":[]},{"id":67219,"url":"https:\/\/www.hoymercedes.com.ar\/principal\/2017\/09\/15\/municipio-suma-dos-nuevos-patrulleros-a-la-policia-local\/","url_meta":{"origin":76153,"position":3},"title":"Municipio suma dos nuevos patrulleros a la Polic\u00eda Local","author":"hoymercedes","date":"15 septiembre, 2017","format":false,"excerpt":"Suman en total 30 veh\u00edculos incorporados a las fuerza Local y Comunal. Varios millones invertidos en distintos instrumentos. Ahora se incorporaron los patrulleros a la Polic\u00eda Local. Para Ustarroz es seguir \u201capostando a la seguridad, a prevenir el delito y esclarecer el mismo\u201d. La Municipalidad de Mercedes sum\u00f3 2 nuevas\u2026","rel":"","context":"En \u00abMunicipio\u00bb","block_context":{"text":"Municipio","link":"https:\/\/www.hoymercedes.com.ar\/principal\/category\/municipio\/"},"img":{"alt_text":"","src":"https:\/\/i0.wp.com\/www.hoymercedes.com.ar\/principal\/wp-content\/uploads\/2017\/09\/15-movil-policial-muni.jpg?resize=350%2C200&ssl=1","width":350,"height":200,"srcset":"https:\/\/i0.wp.com\/www.hoymercedes.com.ar\/principal\/wp-content\/uploads\/2017\/09\/15-movil-policial-muni.jpg?resize=350%2C200&ssl=1 1x, https:\/\/i0.wp.com\/www.hoymercedes.com.ar\/principal\/wp-content\/uploads\/2017\/09\/15-movil-policial-muni.jpg?resize=525%2C300&ssl=1 1.5x"},"classes":[]},{"id":165384,"url":"https:\/\/www.hoymercedes.com.ar\/principal\/2023\/08\/06\/mas-seguridad-se-incorporaron-19-efectivos-a-la-policia-comunal\/","url_meta":{"origin":76153,"position":4},"title":"M\u00e1s seguridad: se incorporaron 19 efectivos a la Polic\u00eda Comunal","author":"hoymercedes","date":"6 agosto, 2023","format":false,"excerpt":"La Polic\u00eda Comunal de Mercedes contin\u00faa sumando recursos para generar procesos preventivos y de cuidado m\u00e1s eficientes y eficaces. En esta ocasi\u00f3n se incorporaron 19 efectivos para asistir y acompa\u00f1ar las tareas cotidianas y siendo muy importante para la operatoria 24 m\u00f3viles 0km que se incorporaron en el \u00faltimo tiempo\u2026","rel":"","context":"En \u00abPolicial\u00bb","block_context":{"text":"Policial","link":"https:\/\/www.hoymercedes.com.ar\/principal\/category\/policial\/"},"img":{"alt_text":"","src":"https:\/\/i0.wp.com\/www.hoymercedes.com.ar\/principal\/wp-content\/uploads\/2023\/08\/NuevoPolicias.2.jpg?resize=350%2C200&ssl=1","width":350,"height":200,"srcset":"https:\/\/i0.wp.com\/www.hoymercedes.com.ar\/principal\/wp-content\/uploads\/2023\/08\/NuevoPolicias.2.jpg?resize=350%2C200&ssl=1 1x, https:\/\/i0.wp.com\/www.hoymercedes.com.ar\/principal\/wp-content\/uploads\/2023\/08\/NuevoPolicias.2.jpg?resize=525%2C300&ssl=1 1.5x, https:\/\/i0.wp.com\/www.hoymercedes.com.ar\/principal\/wp-content\/uploads\/2023\/08\/NuevoPolicias.2.jpg?resize=700%2C400&ssl=1 2x, https:\/\/i0.wp.com\/www.hoymercedes.com.ar\/principal\/wp-content\/uploads\/2023\/08\/NuevoPolicias.2.jpg?resize=1050%2C600&ssl=1 3x"},"classes":[]},{"id":62273,"url":"https:\/\/www.hoymercedes.com.ar\/principal\/2017\/05\/02\/renovaron-cuatro-patrulleros-para-las-policias-comunal-y-local\/","url_meta":{"origin":76153,"position":5},"title":"Municipio entreg\u00f3 cuatro patrulleros para las polic\u00edas comunal y local","author":"hoymercedes","date":"2 mayo, 2017","format":false,"excerpt":"En la ma\u00f1ana de este martes, el Intendente Municipal Juan Ignacio Ustarroz en compa\u00f1ia de la Secretaria de Seguridad Josefina Kelly, el Director de Seguridad Esteban Rossi y los Comisarios Sergio Macedo y Jos\u00e9 Luis Gimeno, encabez\u00f3 acto de entrega de cuatro m\u00f3viles dos de ellos para la Polic\u00eda Comunal\u2026","rel":"","context":"En \u00abMunicipio\u00bb","block_context":{"text":"Municipio","link":"https:\/\/www.hoymercedes.com.ar\/principal\/category\/municipio\/"},"img":{"alt_text":"","src":"https:\/\/i0.wp.com\/www.hoymercedes.com.ar\/principal\/wp-content\/uploads\/2017\/05\/02-Patrulleros-2.jpg?resize=350%2C200&ssl=1","width":350,"height":200,"srcset":"https:\/\/i0.wp.com\/www.hoymercedes.com.ar\/principal\/wp-content\/uploads\/2017\/05\/02-Patrulleros-2.jpg?resize=350%2C200&ssl=1 1x, https:\/\/i0.wp.com\/www.hoymercedes.com.ar\/principal\/wp-content\/uploads\/2017\/05\/02-Patrulleros-2.jpg?resize=525%2C300&ssl=1 1.5x"},"classes":[]}],"_links":{"self":[{"href":"https:\/\/www.hoymercedes.com.ar\/principal\/wp-json\/wp\/v2\/posts\/76153","targetHints":{"allow":["GET"]}}],"collection":[{"href":"https:\/\/www.hoymercedes.com.ar\/principal\/wp-json\/wp\/v2\/posts"}],"about":[{"href":"https:\/\/www.hoymercedes.com.ar\/principal\/wp-json\/wp\/v2\/types\/post"}],"author":[{"embeddable":true,"href":"https:\/\/www.hoymercedes.com.ar\/principal\/wp-json\/wp\/v2\/users\/1"}],"replies":[{"embeddable":true,"href":"https:\/\/www.hoymercedes.com.ar\/principal\/wp-json\/wp\/v2\/comments?post=76153"}],"version-history":[{"count":0,"href":"https:\/\/www.hoymercedes.com.ar\/principal\/wp-json\/wp\/v2\/posts\/76153\/revisions"}],"wp:featuredmedia":[{"embeddable":true,"href":"https:\/\/www.hoymercedes.com.ar\/principal\/wp-json\/wp\/v2\/media\/76154"}],"wp:attachment":[{"href":"https:\/\/www.hoymercedes.com.ar\/principal\/wp-json\/wp\/v2\/media?parent=76153"}],"wp:term":[{"taxonomy":"category","embeddable":true,"href":"https:\/\/www.hoymercedes.com.ar\/principal\/wp-json\/wp\/v2\/categories?post=76153"},{"taxonomy":"post_tag","embeddable":true,"href":"https:\/\/www.hoymercedes.com.ar\/principal\/wp-json\/wp\/v2\/tags?post=76153"}],"curies":[{"name":"wp","href":"https:\/\/api.w.org\/{rel}","templated":true}]}}