{"id":76179,"date":"2018-05-23T11:37:04","date_gmt":"2018-05-23T14:37:04","guid":{"rendered":"http:\/\/www.hoymercedes.com.ar\/principal\/?p=76179"},"modified":"2018-05-23T09:21:37","modified_gmt":"2018-05-23T12:21:37","slug":"propuestas-culturales-y-de-promocion-turistica-para-el-fin-de-seman","status":"publish","type":"post","link":"https:\/\/www.hoymercedes.com.ar\/principal\/2018\/05\/23\/propuestas-culturales-y-de-promocion-turistica-para-el-fin-de-seman\/","title":{"rendered":"Propuestas culturales y de promoci\u00f3n turistica para el fin de semana"},"content":{"rendered":"<figure id=\"attachment_76180\" aria-describedby=\"caption-attachment-76180\" style=\"width: 620px\" class=\"wp-caption aligncenter\"><img loading=\"lazy\" decoding=\"async\" data-attachment-id=\"76180\" data-permalink=\"https:\/\/www.hoymercedes.com.ar\/principal\/2018\/05\/23\/propuestas-culturales-y-de-promocion-turistica-para-el-fin-de-seman\/turismo-reunion\/#main\" data-orig-file=\"https:\/\/www.hoymercedes.com.ar\/principal\/wp-content\/uploads\/2018\/05\/turismo-reunion.jpg\" data-orig-size=\"730,506\" data-comments-opened=\"0\" data-image-meta=\"{&quot;aperture&quot;:&quot;0&quot;,&quot;credit&quot;:&quot;&quot;,&quot;camera&quot;:&quot;&quot;,&quot;caption&quot;:&quot;&quot;,&quot;created_timestamp&quot;:&quot;0&quot;,&quot;copyright&quot;:&quot;&quot;,&quot;focal_length&quot;:&quot;0&quot;,&quot;iso&quot;:&quot;0&quot;,&quot;shutter_speed&quot;:&quot;0&quot;,&quot;title&quot;:&quot;&quot;,&quot;orientation&quot;:&quot;0&quot;}\" data-image-title=\"turismo-reunion\" data-image-description=\"\" data-image-caption=\"&lt;p&gt;Reuni\u00f3n de trabajo&lt;\/p&gt;\n\" data-large-file=\"https:\/\/www.hoymercedes.com.ar\/principal\/wp-content\/uploads\/2018\/05\/turismo-reunion.jpg\" class=\"size-medium wp-image-76180\" src=\"https:\/\/www.hoymercedes.com.ar\/principal\/wp-content\/uploads\/2018\/05\/turismo-reunion-630x437.jpg\" alt=\"\" width=\"630\" height=\"437\" srcset=\"https:\/\/www.hoymercedes.com.ar\/principal\/wp-content\/uploads\/2018\/05\/turismo-reunion-630x437.jpg 630w, https:\/\/www.hoymercedes.com.ar\/principal\/wp-content\/uploads\/2018\/05\/turismo-reunion-150x104.jpg 150w, https:\/\/www.hoymercedes.com.ar\/principal\/wp-content\/uploads\/2018\/05\/turismo-reunion.jpg 730w\" sizes=\"auto, (max-width: 630px) 100vw, 630px\" \/><figcaption id=\"caption-attachment-76180\" class=\"wp-caption-text\">Reuni\u00f3n de trabajo<\/figcaption><\/figure>\n<p style=\"font-weight: 400;\">Se llev\u00f3 a cabo un nuevo encuentro en pos de generar mecanismos de trabajo conjunto entre la Direcci\u00f3n de Turismo, La Trocha y estudiantes y graduados de la carrera de Turismo del Instituto 401 y particularmente pensando en las actividades que viviremos los pr\u00f3ximos 26 y 27 de mayo con la recorrida por los monumentos de nuestra ciudad. Habr\u00e1 micros, adem\u00e1s, desde Tom\u00e1s Jofr\u00e9 el domingo para que los visitantes hagan city tour.<\/p>\n<p style=\"font-weight: 400;\">\u201cEl d\u00eda de los monumentos estaremos haciendo actividades juntos\u201d, cont\u00f3 Javier Lennard y destac\u00f3 que \u201cestuvimos planificando propuestas para todos los vecinos con miras a las dos jornadas del d\u00eda de los monumentos y tambi\u00e9n para efectuar city tour desde Tom\u00e1s Jofr\u00e9 a Mercedes, con micros gratis, para quienes vengan a Tom\u00e1s Jofr\u00e9 a pasar el d\u00eda. Ser\u00e1 este domingo 27\u201d narr\u00f3.<\/p>\n<p style=\"font-weight: 400;\">En el encuentro, donde participaron los mencionados estudiantes y graduados, estuvo presente el director de la intuici\u00f3n, Sebasti\u00e1n Minadevino y la edil presidenta de la Comisi\u00f3n Municipal de Patrimonio Hist\u00f3rico, la Lic. Celeste\u00a0\u00a0Burone.<\/p>\n<p style=\"font-weight: 400;\">El encuentro, en uno de los recuperados galpones de La Trocha, permiti\u00f3 tambi\u00e9n que Daniel Serra, de Amigos del Belgrano, les cuente los detalles de lo que significa para la ciudad y la regi\u00f3n el presentado tren tur\u00edstico sobre el cual se est\u00e1n afinando detalles para que pronto est\u00e9 plenamente a disposici\u00f3n de los vecinos.<\/p>\n<p style=\"font-weight: 400;\">M\u00e1s adelante destacaron que \u201ces el d\u00eda de los monumentos no s\u00f3lo promover nuestra cultura, sino tambi\u00e9n es un momento de salida familiar, de promover el comercio, el encuentro familiar y de amigos. El domingo se ver\u00e1 muy claro, donde estaremos invitando asistentes a Jofr\u00e9 a que hagan un peque\u00f1o y grato viaje al radio c\u00e9ntrico\u201d, cont\u00f3 Lennard.<\/p>\n<p style=\"font-weight: 400;\">La invitaci\u00f3n queda abierta para este 26 y 27 de mayo, libre, p\u00fablico y gratuito.<\/p>\n<p style=\"font-weight: 400;\"><strong><u>Cronograma:<\/u><\/strong><\/p>\n<p style=\"font-weight: 400;\">S\u00e1bado 12:<\/p>\n<p style=\"font-weight: 400;\">10.00hs-Plaza San Martin.\u00a0\u00a0Visita Guiada del Circuito Descubri Mercedes.<\/p>\n<p style=\"font-weight: 400;\">11.00hs &#8211; Iglesia Catedral- Visita Guiada<\/p>\n<p style=\"font-weight: 400;\">11.30hs- Concierto de Violin Orquesta -Escuela Juvenil<\/p>\n<p style=\"font-weight: 400;\">\n<p style=\"font-weight: 400;\">17hs- Plaza San Martin- Visita Guiada Circuito Descubri Mercedes<\/p>\n<p style=\"font-weight: 400;\">18hs- Consejo Deliberante. Visita Guiada y Concierto de Jazz a duo Ezequiel Iglesias y Roxana Cane.<\/p>\n<p style=\"font-weight: 400;\">20.00hs-\u00a0\u00a0Pulperia de Cacho Dicatarina- Folklore Soco Larralde<\/p>\n<p style=\"font-weight: 400;\">\n<p style=\"font-weight: 400;\">Domingo:<\/p>\n<p style=\"font-weight: 400;\">15.30hs- Museo Miguez. Visita Guiada &#8211; Representaci\u00f3n del Personaje de Sofia Miguez por Gabriela Loruzzo.<\/p>\n<p style=\"font-weight: 400;\">17.00hs- Iglesia San Patricio. Visita Guiada \u2013 Mini Concierto de Organo. Manuel Maturo y Milagros Vallejos<\/p>\n<p><img loading=\"lazy\" decoding=\"async\" data-attachment-id=\"76181\" data-permalink=\"https:\/\/www.hoymercedes.com.ar\/principal\/2018\/05\/23\/propuestas-culturales-y-de-promocion-turistica-para-el-fin-de-seman\/finde-diadelosmonumentos\/#main\" data-orig-file=\"https:\/\/www.hoymercedes.com.ar\/principal\/wp-content\/uploads\/2018\/05\/finde-diadelosmonumentos.jpg\" data-orig-size=\"904,1280\" data-comments-opened=\"0\" data-image-meta=\"{&quot;aperture&quot;:&quot;0&quot;,&quot;credit&quot;:&quot;&quot;,&quot;camera&quot;:&quot;&quot;,&quot;caption&quot;:&quot;&quot;,&quot;created_timestamp&quot;:&quot;0&quot;,&quot;copyright&quot;:&quot;&quot;,&quot;focal_length&quot;:&quot;0&quot;,&quot;iso&quot;:&quot;0&quot;,&quot;shutter_speed&quot;:&quot;0&quot;,&quot;title&quot;:&quot;&quot;,&quot;orientation&quot;:&quot;0&quot;}\" data-image-title=\"finde-diadelosmonumentos\" data-image-description=\"\" data-image-caption=\"\" data-large-file=\"https:\/\/www.hoymercedes.com.ar\/principal\/wp-content\/uploads\/2018\/05\/finde-diadelosmonumentos-723x1024.jpg\" class=\"aligncenter size-medium wp-image-76181\" src=\"https:\/\/www.hoymercedes.com.ar\/principal\/wp-content\/uploads\/2018\/05\/finde-diadelosmonumentos-438x620.jpg\" alt=\"\" width=\"438\" height=\"620\" srcset=\"https:\/\/www.hoymercedes.com.ar\/principal\/wp-content\/uploads\/2018\/05\/finde-diadelosmonumentos-438x620.jpg 438w, https:\/\/www.hoymercedes.com.ar\/principal\/wp-content\/uploads\/2018\/05\/finde-diadelosmonumentos-106x150.jpg 106w, https:\/\/www.hoymercedes.com.ar\/principal\/wp-content\/uploads\/2018\/05\/finde-diadelosmonumentos-723x1024.jpg 723w, https:\/\/www.hoymercedes.com.ar\/principal\/wp-content\/uploads\/2018\/05\/finde-diadelosmonumentos.jpg 904w\" sizes=\"auto, (max-width: 438px) 100vw, 438px\" \/><\/p>\n<p>&nbsp;<\/p>\n<p>Info: Municipio<\/p>\n","protected":false},"excerpt":{"rendered":"<p>Se llev\u00f3 a cabo un nuevo encuentro en pos de generar mecanismos de trabajo conjunto entre la Direcci\u00f3n de Turismo, &#8230; <a title=\"Propuestas culturales y de promoci\u00f3n turistica para el fin de semana\" class=\"read-more\" href=\"https:\/\/www.hoymercedes.com.ar\/principal\/2018\/05\/23\/propuestas-culturales-y-de-promocion-turistica-para-el-fin-de-seman\/\" aria-label=\"Leer m\u00e1s sobre Propuestas culturales y de promoci\u00f3n turistica para el fin de semana\">Leer m\u00e1s<\/a><\/p>\n","protected":false},"author":1,"featured_media":76180,"comment_status":"closed","ping_status":"open","sticky":false,"template":"","format":"standard","meta":{"_monsterinsights_skip_tracking":false,"_monsterinsights_sitenote_active":false,"_monsterinsights_sitenote_note":"","_monsterinsights_sitenote_category":0,"jetpack_post_was_ever_published":false,"_jetpack_newsletter_access":"","_jetpack_dont_email_post_to_subs":false,"_jetpack_newsletter_tier_id":0,"_jetpack_memberships_contains_paywalled_content":false,"_jetpack_memberships_contains_paid_content":false,"footnotes":"","jetpack_publicize_message":"","jetpack_publicize_feature_enabled":true,"jetpack_social_post_already_shared":true,"jetpack_social_options":{"image_generator_settings":{"template":"highway","default_image_id":0,"font":"","enabled":false},"version":2},"_wpas_customize_per_network":false},"categories":[30],"tags":[11398,13154,1428],"class_list":["post-76179","post","type-post","status-publish","format-standard","has-post-thumbnail","hentry","category-municipio","tag-descubri-mercedes","tag-javier-lennard","tag-turismo","generate-columns","tablet-grid-50","mobile-grid-100","grid-parent","grid-50"],"jetpack_publicize_connections":[],"jetpack_featured_media_url":"https:\/\/www.hoymercedes.com.ar\/principal\/wp-content\/uploads\/2018\/05\/turismo-reunion.jpg","wps_subtitle":"","jetpack_sharing_enabled":true,"jetpack-related-posts":[{"id":76741,"url":"https:\/\/www.hoymercedes.com.ar\/principal\/2018\/06\/02\/reconocen-a-quienes-fueron-parte-del-dia-de-los-monumentos\/","url_meta":{"origin":76179,"position":0},"title":"Reconocen a quienes fueron parte del \u201cD\u00eda de los Monumentos\u201d","author":"hoymercedes","date":"2 junio, 2018","format":false,"excerpt":"Tras el importante caudal de vecinos que fue parte del D\u00eda de los Monumentos desde la Direcci\u00f3n de Turismo se efectu\u00f3 un reconocimiento a quienes oficiaron de gu\u00edas y presentadores. Ellos eran estudiantes y graduados en turismo. La reuni\u00f3n cont\u00f3 con la presencia del Jefe Comunal, el Dr. Juan Ignacio\u2026","rel":"","context":"En \u00abSociedad\u00bb","block_context":{"text":"Sociedad","link":"https:\/\/www.hoymercedes.com.ar\/principal\/category\/sociedad\/"},"img":{"alt_text":"","src":"https:\/\/i0.wp.com\/www.hoymercedes.com.ar\/principal\/wp-content\/uploads\/2018\/06\/reconocimientos-a.jpg?resize=350%2C200&ssl=1","width":350,"height":200,"srcset":"https:\/\/i0.wp.com\/www.hoymercedes.com.ar\/principal\/wp-content\/uploads\/2018\/06\/reconocimientos-a.jpg?resize=350%2C200&ssl=1 1x, https:\/\/i0.wp.com\/www.hoymercedes.com.ar\/principal\/wp-content\/uploads\/2018\/06\/reconocimientos-a.jpg?resize=525%2C300&ssl=1 1.5x, https:\/\/i0.wp.com\/www.hoymercedes.com.ar\/principal\/wp-content\/uploads\/2018\/06\/reconocimientos-a.jpg?resize=700%2C400&ssl=1 2x, https:\/\/i0.wp.com\/www.hoymercedes.com.ar\/principal\/wp-content\/uploads\/2018\/06\/reconocimientos-a.jpg?resize=1050%2C600&ssl=1 3x"},"classes":[]},{"id":76430,"url":"https:\/\/www.hoymercedes.com.ar\/principal\/2018\/05\/28\/76430\/","url_meta":{"origin":76179,"position":1},"title":"Dos jornadas de celebraci\u00f3n por el D\u00eda de los Monumentos","author":"hoymercedes","date":"28 mayo, 2018","format":false,"excerpt":"Durante el fin de semana se llev\u00f3 a cabo una nueva edici\u00f3n del \u201cD\u00eda de los monumentos\u201d durante el s\u00e1bado y domingo. Gran cantidad de mercedinos se hicieron presentes en las propuestas culturales, los paseos guiados y los espect\u00e1culos propuestos por la Municipalidad de Mercedes. Desde la Comisi\u00f3n de Patrimonio\u2026","rel":"","context":"En \u00abMunicipio\u00bb","block_context":{"text":"Municipio","link":"https:\/\/www.hoymercedes.com.ar\/principal\/category\/municipio\/"},"img":{"alt_text":"","src":"https:\/\/i0.wp.com\/www.hoymercedes.com.ar\/principal\/wp-content\/uploads\/2018\/05\/1.jpg?resize=350%2C200&ssl=1","width":350,"height":200,"srcset":"https:\/\/i0.wp.com\/www.hoymercedes.com.ar\/principal\/wp-content\/uploads\/2018\/05\/1.jpg?resize=350%2C200&ssl=1 1x, https:\/\/i0.wp.com\/www.hoymercedes.com.ar\/principal\/wp-content\/uploads\/2018\/05\/1.jpg?resize=525%2C300&ssl=1 1.5x, https:\/\/i0.wp.com\/www.hoymercedes.com.ar\/principal\/wp-content\/uploads\/2018\/05\/1.jpg?resize=700%2C400&ssl=1 2x"},"classes":[]},{"id":60569,"url":"https:\/\/www.hoymercedes.com.ar\/principal\/2017\/03\/15\/sabado-18-y-domingo-19-oportunidad-para-conocer-monumentos-historicos-mercedinos\/","url_meta":{"origin":76179,"position":2},"title":"S\u00e1bado 18 y domingo 19 oportunidad para conocer monumentos hist\u00f3ricos mercedinos","author":"hoymercedes","date":"15 marzo, 2017","format":false,"excerpt":"Desde la Comisi\u00f3n\u00a0 de Patrimonio de Mercedes\u00a0dieron a conocer una propuesta cultural para que los vecinos y turistas realicen en el marco del D\u00eda\u00a0Nacional de los Monumentos. En adhesi\u00f3n a la propuesta que organiza la Comisi\u00f3n Nacional de Monumentos, de Lugares y de Bienes Hist\u00f3ricos durante los d\u00edas 18 y\u2026","rel":"","context":"En \u00abCultura\u00bb","block_context":{"text":"Cultura","link":"https:\/\/www.hoymercedes.com.ar\/principal\/category\/cultura\/"},"img":{"alt_text":"","src":"https:\/\/i0.wp.com\/www.hoymercedes.com.ar\/principal\/wp-content\/uploads\/2017\/03\/12-CUNA-patrimonio.jpg?resize=350%2C200&ssl=1","width":350,"height":200,"srcset":"https:\/\/i0.wp.com\/www.hoymercedes.com.ar\/principal\/wp-content\/uploads\/2017\/03\/12-CUNA-patrimonio.jpg?resize=350%2C200&ssl=1 1x, https:\/\/i0.wp.com\/www.hoymercedes.com.ar\/principal\/wp-content\/uploads\/2017\/03\/12-CUNA-patrimonio.jpg?resize=525%2C300&ssl=1 1.5x"},"classes":[]},{"id":60933,"url":"https:\/\/www.hoymercedes.com.ar\/principal\/2017\/03\/22\/recorridas-guiadas-por-las-iglesias-en-el-dia-de-los-monumentos\/","url_meta":{"origin":76179,"position":3},"title":"Recorridas guiadas por las Iglesias en el D\u00eda de los Monumentos","author":"hoymercedes","date":"22 marzo, 2017","format":false,"excerpt":"El fin de semana que pas\u00f3 se organiz\u00f3 desde la\u00a0Comisi\u00f3n Municipal de Patrimonio Hist\u00f3rico una serie de visitas guiadas por los principales templos cat\u00f3licos de la ciudad en el marco del\u00a0\u201cD\u00eda Nacional de los Monumentos\u201d. La respuesta del p\u00fablico fue destacable\u00a0al aprovechar recorridos con la historia de las Iglesias, as\u00ed\u2026","rel":"","context":"En \u00abCultura\u00bb","block_context":{"text":"Cultura","link":"https:\/\/www.hoymercedes.com.ar\/principal\/category\/cultura\/"},"img":{"alt_text":"","src":"https:\/\/i0.wp.com\/www.hoymercedes.com.ar\/principal\/wp-content\/uploads\/2017\/03\/22-monumentos-1.jpg?resize=350%2C200&ssl=1","width":350,"height":200,"srcset":"https:\/\/i0.wp.com\/www.hoymercedes.com.ar\/principal\/wp-content\/uploads\/2017\/03\/22-monumentos-1.jpg?resize=350%2C200&ssl=1 1x, https:\/\/i0.wp.com\/www.hoymercedes.com.ar\/principal\/wp-content\/uploads\/2017\/03\/22-monumentos-1.jpg?resize=525%2C300&ssl=1 1.5x"},"classes":[]},{"id":92405,"url":"https:\/\/www.hoymercedes.com.ar\/principal\/2019\/05\/06\/dia-de-los-monumentos-recorridas-conciertos-visitas-guiadas-y-mucha-historia\/","url_meta":{"origin":76179,"position":4},"title":"D\u00eda de los Monumentos: recorridas, conciertos, visitas guiadas y mucha historia","author":"hoymercedes","date":"6 mayo, 2019","format":false,"excerpt":"Se llev\u00f3 a cabo un nuevo encuentro por el \u201cD\u00eda Nacional de los Monumentos\u201d, con actividades que expusieron con excelentes propuestas todo lo valioso que tenemos en Mercedes en cultura, tradici\u00f3n e infraestructura. Hubo recorridas, visitas guiadas, m\u00fasica en vivo, y una fuerte difusi\u00f3n de nuestra historia. Estuvo organizado por\u2026","rel":"","context":"En \u00abCultura\u00bb","block_context":{"text":"Cultura","link":"https:\/\/www.hoymercedes.com.ar\/principal\/category\/cultura\/"},"img":{"alt_text":"","src":"https:\/\/i0.wp.com\/www.hoymercedes.com.ar\/principal\/wp-content\/uploads\/2019\/05\/05-monumentos2.jpeg?resize=350%2C200&ssl=1","width":350,"height":200,"srcset":"https:\/\/i0.wp.com\/www.hoymercedes.com.ar\/principal\/wp-content\/uploads\/2019\/05\/05-monumentos2.jpeg?resize=350%2C200&ssl=1 1x, https:\/\/i0.wp.com\/www.hoymercedes.com.ar\/principal\/wp-content\/uploads\/2019\/05\/05-monumentos2.jpeg?resize=525%2C300&ssl=1 1.5x, https:\/\/i0.wp.com\/www.hoymercedes.com.ar\/principal\/wp-content\/uploads\/2019\/05\/05-monumentos2.jpeg?resize=700%2C400&ssl=1 2x"},"classes":[]},{"id":73269,"url":"https:\/\/www.hoymercedes.com.ar\/principal\/2018\/03\/08\/celeste-burone-preside-la-comision-municipal-de-patrimonio\/","url_meta":{"origin":76179,"position":5},"title":"Celeste Burone preside la Comisi\u00f3n Municipal de Patrimonio","author":"hoymercedes","date":"8 marzo, 2018","format":false,"excerpt":"Desde el mes de febrero y tal como lo establece la reglamentaci\u00f3n de\u00a0la Comisi\u00f3n\u00a0se dio inicio formal al a\u00f1o de trabajo, motivados tambi\u00e9n por la cantidad de consultas llegadas hasta\u00a0la Direcci\u00f3n\u00a0de Planeamiento Estrat\u00e9gico cuya direcci\u00f3n esta a cargo del Arquitecto Miguel Brady y que, adem\u00e1s, es autoridad de aplicaci\u00f3n de\u2026","rel":"","context":"En \u00abCultura\u00bb","block_context":{"text":"Cultura","link":"https:\/\/www.hoymercedes.com.ar\/principal\/category\/cultura\/"},"img":{"alt_text":"","src":"https:\/\/i0.wp.com\/www.hoymercedes.com.ar\/principal\/wp-content\/uploads\/2017\/04\/28-celeste-burone.jpg?resize=350%2C200&ssl=1","width":350,"height":200,"srcset":"https:\/\/i0.wp.com\/www.hoymercedes.com.ar\/principal\/wp-content\/uploads\/2017\/04\/28-celeste-burone.jpg?resize=350%2C200&ssl=1 1x, https:\/\/i0.wp.com\/www.hoymercedes.com.ar\/principal\/wp-content\/uploads\/2017\/04\/28-celeste-burone.jpg?resize=525%2C300&ssl=1 1.5x"},"classes":[]}],"_links":{"self":[{"href":"https:\/\/www.hoymercedes.com.ar\/principal\/wp-json\/wp\/v2\/posts\/76179","targetHints":{"allow":["GET"]}}],"collection":[{"href":"https:\/\/www.hoymercedes.com.ar\/principal\/wp-json\/wp\/v2\/posts"}],"about":[{"href":"https:\/\/www.hoymercedes.com.ar\/principal\/wp-json\/wp\/v2\/types\/post"}],"author":[{"embeddable":true,"href":"https:\/\/www.hoymercedes.com.ar\/principal\/wp-json\/wp\/v2\/users\/1"}],"replies":[{"embeddable":true,"href":"https:\/\/www.hoymercedes.com.ar\/principal\/wp-json\/wp\/v2\/comments?post=76179"}],"version-history":[{"count":0,"href":"https:\/\/www.hoymercedes.com.ar\/principal\/wp-json\/wp\/v2\/posts\/76179\/revisions"}],"wp:featuredmedia":[{"embeddable":true,"href":"https:\/\/www.hoymercedes.com.ar\/principal\/wp-json\/wp\/v2\/media\/76180"}],"wp:attachment":[{"href":"https:\/\/www.hoymercedes.com.ar\/principal\/wp-json\/wp\/v2\/media?parent=76179"}],"wp:term":[{"taxonomy":"category","embeddable":true,"href":"https:\/\/www.hoymercedes.com.ar\/principal\/wp-json\/wp\/v2\/categories?post=76179"},{"taxonomy":"post_tag","embeddable":true,"href":"https:\/\/www.hoymercedes.com.ar\/principal\/wp-json\/wp\/v2\/tags?post=76179"}],"curies":[{"name":"wp","href":"https:\/\/api.w.org\/{rel}","templated":true}]}}