{"id":76183,"date":"2018-05-23T13:00:30","date_gmt":"2018-05-23T16:00:30","guid":{"rendered":"http:\/\/www.hoymercedes.com.ar\/principal\/?p=76183"},"modified":"2018-05-22T21:52:35","modified_gmt":"2018-05-23T00:52:35","slug":"ninos-del-cetim-tambien-recien-atencion-en-salud-bucal","status":"publish","type":"post","link":"https:\/\/www.hoymercedes.com.ar\/principal\/2018\/05\/23\/ninos-del-cetim-tambien-recien-atencion-en-salud-bucal\/","title":{"rendered":"Ni\u00f1os del CETIM tambi\u00e9n reci\u00e9n atenci\u00f3n en salud bucal"},"content":{"rendered":"<figure id=\"attachment_76184\" aria-describedby=\"caption-attachment-76184\" style=\"width: 620px\" class=\"wp-caption aligncenter\"><img loading=\"lazy\" decoding=\"async\" data-attachment-id=\"76184\" data-permalink=\"https:\/\/www.hoymercedes.com.ar\/principal\/2018\/05\/23\/ninos-del-cetim-tambien-recien-atencion-en-salud-bucal\/cetim1\/#main\" data-orig-file=\"https:\/\/www.hoymercedes.com.ar\/principal\/wp-content\/uploads\/2018\/05\/CETIM1.jpg\" data-orig-size=\"1040,780\" data-comments-opened=\"0\" data-image-meta=\"{&quot;aperture&quot;:&quot;0&quot;,&quot;credit&quot;:&quot;&quot;,&quot;camera&quot;:&quot;&quot;,&quot;caption&quot;:&quot;&quot;,&quot;created_timestamp&quot;:&quot;0&quot;,&quot;copyright&quot;:&quot;&quot;,&quot;focal_length&quot;:&quot;0&quot;,&quot;iso&quot;:&quot;0&quot;,&quot;shutter_speed&quot;:&quot;0&quot;,&quot;title&quot;:&quot;&quot;,&quot;orientation&quot;:&quot;0&quot;}\" data-image-title=\"CETIM1\" data-image-description=\"\" data-image-caption=\"&lt;p&gt;CETIM y Consultorio Odontol\u00f3gico Municipal &lt;\/p&gt;\n\" data-large-file=\"https:\/\/www.hoymercedes.com.ar\/principal\/wp-content\/uploads\/2018\/05\/CETIM1-1024x768.jpg\" class=\"size-medium wp-image-76184\" src=\"https:\/\/www.hoymercedes.com.ar\/principal\/wp-content\/uploads\/2018\/05\/CETIM1-630x473.jpg\" alt=\"\" width=\"630\" height=\"473\" srcset=\"https:\/\/www.hoymercedes.com.ar\/principal\/wp-content\/uploads\/2018\/05\/CETIM1-630x473.jpg 630w, https:\/\/www.hoymercedes.com.ar\/principal\/wp-content\/uploads\/2018\/05\/CETIM1-150x113.jpg 150w, https:\/\/www.hoymercedes.com.ar\/principal\/wp-content\/uploads\/2018\/05\/CETIM1-1024x768.jpg 1024w, https:\/\/www.hoymercedes.com.ar\/principal\/wp-content\/uploads\/2018\/05\/CETIM1.jpg 1040w\" sizes=\"auto, (max-width: 630px) 100vw, 630px\" \/><figcaption id=\"caption-attachment-76184\" class=\"wp-caption-text\">CETIM y Consultorio Odontol\u00f3gico Municipal<\/figcaption><\/figure>\n<p style=\"font-weight: 400;\">En el marco de una atenci\u00f3n integral varios ni\u00f1os que asisten al primer centro de rehabilitaci\u00f3n infantil municipal fueron atendidos en el C.I.C por el equipo de salud bucal. Vale recordar que all\u00ed se encuentra emplazada el primer Consultorio Odontol\u00f3gico Municipal inaugurado por el Dr. Ustarroz y que se est\u00e1 trabajando en nuevas unidades sanitarias en otras zonas de la ciudad en el marco del plan sostenido de ampliaci\u00f3n del cuidado de la salud de los mercedinos.<\/p>\n<p style=\"font-weight: 400;\">Desde la Secretar\u00eda de Salud destacan que \u201cson dos dispositivos sanitarios que unen y act\u00faan transversalmente\u201d, cont\u00f3 Cassiani. \u201cFueron ambos puestos en funcionamiento por nuestro intendente Juan Ustarroz y aunque no se vea siempre siguen trabajando para el beneficio de nuestros vecinos\u201d, sostuvo.<\/p>\n<p>&nbsp;<\/p>\n<p style=\"font-weight: 400;\">Recordemos que el CETIM, es el primer centro de rehabilitaci\u00f3n para ni\u00f1os con discapacidad, y que la semana pasada el Intendente Municipal Juan Ignacio Ustarroz, anunci\u00f3 su ampliaci\u00f3n, adem\u00e1s de haber sido reconocido en la C\u00e1mara de Diputados Bonaerense por ser \u00fanico en el territorio de la Provincia de Buenos Aires.<\/p>\n<p style=\"font-weight: 400;\">Por otro lado el consultorio odontol\u00f3gico\u00a0\u00a0del Centro Integrados Complementario\u00a0\u00a0fue el primero inaugurado por esta gesti\u00f3n y ya cuenta con 4 odont\u00f3logos y se est\u00e1 en proceso del montaje de otros dos consultorios.<\/p>\n<p style=\"font-weight: 400;\">Cassiani destac\u00f3 tambi\u00e9n \u201cel compromiso y rol cotidiano del personal municipal y de los profesionales es sin duda un pilar fundamental. No tenemos m\u00e1s que palabras de agradecimiento para ellos\u201d.<\/p>\n<p>&nbsp;<\/p>\n<figure id=\"attachment_76185\" aria-describedby=\"caption-attachment-76185\" style=\"width: 620px\" class=\"wp-caption aligncenter\"><img loading=\"lazy\" decoding=\"async\" data-attachment-id=\"76185\" data-permalink=\"https:\/\/www.hoymercedes.com.ar\/principal\/2018\/05\/23\/ninos-del-cetim-tambien-recien-atencion-en-salud-bucal\/cetim2\/#main\" data-orig-file=\"https:\/\/www.hoymercedes.com.ar\/principal\/wp-content\/uploads\/2018\/05\/CETIM2.jpg\" data-orig-size=\"1040,780\" data-comments-opened=\"0\" data-image-meta=\"{&quot;aperture&quot;:&quot;0&quot;,&quot;credit&quot;:&quot;&quot;,&quot;camera&quot;:&quot;&quot;,&quot;caption&quot;:&quot;&quot;,&quot;created_timestamp&quot;:&quot;0&quot;,&quot;copyright&quot;:&quot;&quot;,&quot;focal_length&quot;:&quot;0&quot;,&quot;iso&quot;:&quot;0&quot;,&quot;shutter_speed&quot;:&quot;0&quot;,&quot;title&quot;:&quot;&quot;,&quot;orientation&quot;:&quot;0&quot;}\" data-image-title=\"CETIM2\" data-image-description=\"\" data-image-caption=\"&lt;p&gt;Cuidado de los ni\u00f1os&lt;\/p&gt;\n\" data-large-file=\"https:\/\/www.hoymercedes.com.ar\/principal\/wp-content\/uploads\/2018\/05\/CETIM2-1024x768.jpg\" class=\"size-medium wp-image-76185\" src=\"https:\/\/www.hoymercedes.com.ar\/principal\/wp-content\/uploads\/2018\/05\/CETIM2-630x473.jpg\" alt=\"\" width=\"630\" height=\"473\" srcset=\"https:\/\/www.hoymercedes.com.ar\/principal\/wp-content\/uploads\/2018\/05\/CETIM2-630x473.jpg 630w, https:\/\/www.hoymercedes.com.ar\/principal\/wp-content\/uploads\/2018\/05\/CETIM2-150x113.jpg 150w, https:\/\/www.hoymercedes.com.ar\/principal\/wp-content\/uploads\/2018\/05\/CETIM2-1024x768.jpg 1024w, https:\/\/www.hoymercedes.com.ar\/principal\/wp-content\/uploads\/2018\/05\/CETIM2.jpg 1040w\" sizes=\"auto, (max-width: 630px) 100vw, 630px\" \/><figcaption id=\"caption-attachment-76185\" class=\"wp-caption-text\">Cuidado de los ni\u00f1os<\/figcaption><\/figure>\n<p>&nbsp;<\/p>\n<p><span style=\"color: #808080;\">Info: Municipio<\/span><\/p>\n","protected":false},"excerpt":{"rendered":"<p>En el marco de una atenci\u00f3n integral varios ni\u00f1os que asisten al primer centro de rehabilitaci\u00f3n infantil municipal fueron atendidos &#8230; <a title=\"Ni\u00f1os del CETIM tambi\u00e9n reci\u00e9n atenci\u00f3n en salud bucal\" class=\"read-more\" href=\"https:\/\/www.hoymercedes.com.ar\/principal\/2018\/05\/23\/ninos-del-cetim-tambien-recien-atencion-en-salud-bucal\/\" aria-label=\"Leer m\u00e1s sobre Ni\u00f1os del CETIM tambi\u00e9n reci\u00e9n atenci\u00f3n en salud bucal\">Leer m\u00e1s<\/a><\/p>\n","protected":false},"author":1,"featured_media":76184,"comment_status":"closed","ping_status":"open","sticky":false,"template":"","format":"standard","meta":{"_monsterinsights_skip_tracking":false,"_monsterinsights_sitenote_active":false,"_monsterinsights_sitenote_note":"","_monsterinsights_sitenote_category":0,"jetpack_post_was_ever_published":false,"_jetpack_newsletter_access":"","_jetpack_dont_email_post_to_subs":false,"_jetpack_newsletter_tier_id":0,"_jetpack_memberships_contains_paywalled_content":false,"_jetpack_memberships_contains_paid_content":false,"footnotes":"","jetpack_publicize_message":"","jetpack_publicize_feature_enabled":true,"jetpack_social_post_already_shared":true,"jetpack_social_options":{"image_generator_settings":{"template":"highway","default_image_id":0,"font":"","enabled":false},"version":2},"_wpas_customize_per_network":false},"categories":[30],"tags":[11487,1927,8529],"class_list":["post-76183","post","type-post","status-publish","format-standard","has-post-thumbnail","hentry","category-municipio","tag-cetim","tag-direccion-de-discapacidad","tag-secretaria-de-salud","generate-columns","tablet-grid-50","mobile-grid-100","grid-parent","grid-50"],"jetpack_publicize_connections":[],"jetpack_featured_media_url":"https:\/\/www.hoymercedes.com.ar\/principal\/wp-content\/uploads\/2018\/05\/CETIM1.jpg","wps_subtitle":"Desarrollo Social y Salud","jetpack_sharing_enabled":true,"jetpack-related-posts":[{"id":76920,"url":"https:\/\/www.hoymercedes.com.ar\/principal\/2018\/06\/06\/ustarroz-inauguro-el-segundo-consultorio-odontologico-municipal\/","url_meta":{"origin":76183,"position":0},"title":"Ustarroz inaugur\u00f3 el segundo consultorio odontol\u00f3gico municipal","author":"hoymercedes","date":"6 junio, 2018","format":false,"excerpt":"EL Jefe Comunal, Dr. Juan Ustarroz, inaugur\u00f3 junto al equipo de salud y vecinos en Barrio Blandengues el segundo consultorio odontol\u00f3gico municipal. \u201cEste espacio se construy\u00f3 a nuevo, un consultorio con equipamiento de primer nivel\u201d y agreg\u00f3 \u201ca todos los ni\u00f1os que concurran les estaremos regalando cepillos de dientes para\u2026","rel":"","context":"En \u00abMunicipio\u00bb","block_context":{"text":"Municipio","link":"https:\/\/www.hoymercedes.com.ar\/principal\/category\/municipio\/"},"img":{"alt_text":"","src":"https:\/\/i0.wp.com\/www.hoymercedes.com.ar\/principal\/wp-content\/uploads\/2018\/06\/consultorioodontologicoDSC_0035.jpg?resize=350%2C200&ssl=1","width":350,"height":200,"srcset":"https:\/\/i0.wp.com\/www.hoymercedes.com.ar\/principal\/wp-content\/uploads\/2018\/06\/consultorioodontologicoDSC_0035.jpg?resize=350%2C200&ssl=1 1x, https:\/\/i0.wp.com\/www.hoymercedes.com.ar\/principal\/wp-content\/uploads\/2018\/06\/consultorioodontologicoDSC_0035.jpg?resize=525%2C300&ssl=1 1.5x, https:\/\/i0.wp.com\/www.hoymercedes.com.ar\/principal\/wp-content\/uploads\/2018\/06\/consultorioodontologicoDSC_0035.jpg?resize=700%2C400&ssl=1 2x"},"classes":[]},{"id":102334,"url":"https:\/\/www.hoymercedes.com.ar\/principal\/2019\/11\/13\/nuevo-equipo-de-rayos-odontologico-para-consultorio-municipal\/","url_meta":{"origin":76183,"position":1},"title":"Nuevo equipo de rayos odontol\u00f3gico para consultorio municipal","author":"hoymercedes","date":"13 noviembre, 2019","format":false,"excerpt":"Est\u00e1 instalado en el CIC donde funciona la guardia odontol\u00f3gica que atienden odont\u00f3logos de la Universidad de La Plata que hacen sus residencias en la ciudad. El equipo permitir\u00e1 realizar placas dentales y hacer una atenci\u00f3n integral de los pacientes. En el marco del programa de salud bucal que lleva\u2026","rel":"","context":"En \u00abMunicipio\u00bb","block_context":{"text":"Municipio","link":"https:\/\/www.hoymercedes.com.ar\/principal\/category\/municipio\/"},"img":{"alt_text":"","src":"https:\/\/i0.wp.com\/www.hoymercedes.com.ar\/principal\/wp-content\/uploads\/2019\/11\/IMG_20191112_112729022.jpg?resize=350%2C200&ssl=1","width":350,"height":200,"srcset":"https:\/\/i0.wp.com\/www.hoymercedes.com.ar\/principal\/wp-content\/uploads\/2019\/11\/IMG_20191112_112729022.jpg?resize=350%2C200&ssl=1 1x, https:\/\/i0.wp.com\/www.hoymercedes.com.ar\/principal\/wp-content\/uploads\/2019\/11\/IMG_20191112_112729022.jpg?resize=525%2C300&ssl=1 1.5x, https:\/\/i0.wp.com\/www.hoymercedes.com.ar\/principal\/wp-content\/uploads\/2019\/11\/IMG_20191112_112729022.jpg?resize=700%2C400&ssl=1 2x"},"classes":[]},{"id":57874,"url":"https:\/\/www.hoymercedes.com.ar\/principal\/2016\/12\/07\/inauguran-consultorio-odontologico-en-el-cic\/","url_meta":{"origin":76183,"position":2},"title":"Inauguran consultorio odontol\u00f3gico en el CIC","author":"hoymercedes","date":"7 diciembre, 2016","format":false,"excerpt":"Tras meses de trabajo que incluy\u00f3 adquisici\u00f3n de equipos, encuestas de salud y decisi\u00f3n pol\u00edtica nuestra ciudad tiene su primer consultorio odontol\u00f3gico municipal. Un nuevo espacio para el cuidado de la salud bucal que ser\u00e1 libre, p\u00fablico y gratuito y que contin\u00faa marcando la fuerte agenda social y sanitaria de\u2026","rel":"","context":"En \u00abMunicipio\u00bb","block_context":{"text":"Municipio","link":"https:\/\/www.hoymercedes.com.ar\/principal\/category\/municipio\/"},"img":{"alt_text":"","src":"https:\/\/i0.wp.com\/www.hoymercedes.com.ar\/principal\/wp-content\/uploads\/2016\/12\/07-odontologia-1.jpg?resize=350%2C200&ssl=1","width":350,"height":200,"srcset":"https:\/\/i0.wp.com\/www.hoymercedes.com.ar\/principal\/wp-content\/uploads\/2016\/12\/07-odontologia-1.jpg?resize=350%2C200&ssl=1 1x, https:\/\/i0.wp.com\/www.hoymercedes.com.ar\/principal\/wp-content\/uploads\/2016\/12\/07-odontologia-1.jpg?resize=525%2C300&ssl=1 1.5x"},"classes":[]},{"id":79293,"url":"https:\/\/www.hoymercedes.com.ar\/principal\/2018\/08\/01\/ustarroz-inauguro-el-tercer-consultorio-odontologico-municipal\/","url_meta":{"origin":76183,"position":3},"title":"Ustarroz inaugur\u00f3 el tercer consultorio odontol\u00f3gico municipal","author":"hoymercedes","date":"1 agosto, 2018","format":false,"excerpt":"\u00a0 EL Jefe Comunal, Dr. Juan Ignacio Ustarroz, junto al Secretario de Salud, Pablo Cassiani inauguraron el tercer consultorio odontol\u00f3gico Municipal. El mismo se sit\u00faa en el barrio San Jos\u00e9. Este espacio se reconstruy\u00f3 a nuevo y cuenta con equipamiento de primer nivel. \u201cUna felicidad inmensa poder inaugurar este tercer\u2026","rel":"","context":"En \u00abMunicipio\u00bb","block_context":{"text":"Municipio","link":"https:\/\/www.hoymercedes.com.ar\/principal\/category\/municipio\/"},"img":{"alt_text":"","src":"https:\/\/i0.wp.com\/www.hoymercedes.com.ar\/principal\/wp-content\/uploads\/2018\/08\/Odontologia-Inauguraci%C3%B3n-I.jpg?resize=350%2C200&ssl=1","width":350,"height":200,"srcset":"https:\/\/i0.wp.com\/www.hoymercedes.com.ar\/principal\/wp-content\/uploads\/2018\/08\/Odontologia-Inauguraci%C3%B3n-I.jpg?resize=350%2C200&ssl=1 1x, https:\/\/i0.wp.com\/www.hoymercedes.com.ar\/principal\/wp-content\/uploads\/2018\/08\/Odontologia-Inauguraci%C3%B3n-I.jpg?resize=525%2C300&ssl=1 1.5x, https:\/\/i0.wp.com\/www.hoymercedes.com.ar\/principal\/wp-content\/uploads\/2018\/08\/Odontologia-Inauguraci%C3%B3n-I.jpg?resize=700%2C400&ssl=1 2x"},"classes":[]},{"id":96545,"url":"https:\/\/www.hoymercedes.com.ar\/principal\/2019\/07\/12\/pondran-en-marcha-nuevo-consultorio-odontologico-municipal\/","url_meta":{"origin":76183,"position":4},"title":"Pondr\u00e1n en marcha nuevo consultorio odontol\u00f3gico municipal","author":"hoymercedes","date":"12 julio, 2019","format":false,"excerpt":"El Municipio de Mercedes est\u00e1 pr\u00f3ximo a inaugurar el sexto consultorio odontol\u00f3gico en la localidad de Agote. Dentro del inmenso plan de obras llevado adelante desde la comuna local, se planific\u00f3 y se est\u00e1 ejecutando este lugar que traer\u00e1 bienestar a un sector de la poblaci\u00f3n que antes no era\u2026","rel":"","context":"En \u00abMunicipio\u00bb","block_context":{"text":"Municipio","link":"https:\/\/www.hoymercedes.com.ar\/principal\/category\/municipio\/"},"img":{"alt_text":"","src":"https:\/\/i0.wp.com\/www.hoymercedes.com.ar\/principal\/wp-content\/uploads\/2019\/07\/12-caps-Agote.jpeg?resize=350%2C200&ssl=1","width":350,"height":200,"srcset":"https:\/\/i0.wp.com\/www.hoymercedes.com.ar\/principal\/wp-content\/uploads\/2019\/07\/12-caps-Agote.jpeg?resize=350%2C200&ssl=1 1x, https:\/\/i0.wp.com\/www.hoymercedes.com.ar\/principal\/wp-content\/uploads\/2019\/07\/12-caps-Agote.jpeg?resize=525%2C300&ssl=1 1.5x, https:\/\/i0.wp.com\/www.hoymercedes.com.ar\/principal\/wp-content\/uploads\/2019\/07\/12-caps-Agote.jpeg?resize=700%2C400&ssl=1 2x"},"classes":[]},{"id":88217,"url":"https:\/\/www.hoymercedes.com.ar\/principal\/2019\/02\/15\/se-inauguro-el-5consultorio-odontologico-municipal-en-lomas-del-pacifico%ef%bb%bf\/","url_meta":{"origin":76183,"position":5},"title":"Se inaugur\u00f3 el 5\u00b0consultorio odontol\u00f3gico municipal en Lomas del Pac\u00edfico\ufeff","author":"hoymercedes","date":"15 febrero, 2019","format":false,"excerpt":"Ustarroz dej\u00f3 inaugurado un nuevo consultorio odontol\u00f3gico montado con fondos municipales. Es parte de una red de salud bucal que cubre distintas zonas de la ciudad y zona rural. Funcionar\u00e1 los martes y viernes, a cargo de la odont\u00f3loga Sol Lettieri. \u201cNos hab\u00edamos propuesto\u00a0 cuatro consultorios. Pero fue solo el\u2026","rel":"","context":"En \u00abMunicipio\u00bb","block_context":{"text":"Municipio","link":"https:\/\/www.hoymercedes.com.ar\/principal\/category\/municipio\/"},"img":{"alt_text":"","src":"https:\/\/i0.wp.com\/www.hoymercedes.com.ar\/principal\/wp-content\/uploads\/2019\/02\/4.jpg?resize=350%2C200&ssl=1","width":350,"height":200,"srcset":"https:\/\/i0.wp.com\/www.hoymercedes.com.ar\/principal\/wp-content\/uploads\/2019\/02\/4.jpg?resize=350%2C200&ssl=1 1x, https:\/\/i0.wp.com\/www.hoymercedes.com.ar\/principal\/wp-content\/uploads\/2019\/02\/4.jpg?resize=525%2C300&ssl=1 1.5x, https:\/\/i0.wp.com\/www.hoymercedes.com.ar\/principal\/wp-content\/uploads\/2019\/02\/4.jpg?resize=700%2C400&ssl=1 2x"},"classes":[]}],"_links":{"self":[{"href":"https:\/\/www.hoymercedes.com.ar\/principal\/wp-json\/wp\/v2\/posts\/76183","targetHints":{"allow":["GET"]}}],"collection":[{"href":"https:\/\/www.hoymercedes.com.ar\/principal\/wp-json\/wp\/v2\/posts"}],"about":[{"href":"https:\/\/www.hoymercedes.com.ar\/principal\/wp-json\/wp\/v2\/types\/post"}],"author":[{"embeddable":true,"href":"https:\/\/www.hoymercedes.com.ar\/principal\/wp-json\/wp\/v2\/users\/1"}],"replies":[{"embeddable":true,"href":"https:\/\/www.hoymercedes.com.ar\/principal\/wp-json\/wp\/v2\/comments?post=76183"}],"version-history":[{"count":0,"href":"https:\/\/www.hoymercedes.com.ar\/principal\/wp-json\/wp\/v2\/posts\/76183\/revisions"}],"wp:featuredmedia":[{"embeddable":true,"href":"https:\/\/www.hoymercedes.com.ar\/principal\/wp-json\/wp\/v2\/media\/76184"}],"wp:attachment":[{"href":"https:\/\/www.hoymercedes.com.ar\/principal\/wp-json\/wp\/v2\/media?parent=76183"}],"wp:term":[{"taxonomy":"category","embeddable":true,"href":"https:\/\/www.hoymercedes.com.ar\/principal\/wp-json\/wp\/v2\/categories?post=76183"},{"taxonomy":"post_tag","embeddable":true,"href":"https:\/\/www.hoymercedes.com.ar\/principal\/wp-json\/wp\/v2\/tags?post=76183"}],"curies":[{"name":"wp","href":"https:\/\/api.w.org\/{rel}","templated":true}]}}