{"id":76190,"date":"2018-05-23T18:00:53","date_gmt":"2018-05-23T21:00:53","guid":{"rendered":"http:\/\/www.hoymercedes.com.ar\/principal\/?p=76190"},"modified":"2018-05-23T16:55:55","modified_gmt":"2018-05-23T19:55:55","slug":"municipio-y-unlu-realizan-censo-de-arbolado-urbano","status":"publish","type":"post","link":"https:\/\/www.hoymercedes.com.ar\/principal\/2018\/05\/23\/municipio-y-unlu-realizan-censo-de-arbolado-urbano\/","title":{"rendered":"Municipio y UNLu realizan censo de arbolado urbano"},"content":{"rendered":"<figure id=\"attachment_76192\" aria-describedby=\"caption-attachment-76192\" style=\"width: 620px\" class=\"wp-caption aligncenter\"><img loading=\"lazy\" decoding=\"async\" data-attachment-id=\"76192\" data-permalink=\"https:\/\/www.hoymercedes.com.ar\/principal\/2018\/05\/23\/municipio-y-unlu-realizan-censo-de-arbolado-urbano\/belforte\/#main\" data-orig-file=\"https:\/\/www.hoymercedes.com.ar\/principal\/wp-content\/uploads\/2018\/05\/belforte.jpg\" data-orig-size=\"750,500\" data-comments-opened=\"0\" data-image-meta=\"{&quot;aperture&quot;:&quot;0&quot;,&quot;credit&quot;:&quot;&quot;,&quot;camera&quot;:&quot;&quot;,&quot;caption&quot;:&quot;&quot;,&quot;created_timestamp&quot;:&quot;0&quot;,&quot;copyright&quot;:&quot;&quot;,&quot;focal_length&quot;:&quot;0&quot;,&quot;iso&quot;:&quot;0&quot;,&quot;shutter_speed&quot;:&quot;0&quot;,&quot;title&quot;:&quot;&quot;,&quot;orientation&quot;:&quot;0&quot;}\" data-image-title=\"belforte\" data-image-description=\"\" data-image-caption=\"&lt;p&gt;Leonardo Belforte&lt;\/p&gt;\n\" data-large-file=\"https:\/\/www.hoymercedes.com.ar\/principal\/wp-content\/uploads\/2018\/05\/belforte.jpg\" class=\"size-medium wp-image-76192\" src=\"https:\/\/www.hoymercedes.com.ar\/principal\/wp-content\/uploads\/2018\/05\/belforte-630x420.jpg\" alt=\"\" width=\"630\" height=\"420\" srcset=\"https:\/\/www.hoymercedes.com.ar\/principal\/wp-content\/uploads\/2018\/05\/belforte-630x420.jpg 630w, https:\/\/www.hoymercedes.com.ar\/principal\/wp-content\/uploads\/2018\/05\/belforte-150x100.jpg 150w, https:\/\/www.hoymercedes.com.ar\/principal\/wp-content\/uploads\/2018\/05\/belforte.jpg 750w\" sizes=\"auto, (max-width: 630px) 100vw, 630px\" \/><figcaption id=\"caption-attachment-76192\" class=\"wp-caption-text\">Leonardo Belforte<\/figcaption><\/figure>\n<p style=\"font-weight: 400;\">La \u201cDirecci\u00f3n de Espacios Verdes\u201d a cargo de Leonardo Belforte est\u00e1 llevando a cabo\u00a0\u00a0un censo del arbolado urbano dentro de las cuatro avenidas de circunvalaci\u00f3n de la ciudad en su primera etapa. Todav\u00eda quedan muchos meses m\u00e1s de arduo trabajo para poder alcanzar el objetivo. Hasta el momento, se han censado alrededor de 900 \u00e1rboles en 24 manzanas.<\/p>\n<p style=\"font-weight: 400;\">La actividad se desarrolla con personal de la Direcci\u00f3n competente y pasantes de la Universidad Nacional de Luj\u00e1n, a partir de un convenio firmado el a\u00f1o pasado entre el Jefe Comunal, Dr. Juan Ignacio Ustarroz la mencionada Casa de Altos Estudios. De esta manera, se estableci\u00f3 un v\u00ednculo con el equipo docente de \u201cProducci\u00f3n forestal y arbolado urbano\u201d, a cargo de la Dra. Elena Craig y el Ingeniero agr\u00f3nomo Emiliano Cucciufo.<\/p>\n<p style=\"font-weight: 400;\">\u201cSe viene trabajando hace varios a\u00f1os en el desarrollo de herramientas para la gesti\u00f3n integral del arbolado de nuestras ciudades, como aporte a mejorar la calidad de vida de sus habitantes. Con la experiencia acumulada desde proyectos de investigaci\u00f3n y extensi\u00f3n, e incluso por haber participado de gestiones municipales, nos proponemos compartir e intercambiar esas experiencias con los municipios de la regi\u00f3n, generando nuevos conocimientos que resulten \u00fatiles para planificar y manejar la infraestructura verde urbana\u201d, expres\u00f3 Cucciufo, y agreg\u00f3: \u201cEstamos realizando un censo georreferenciado de los \u00e1rboles del casco urbano que permita planificar con m\u00e1s precisi\u00f3n las tareas a desarrollar: d\u00f3nde es necesario realizar nuevas plantaciones, qu\u00e9 \u00e1rboles podar y cu\u00e1les extraer para disminuir riesgos. Las herramientas utilizadas para la georreferenciaci\u00f3n y el mapeo son gratuitas o muy econ\u00f3micas y s\u00f3lo requieren la capacitaci\u00f3n de los censistas y los gestores municipales. Creemos que el principal aporte del proceso ser\u00e1 la ampliaci\u00f3n de las capacidades del equipo t\u00e9cnico de Espacios Verdes del municipio y la formaci\u00f3n y compromiso de los futuros profesionales de nuestra universidad con la ciudad donde viven\u201d.<\/p>\n<p style=\"font-weight: 400;\">Hasta el momento, se han censado alrededor de 900 \u00e1rboles en 24 manzanas entre las avenidas 30, 17, 29 y calle 22. De los resultados obtenidos se resalta que hay ejemplares cuyo estado requiere de una mayor atenci\u00f3n; algunos de ellos se encuentran da\u00f1ados, mal ubicados; en otros casos, hay \u00e1rboles que por su especie no son recomendables para el ancho de vereda, los que est\u00e1n decr\u00e9pitos o muertos.<\/p>\n<p style=\"font-weight: 400;\">Desde el \u00e1rea de Espacios Verdes sostienen que es necesaria la realizaci\u00f3n de un censo completo y pr\u00e1ctico como paso previo a cualquier tipo de planificaci\u00f3n que el Municipio proponga respecto del manejo y conservaci\u00f3n del Arbolado y, adem\u00e1s, resaltan la cantidad de beneficios que conlleva. Entre los m\u00e1s importantes se destaca la disminuci\u00f3n de la temperatura del asfalto de nuestros frentes y calles disminuyendo el riesgo de ruptura, mejorando nuestro bienestar usando menos el aire acondicionado y descongestionando las l\u00edneas el\u00e9ctricas. Todo esto llevado adelante con la poda correctiva autorizada, y acompa\u00f1ado con el cuidado de nuestros vecinos, haciendo una ciudad m\u00e1s armoniosa con la naturaleza, destacaron desde el equipo que dirige Leandro Belforte.<\/p>\n<p>Fuente: Municipio<\/p>\n","protected":false},"excerpt":{"rendered":"<p>La \u201cDirecci\u00f3n de Espacios Verdes\u201d a cargo de Leonardo Belforte est\u00e1 llevando a cabo\u00a0\u00a0un censo del arbolado urbano dentro de &#8230; <a title=\"Municipio y UNLu realizan censo de arbolado urbano\" class=\"read-more\" href=\"https:\/\/www.hoymercedes.com.ar\/principal\/2018\/05\/23\/municipio-y-unlu-realizan-censo-de-arbolado-urbano\/\" aria-label=\"Leer m\u00e1s sobre Municipio y UNLu realizan censo de arbolado urbano\">Leer m\u00e1s<\/a><\/p>\n","protected":false},"author":1,"featured_media":76192,"comment_status":"closed","ping_status":"open","sticky":false,"template":"","format":"standard","meta":{"_monsterinsights_skip_tracking":false,"_monsterinsights_sitenote_active":false,"_monsterinsights_sitenote_note":"","_monsterinsights_sitenote_category":0,"jetpack_post_was_ever_published":false,"_jetpack_newsletter_access":"","_jetpack_dont_email_post_to_subs":false,"_jetpack_newsletter_tier_id":0,"_jetpack_memberships_contains_paywalled_content":false,"_jetpack_memberships_contains_paid_content":false,"footnotes":"","jetpack_publicize_message":"","jetpack_publicize_feature_enabled":true,"jetpack_social_post_already_shared":true,"jetpack_social_options":{"image_generator_settings":{"template":"highway","default_image_id":0,"font":"","enabled":false},"version":2},"_wpas_customize_per_network":false},"categories":[30],"tags":[10878,10879,12667,244,54,424],"class_list":["post-76190","post","type-post","status-publish","format-standard","has-post-thumbnail","hentry","category-municipio","tag-arbolado-urbano","tag-direccion-de-espacios-verdes","tag-leonardo-belforte","tag-municipio-2","tag-unlu","tag-ustarroz","generate-columns","tablet-grid-50","mobile-grid-100","grid-parent","grid-50"],"jetpack_publicize_connections":[],"jetpack_featured_media_url":"https:\/\/www.hoymercedes.com.ar\/principal\/wp-content\/uploads\/2018\/05\/belforte.jpg","wps_subtitle":"Tras firma de convenio","jetpack_sharing_enabled":true,"jetpack-related-posts":[{"id":76628,"url":"https:\/\/www.hoymercedes.com.ar\/principal\/2018\/05\/31\/continua-el-trabajo-de-censo-e-investigacion-del-arbolado-urbano\/","url_meta":{"origin":76190,"position":0},"title":"Contin\u00faa el trabajo de censo e investigaci\u00f3n del arbolado urbano","author":"hoymercedes","date":"31 mayo, 2018","format":false,"excerpt":"La Municipalidad de Mercedes, a trav\u00e9s de la Direcci\u00f3n de Espacios Verdes a cargo de Leonardo Belforte, junto a Universidad Nacional de Luj\u00e1n est\u00e1 llevando a cabo un censo del arbolado urbano. El mismo, se promovi\u00f3 a partir de la firma de un convenio entre el Jefe Comunal, Dr. Juan\u2026","rel":"","context":"En \u00abMunicipio\u00bb","block_context":{"text":"Municipio","link":"https:\/\/www.hoymercedes.com.ar\/principal\/category\/municipio\/"},"img":{"alt_text":"","src":"https:\/\/i0.wp.com\/www.hoymercedes.com.ar\/principal\/wp-content\/uploads\/2018\/05\/31-Ustarroz.UNLu3_.jpeg?resize=350%2C200&ssl=1","width":350,"height":200,"srcset":"https:\/\/i0.wp.com\/www.hoymercedes.com.ar\/principal\/wp-content\/uploads\/2018\/05\/31-Ustarroz.UNLu3_.jpeg?resize=350%2C200&ssl=1 1x, https:\/\/i0.wp.com\/www.hoymercedes.com.ar\/principal\/wp-content\/uploads\/2018\/05\/31-Ustarroz.UNLu3_.jpeg?resize=525%2C300&ssl=1 1.5x, https:\/\/i0.wp.com\/www.hoymercedes.com.ar\/principal\/wp-content\/uploads\/2018\/05\/31-Ustarroz.UNLu3_.jpeg?resize=700%2C400&ssl=1 2x"},"classes":[]},{"id":99508,"url":"https:\/\/www.hoymercedes.com.ar\/principal\/2019\/09\/07\/presentaron-investigacion-sobre-el-arbolado-publico-realizado-por-la-unlu\/","url_meta":{"origin":76190,"position":1},"title":"Presentaron investigaci\u00f3n sobre el arbolado p\u00fablico realizado por la UNLu","author":"hoymercedes","date":"7 septiembre, 2019","format":false,"excerpt":"Desde el palacio Municipal el intendente Juan Ignacio Ustarroz, junto al Director de Espacios Verdes del Municipio, Leonardo Belforte e integrantes de la Universidad de Luj\u00e1n, realizaron una descripci\u00f3n de los trabajos efectuados en la ciudad, poniendo en relieve la importancia del cuidado y plantaci\u00f3n del arbolado urbano. Asimismo, dieron\u2026","rel":"","context":"En \u00abMunicipio\u00bb","block_context":{"text":"Municipio","link":"https:\/\/www.hoymercedes.com.ar\/principal\/category\/municipio\/"},"img":{"alt_text":"","src":"https:\/\/i0.wp.com\/www.hoymercedes.com.ar\/principal\/wp-content\/uploads\/2019\/09\/07-muni-arbolado.jpg?resize=350%2C200&ssl=1","width":350,"height":200,"srcset":"https:\/\/i0.wp.com\/www.hoymercedes.com.ar\/principal\/wp-content\/uploads\/2019\/09\/07-muni-arbolado.jpg?resize=350%2C200&ssl=1 1x, https:\/\/i0.wp.com\/www.hoymercedes.com.ar\/principal\/wp-content\/uploads\/2019\/09\/07-muni-arbolado.jpg?resize=525%2C300&ssl=1 1.5x, https:\/\/i0.wp.com\/www.hoymercedes.com.ar\/principal\/wp-content\/uploads\/2019\/09\/07-muni-arbolado.jpg?resize=700%2C400&ssl=1 2x"},"classes":[]},{"id":100878,"url":"https:\/\/www.hoymercedes.com.ar\/principal\/2019\/10\/03\/entregaron-nuevos-arboles-a-los-vecinos-para-la-forestacion-en-zona-urbana\/","url_meta":{"origin":76190,"position":2},"title":"Entregaron nuevos \u00e1rboles a los vecinos para la forestaci\u00f3n en zona urbana","author":"hoymercedes","date":"3 octubre, 2019","format":false,"excerpt":"Se llev\u00f3 a cabo una nueva entrega de \u00e1rboles nativos de distintas especies para que un importante n\u00famero de vecinos puedan continuar colocando en sus veredas, terrenos y viviendas. Sabiendo lo importante que es contar con el arbolado urbano y naturaleza la Direcci\u00f3n de Espacios Verdes entreg\u00f3 alrededor de 200\u2026","rel":"","context":"En \u00abMunicipio\u00bb","block_context":{"text":"Municipio","link":"https:\/\/www.hoymercedes.com.ar\/principal\/category\/municipio\/"},"img":{"alt_text":"","src":"https:\/\/i0.wp.com\/www.hoymercedes.com.ar\/principal\/wp-content\/uploads\/2019\/10\/03-arbolado1.jpeg?resize=350%2C200&ssl=1","width":350,"height":200,"srcset":"https:\/\/i0.wp.com\/www.hoymercedes.com.ar\/principal\/wp-content\/uploads\/2019\/10\/03-arbolado1.jpeg?resize=350%2C200&ssl=1 1x, https:\/\/i0.wp.com\/www.hoymercedes.com.ar\/principal\/wp-content\/uploads\/2019\/10\/03-arbolado1.jpeg?resize=525%2C300&ssl=1 1.5x, https:\/\/i0.wp.com\/www.hoymercedes.com.ar\/principal\/wp-content\/uploads\/2019\/10\/03-arbolado1.jpeg?resize=700%2C400&ssl=1 2x"},"classes":[]},{"id":93551,"url":"https:\/\/www.hoymercedes.com.ar\/principal\/2019\/05\/23\/espacios-verdes-participa-de-capacitacion-en-unlu\/","url_meta":{"origin":76190,"position":3},"title":"Espacios Verdes participa de capacitaci\u00f3n en UNLu","author":"hoymercedes","date":"23 mayo, 2019","format":false,"excerpt":"El \u00e1rea de Espacios Verdes Municipal participa de un encuentro de capacitaci\u00f3n organizado por la Universidad de Luj\u00e1n en su sede central. La direcci\u00f3n que encabeza Leonardo Belforte est\u00e1 presente en un curso de \u201cEvaluaci\u00f3n del riesgo potencial del arbolado urbano\u201d, capacitaci\u00f3n de la que participan cientos de personas de\u2026","rel":"","context":"En \u00abMunicipio\u00bb","block_context":{"text":"Municipio","link":"https:\/\/www.hoymercedes.com.ar\/principal\/category\/municipio\/"},"img":{"alt_text":"","src":"https:\/\/i0.wp.com\/www.hoymercedes.com.ar\/principal\/wp-content\/uploads\/2019\/05\/23-Belforte.jpeg?resize=350%2C200&ssl=1","width":350,"height":200,"srcset":"https:\/\/i0.wp.com\/www.hoymercedes.com.ar\/principal\/wp-content\/uploads\/2019\/05\/23-Belforte.jpeg?resize=350%2C200&ssl=1 1x, https:\/\/i0.wp.com\/www.hoymercedes.com.ar\/principal\/wp-content\/uploads\/2019\/05\/23-Belforte.jpeg?resize=525%2C300&ssl=1 1.5x, https:\/\/i0.wp.com\/www.hoymercedes.com.ar\/principal\/wp-content\/uploads\/2019\/05\/23-Belforte.jpeg?resize=700%2C400&ssl=1 2x"},"classes":[]},{"id":72710,"url":"https:\/\/www.hoymercedes.com.ar\/principal\/2018\/02\/20\/alertan-sobre-cuidado-de-arbolado-urbano-y-multa\/","url_meta":{"origin":76190,"position":4},"title":"Alertan sobre cuidado de arbolado urbano y multa","author":"hoymercedes","date":"20 febrero, 2018","format":false,"excerpt":"EL Director del \u00e1rea, Leonardo Belforte, expres\u00f3 la importancia de cuidar el arbolado urbano destacando existe legislaci\u00f3n que as\u00ed lo establece. Tambi\u00e9n se supo que se mult\u00f3 a un vecino por no cumplir con las normas. \u201cMuchas personas han poda incorrecta\u201d, destac\u00f3 el funcionario. Con el prop\u00f3sito de preservar la\u2026","rel":"","context":"En \u00abMunicipio\u00bb","block_context":{"text":"Municipio","link":"https:\/\/www.hoymercedes.com.ar\/principal\/category\/municipio\/"},"img":{"alt_text":"","src":"https:\/\/i0.wp.com\/www.hoymercedes.com.ar\/principal\/wp-content\/uploads\/2018\/02\/forestaci%C3%B3n.mercedes.jpg?resize=350%2C200&ssl=1","width":350,"height":200,"srcset":"https:\/\/i0.wp.com\/www.hoymercedes.com.ar\/principal\/wp-content\/uploads\/2018\/02\/forestaci%C3%B3n.mercedes.jpg?resize=350%2C200&ssl=1 1x, https:\/\/i0.wp.com\/www.hoymercedes.com.ar\/principal\/wp-content\/uploads\/2018\/02\/forestaci%C3%B3n.mercedes.jpg?resize=525%2C300&ssl=1 1.5x, https:\/\/i0.wp.com\/www.hoymercedes.com.ar\/principal\/wp-content\/uploads\/2018\/02\/forestaci%C3%B3n.mercedes.jpg?resize=700%2C400&ssl=1 2x"},"classes":[]},{"id":61481,"url":"https:\/\/www.hoymercedes.com.ar\/principal\/2017\/04\/07\/capacitacion-sobre-arbolado-urbano-a-empleados-municipales\/","url_meta":{"origin":76190,"position":5},"title":"Capacitaci\u00f3n sobre arbolado urbano a empleados municipales","author":"hoymercedes","date":"7 abril, 2017","format":false,"excerpt":"Una vez m\u00e1s la Comuna contin\u00faa apostando a la capacitaci\u00f3n y profesionalizaci\u00f3n. Es por eso que personal de la \u201cDirecci\u00f3n de Espacios Verdes\u201d de la Municipalidad de Mercedes asistieron con m\u00e1s de 70 participantes al curso extracurricular gratuito \u201cLos \u00e1rboles en el entorno urbano\u201d que se dicta en el marco\u2026","rel":"","context":"En \u00abCiudad\u00bb","block_context":{"text":"Ciudad","link":"https:\/\/www.hoymercedes.com.ar\/principal\/category\/ciudad\/"},"img":{"alt_text":"","src":"","width":0,"height":0},"classes":[]}],"_links":{"self":[{"href":"https:\/\/www.hoymercedes.com.ar\/principal\/wp-json\/wp\/v2\/posts\/76190","targetHints":{"allow":["GET"]}}],"collection":[{"href":"https:\/\/www.hoymercedes.com.ar\/principal\/wp-json\/wp\/v2\/posts"}],"about":[{"href":"https:\/\/www.hoymercedes.com.ar\/principal\/wp-json\/wp\/v2\/types\/post"}],"author":[{"embeddable":true,"href":"https:\/\/www.hoymercedes.com.ar\/principal\/wp-json\/wp\/v2\/users\/1"}],"replies":[{"embeddable":true,"href":"https:\/\/www.hoymercedes.com.ar\/principal\/wp-json\/wp\/v2\/comments?post=76190"}],"version-history":[{"count":0,"href":"https:\/\/www.hoymercedes.com.ar\/principal\/wp-json\/wp\/v2\/posts\/76190\/revisions"}],"wp:featuredmedia":[{"embeddable":true,"href":"https:\/\/www.hoymercedes.com.ar\/principal\/wp-json\/wp\/v2\/media\/76192"}],"wp:attachment":[{"href":"https:\/\/www.hoymercedes.com.ar\/principal\/wp-json\/wp\/v2\/media?parent=76190"}],"wp:term":[{"taxonomy":"category","embeddable":true,"href":"https:\/\/www.hoymercedes.com.ar\/principal\/wp-json\/wp\/v2\/categories?post=76190"},{"taxonomy":"post_tag","embeddable":true,"href":"https:\/\/www.hoymercedes.com.ar\/principal\/wp-json\/wp\/v2\/tags?post=76190"}],"curies":[{"name":"wp","href":"https:\/\/api.w.org\/{rel}","templated":true}]}}