{"id":76194,"date":"2018-05-24T09:54:53","date_gmt":"2018-05-24T12:54:53","guid":{"rendered":"http:\/\/www.hoymercedes.com.ar\/principal\/?p=76194"},"modified":"2018-05-23T23:46:35","modified_gmt":"2018-05-24T02:46:35","slug":"quilmes-cayo-por-poco-ante-deportivo-colon","status":"publish","type":"post","link":"https:\/\/www.hoymercedes.com.ar\/principal\/2018\/05\/24\/quilmes-cayo-por-poco-ante-deportivo-colon\/","title":{"rendered":"Quilmes cay\u00f3 por poco ante Deportivo Col\u00f3n"},"content":{"rendered":"<p>Por la\u00a0 6\u00ba fecha del Campeonato de Primera Divisi\u00f3n de Basquet de la ABCH (Copa \u201cJos\u00e9 D\u2019Ambrosio\u201d), Quilmes visit\u00f3 a Deportivo Col\u00f3n (CH) y cay\u00f3 derrotado por 77 a 71. En un vibrante partido que se defini\u00f3 en los instantes finales hubo una buena actuaci\u00f3n del quilme\u00f1o. Un primer tiempo con leve ventaja del local que se fue arriba por 8 (36 a 28).<\/p>\n<p>Un arranque del segundo tiempo en el cual Col\u00f3n se escapa por 14 puntos de diferencia y que, poco a poco, Quilmes se fue acercando hasta empatar el partido. A partir de all\u00ed punto a punto, triple a triple se fueron alternando en el juego. Al goleo imparable de Andr\u00e9s Rollandelli (33 puntos finales) en Col\u00f3n, Quilmes le contestaba con la capacidad goleadora de \u201cTito\u201d Mc Cormack (25) y el excelente juego de \u201cNico\u201d Bozzini (21 puntos, 6 triples).<\/p>\n<p>Buen acompa\u00f1amiento, adem\u00e1s, de Pablo Juarez y Rodrigo Colicigno. En el final algunos yerros inoportunos de Quilmes fueron aprovechados en ofensiva por el local. En definitiva, muy buen partido y una actuaci\u00f3n de Quilmes que abriga esperanzas para luchar por las primeras posiciones.<\/p>\n<p>&nbsp;<\/p>\n<p>S\u00edntesis:<\/p>\n<p>DEP. COL\u00d3N (CH) 77:\u00a0Rolandelli 33, Vilalta 10, B. Bonello 10, Rosito 9, Artola 8, Acierne 7, Toledo, Calder\u00e1n (C), Torrecilla, Cupayolo, Bugliolo, Zanlungo. DT: D. Barrales<\/p>\n<p>QUILMES 71:\u00a0Mc Cormack 25, N. Bozzini 21, Juarez 9, R. Colicigno 5, Rojas 3, M. Maldonado 3, Moner 3, Lara 2,\u00a0 Perdomo, \u00a0Zunino Sampablo S. Cejas (C),\u00a0 Crevani. DT: J.L. Giallorenzo<\/p>\n<p>Parciales: 18-12 \/ 18-16 (PT: 36 &#8211; 28) 20-22 \/ 21-21 (Final: 77 &#8211; 71)<\/p>\n<p>JUECES: L. L\u00f3pez \/ A. Guzm\u00e1n<\/p>\n<p>&nbsp;<\/p>\n<p>GOLEADORES DE QUILMES: CAMPEONATO:<\/p>\n<p>Mc Cormack\u00a0 143 , N. Bozzini 62 ,\u00a0 E. Rojas 60<\/p>\n<p>&nbsp;<\/p>\n<p>&nbsp;<\/p>\n<p>RESULTADOS: FECHA 5<\/p>\n<p>Bragado Club\u00a0 76 \u2013 Ciudad de Saladillo 68<\/p>\n<p>Racing 90 \u2013 Gimnasia 53<\/p>\n<p>Argentino 73 \u2013 Col\u00f3n 76<\/p>\n<p>Sp. 25 de Mayo 82 \u2013 San Lorenzo 67<\/p>\n<p>&nbsp;<\/p>\n<p>FECHA 6<\/p>\n<p>Argentino (Ch) 70 \u2013 Gimnasia (Ch) 69<\/p>\n<p><img loading=\"lazy\" decoding=\"async\" data-attachment-id=\"76196\" data-permalink=\"https:\/\/www.hoymercedes.com.ar\/principal\/2018\/05\/24\/quilmes-cayo-por-poco-ante-deportivo-colon\/primera-chivilcoy\/#main\" data-orig-file=\"https:\/\/www.hoymercedes.com.ar\/principal\/wp-content\/uploads\/2018\/05\/Primera-Chivilcoy.png\" data-orig-size=\"535,273\" data-comments-opened=\"0\" data-image-meta=\"{&quot;aperture&quot;:&quot;0&quot;,&quot;credit&quot;:&quot;&quot;,&quot;camera&quot;:&quot;&quot;,&quot;caption&quot;:&quot;&quot;,&quot;created_timestamp&quot;:&quot;0&quot;,&quot;copyright&quot;:&quot;&quot;,&quot;focal_length&quot;:&quot;0&quot;,&quot;iso&quot;:&quot;0&quot;,&quot;shutter_speed&quot;:&quot;0&quot;,&quot;title&quot;:&quot;&quot;,&quot;orientation&quot;:&quot;0&quot;}\" data-image-title=\"Primera Chivilcoy\" data-image-description=\"\" data-image-caption=\"\" data-large-file=\"https:\/\/www.hoymercedes.com.ar\/principal\/wp-content\/uploads\/2018\/05\/Primera-Chivilcoy.png\" class=\"aligncenter size-full wp-image-76196\" src=\"https:\/\/www.hoymercedes.com.ar\/principal\/wp-content\/uploads\/2018\/05\/Primera-Chivilcoy.png\" alt=\"\" width=\"535\" height=\"273\" srcset=\"https:\/\/www.hoymercedes.com.ar\/principal\/wp-content\/uploads\/2018\/05\/Primera-Chivilcoy.png 535w, https:\/\/www.hoymercedes.com.ar\/principal\/wp-content\/uploads\/2018\/05\/Primera-Chivilcoy-150x77.png 150w\" sizes=\"auto, (max-width: 535px) 100vw, 535px\" \/><\/p>\n","protected":false},"excerpt":{"rendered":"<p>Por la\u00a0 6\u00ba fecha del Campeonato de Primera Divisi\u00f3n de Basquet de la ABCH (Copa \u201cJos\u00e9 D\u2019Ambrosio\u201d), Quilmes visit\u00f3 a &#8230; <a title=\"Quilmes cay\u00f3 por poco ante Deportivo Col\u00f3n\" class=\"read-more\" href=\"https:\/\/www.hoymercedes.com.ar\/principal\/2018\/05\/24\/quilmes-cayo-por-poco-ante-deportivo-colon\/\" aria-label=\"Leer m\u00e1s sobre Quilmes cay\u00f3 por poco ante Deportivo Col\u00f3n\">Leer m\u00e1s<\/a><\/p>\n","protected":false},"author":1,"featured_media":76196,"comment_status":"closed","ping_status":"open","sticky":false,"template":"","format":"standard","meta":{"_monsterinsights_skip_tracking":false,"_monsterinsights_sitenote_active":false,"_monsterinsights_sitenote_note":"","_monsterinsights_sitenote_category":0,"jetpack_post_was_ever_published":false,"_jetpack_newsletter_access":"","_jetpack_dont_email_post_to_subs":false,"_jetpack_newsletter_tier_id":0,"_jetpack_memberships_contains_paywalled_content":false,"_jetpack_memberships_contains_paid_content":false,"footnotes":"","jetpack_publicize_message":"","jetpack_publicize_feature_enabled":true,"jetpack_social_post_already_shared":true,"jetpack_social_options":{"image_generator_settings":{"template":"highway","default_image_id":0,"font":"","enabled":false},"version":2},"_wpas_customize_per_network":false},"categories":[21],"tags":[8513,204,13155,1413],"class_list":["post-76194","post","type-post","status-publish","format-standard","has-post-thumbnail","hentry","category-deportes","tag-basquet-de-primera","tag-deportes-2","tag-deportivo-colon","tag-quilmes","generate-columns","tablet-grid-50","mobile-grid-100","grid-parent","grid-50"],"jetpack_publicize_connections":[],"jetpack_featured_media_url":"https:\/\/www.hoymercedes.com.ar\/principal\/wp-content\/uploads\/2018\/05\/Primera-Chivilcoy.png","wps_subtitle":"Basquet de Primera","jetpack_sharing_enabled":true,"_links":{"self":[{"href":"https:\/\/www.hoymercedes.com.ar\/principal\/wp-json\/wp\/v2\/posts\/76194","targetHints":{"allow":["GET"]}}],"collection":[{"href":"https:\/\/www.hoymercedes.com.ar\/principal\/wp-json\/wp\/v2\/posts"}],"about":[{"href":"https:\/\/www.hoymercedes.com.ar\/principal\/wp-json\/wp\/v2\/types\/post"}],"author":[{"embeddable":true,"href":"https:\/\/www.hoymercedes.com.ar\/principal\/wp-json\/wp\/v2\/users\/1"}],"replies":[{"embeddable":true,"href":"https:\/\/www.hoymercedes.com.ar\/principal\/wp-json\/wp\/v2\/comments?post=76194"}],"version-history":[{"count":0,"href":"https:\/\/www.hoymercedes.com.ar\/principal\/wp-json\/wp\/v2\/posts\/76194\/revisions"}],"wp:featuredmedia":[{"embeddable":true,"href":"https:\/\/www.hoymercedes.com.ar\/principal\/wp-json\/wp\/v2\/media\/76196"}],"wp:attachment":[{"href":"https:\/\/www.hoymercedes.com.ar\/principal\/wp-json\/wp\/v2\/media?parent=76194"}],"wp:term":[{"taxonomy":"category","embeddable":true,"href":"https:\/\/www.hoymercedes.com.ar\/principal\/wp-json\/wp\/v2\/categories?post=76194"},{"taxonomy":"post_tag","embeddable":true,"href":"https:\/\/www.hoymercedes.com.ar\/principal\/wp-json\/wp\/v2\/tags?post=76194"}],"curies":[{"name":"wp","href":"https:\/\/api.w.org\/{rel}","templated":true}]}}