{"id":76195,"date":"2018-05-23T20:30:32","date_gmt":"2018-05-23T23:30:32","guid":{"rendered":"http:\/\/www.hoymercedes.com.ar\/principal\/?p=76195"},"modified":"2018-05-23T19:37:20","modified_gmt":"2018-05-23T22:37:20","slug":"club-defensores-recibe-apoyo-del-municipio-por-medio-del-programa-esfuerzos-compartidos","status":"publish","type":"post","link":"https:\/\/www.hoymercedes.com.ar\/principal\/2018\/05\/23\/club-defensores-recibe-apoyo-del-municipio-por-medio-del-programa-esfuerzos-compartidos\/","title":{"rendered":"Club Defensores recibe apoyo del Municipio por medio del programa \u201cEsfuerzos compartidos\u201d"},"content":{"rendered":"<figure id=\"attachment_76197\" aria-describedby=\"caption-attachment-76197\" style=\"width: 620px\" class=\"wp-caption aligncenter\"><img loading=\"lazy\" decoding=\"async\" data-attachment-id=\"76197\" data-permalink=\"https:\/\/www.hoymercedes.com.ar\/principal\/2018\/05\/23\/club-defensores-recibe-apoyo-del-municipio-por-medio-del-programa-esfuerzos-compartidos\/ustarroz-defensores-2\/#main\" data-orig-file=\"https:\/\/www.hoymercedes.com.ar\/principal\/wp-content\/uploads\/2018\/05\/ustarroz-defensores-2.jpg\" data-orig-size=\"730,572\" data-comments-opened=\"0\" data-image-meta=\"{&quot;aperture&quot;:&quot;0&quot;,&quot;credit&quot;:&quot;&quot;,&quot;camera&quot;:&quot;&quot;,&quot;caption&quot;:&quot;&quot;,&quot;created_timestamp&quot;:&quot;0&quot;,&quot;copyright&quot;:&quot;&quot;,&quot;focal_length&quot;:&quot;0&quot;,&quot;iso&quot;:&quot;0&quot;,&quot;shutter_speed&quot;:&quot;0&quot;,&quot;title&quot;:&quot;&quot;,&quot;orientation&quot;:&quot;0&quot;}\" data-image-title=\"ustarroz-defensores-2\" data-image-description=\"\" data-image-caption=\"\" data-large-file=\"https:\/\/www.hoymercedes.com.ar\/principal\/wp-content\/uploads\/2018\/05\/ustarroz-defensores-2.jpg\" class=\"size-medium wp-image-76197\" src=\"https:\/\/www.hoymercedes.com.ar\/principal\/wp-content\/uploads\/2018\/05\/ustarroz-defensores-2-630x494.jpg\" alt=\"\" width=\"630\" height=\"494\" srcset=\"https:\/\/www.hoymercedes.com.ar\/principal\/wp-content\/uploads\/2018\/05\/ustarroz-defensores-2-630x494.jpg 630w, https:\/\/www.hoymercedes.com.ar\/principal\/wp-content\/uploads\/2018\/05\/ustarroz-defensores-2-150x118.jpg 150w, https:\/\/www.hoymercedes.com.ar\/principal\/wp-content\/uploads\/2018\/05\/ustarroz-defensores-2.jpg 730w\" sizes=\"auto, (max-width: 630px) 100vw, 630px\" \/><figcaption id=\"caption-attachment-76197\" class=\"wp-caption-text\">Ustarroz en Defensores<\/figcaption><\/figure>\n<p style=\"font-weight: 400;\">El Dr. Juan Ignacio Ustarroz, estuvo junto al Director de Deporte Municipal, Mart\u00edn silvestre, recorriendo el Club Defensores de nuestra ciudad. Adem\u00e1s, hicieron entrega de luminaria para lo que ser\u00e1 su pr\u00f3xima cancha de f\u00fatbol 11.\u00a0\u00a0Vale recordar que ya se han efectuado importantes obras en el lugar, como los vestuarios. \u201cUna alegr\u00eda enorme estar acompa\u00f1ando al club Defensores, el cual ha crecido mucho en este \u00faltimo tiempo\u201d destac\u00f3 el Intendente, el Dr. Juan Ignacio Ustarroz.<\/p>\n<p style=\"font-weight: 400;\">Adem\u00e1s sostuvo el intendente que \u201ces significativo que cada club pueda crecer, sostenerse y tenga proyectos, porque ofrece alternativas para que los chicos no est\u00e9n en la calle, sino contenidos, en una instituci\u00f3n con profesores que los alientan a desarrollar un deporte\u201d.<\/p>\n<p style=\"font-weight: 400;\">Y agreg\u00f3 \u201clos padres trabajan y colaboran, y nosotros desde nuestro lugar, apoyamos al deporte y las instituciones porque son muy importante para la ciudad\u201d y a\u00f1adi\u00f3 \u201choy estamos entregando luminarias para la futura cancha de 11, la cual estamos construyendo junto a este querido club\u201d.<\/p>\n<p><img loading=\"lazy\" decoding=\"async\" data-attachment-id=\"76207\" data-permalink=\"https:\/\/www.hoymercedes.com.ar\/principal\/ustarroz-defensores-4\/\" data-orig-file=\"https:\/\/www.hoymercedes.com.ar\/principal\/wp-content\/uploads\/2018\/05\/ustarroz-defensores-1.jpg\" data-orig-size=\"955,637\" data-comments-opened=\"0\" data-image-meta=\"{&quot;aperture&quot;:&quot;0&quot;,&quot;credit&quot;:&quot;&quot;,&quot;camera&quot;:&quot;&quot;,&quot;caption&quot;:&quot;&quot;,&quot;created_timestamp&quot;:&quot;0&quot;,&quot;copyright&quot;:&quot;&quot;,&quot;focal_length&quot;:&quot;0&quot;,&quot;iso&quot;:&quot;0&quot;,&quot;shutter_speed&quot;:&quot;0&quot;,&quot;title&quot;:&quot;&quot;,&quot;orientation&quot;:&quot;0&quot;}\" data-image-title=\"ustarroz-defensores\" data-image-description=\"\" data-image-caption=\"\" data-large-file=\"https:\/\/www.hoymercedes.com.ar\/principal\/wp-content\/uploads\/2018\/05\/ustarroz-defensores-1.jpg\" class=\"aligncenter size-medium wp-image-76207\" src=\"https:\/\/www.hoymercedes.com.ar\/principal\/wp-content\/uploads\/2018\/05\/ustarroz-defensores-1-630x420.jpg\" alt=\"\" width=\"630\" height=\"420\" srcset=\"https:\/\/www.hoymercedes.com.ar\/principal\/wp-content\/uploads\/2018\/05\/ustarroz-defensores-1-630x420.jpg 630w, https:\/\/www.hoymercedes.com.ar\/principal\/wp-content\/uploads\/2018\/05\/ustarroz-defensores-1-150x100.jpg 150w, https:\/\/www.hoymercedes.com.ar\/principal\/wp-content\/uploads\/2018\/05\/ustarroz-defensores-1.jpg 955w\" sizes=\"auto, (max-width: 630px) 100vw, 630px\" \/><\/p>\n<p style=\"font-weight: 400;\"><strong>Inversi\u00f3n social<\/strong><\/p>\n<p style=\"font-weight: 400;\">Vale destacar que en reiteradas oportunidades desde el Estado Municipal se ha manifestado la firme decisi\u00f3n de continuar apoyando y trabajando con los clubes, porque se cree fehacientemente, que el deporte vuelve menos vulnerables a los j\u00f3venes ante las adicciones, une y genera v\u00ednculos que perduran en el tiempo y favorecen a la uni\u00f3n de la sociedad.<\/p>\n<p style=\"font-weight: 400;\">Asimismo, el primer mandatario, resalt\u00f3 \u201cpodemos ver la gran cantidad de chicos que se acercan al club todos los d\u00edas a desarrollar una actividad deportiva que los une y alegra\u201d.<\/p>\n<p>&nbsp;<\/p>\n<p style=\"font-weight: 400;\"><strong>Trabajo en conjunto<\/strong><\/p>\n<p style=\"font-weight: 400;\">Por otro lado, resalt\u00f3 la campa\u00f1a que se est\u00e1 llevando adelante desde el municipio junto a los clubes, en contra de la violencia en el f\u00fatbol \u201crecorriendo pudimos ver los carteles que plantean la erradicaci\u00f3n de la violencia en el f\u00fatbol infantil, creo es muy importante se tome conciencia que es un problema grave, que no ayuda para nada en el crecimiento y en la suma de valores de los ni\u00f1os\u201d.<\/p>\n<p style=\"font-weight: 400;\">Estuvo acompa\u00f1ando al se\u00f1or intendente Ustarroz, el director de Deporte, Mart\u00edn Silvestre qui\u00e9n expres\u00f3: En ese sentido, agreg\u00f3 \u201ces importante trabajar con todos los clubes, porque sabemos lo importante que es el deporte para los chicos, tanto en lo f\u00edsicos como en lo ps\u00edquico, y que crean adem\u00e1s, relaciones humanas fuertes que ayudan a la uni\u00f3n y solidaridad de la comunidad\u201d.<\/p>\n<p style=\"font-weight: 400;\"><strong>Aporte constante<\/strong><\/p>\n<p style=\"font-weight: 400;\">De esta manera, la Municipalidad, contin\u00faa invirtiendo en el desarrollo social de las instituciones locales, en infraestructura, tal como se vio en Trocha, Quilmes, Estudiantes, Holanda, comunicaciones, entre otras.<\/p>\n<figure id=\"attachment_76200\" aria-describedby=\"caption-attachment-76200\" style=\"width: 620px\" class=\"wp-caption aligncenter\"><img loading=\"lazy\" decoding=\"async\" data-attachment-id=\"76200\" data-permalink=\"https:\/\/www.hoymercedes.com.ar\/principal\/2018\/05\/23\/club-defensores-recibe-apoyo-del-municipio-por-medio-del-programa-esfuerzos-compartidos\/ustarroz-defensores-3-2\/#main\" data-orig-file=\"https:\/\/www.hoymercedes.com.ar\/principal\/wp-content\/uploads\/2018\/05\/ustarroz-defensores-3.jpg\" data-orig-size=\"881,588\" data-comments-opened=\"0\" data-image-meta=\"{&quot;aperture&quot;:&quot;0&quot;,&quot;credit&quot;:&quot;&quot;,&quot;camera&quot;:&quot;&quot;,&quot;caption&quot;:&quot;&quot;,&quot;created_timestamp&quot;:&quot;0&quot;,&quot;copyright&quot;:&quot;&quot;,&quot;focal_length&quot;:&quot;0&quot;,&quot;iso&quot;:&quot;0&quot;,&quot;shutter_speed&quot;:&quot;0&quot;,&quot;title&quot;:&quot;&quot;,&quot;orientation&quot;:&quot;0&quot;}\" data-image-title=\"ustarroz-defensores-3\" data-image-description=\"\" data-image-caption=\"&lt;p&gt;Club Defensores&lt;\/p&gt;\n\" data-large-file=\"https:\/\/www.hoymercedes.com.ar\/principal\/wp-content\/uploads\/2018\/05\/ustarroz-defensores-3.jpg\" class=\"size-medium wp-image-76200\" src=\"https:\/\/www.hoymercedes.com.ar\/principal\/wp-content\/uploads\/2018\/05\/ustarroz-defensores-3-630x420.jpg\" alt=\"\" width=\"630\" height=\"420\" srcset=\"https:\/\/www.hoymercedes.com.ar\/principal\/wp-content\/uploads\/2018\/05\/ustarroz-defensores-3-630x420.jpg 630w, https:\/\/www.hoymercedes.com.ar\/principal\/wp-content\/uploads\/2018\/05\/ustarroz-defensores-3-150x100.jpg 150w, https:\/\/www.hoymercedes.com.ar\/principal\/wp-content\/uploads\/2018\/05\/ustarroz-defensores-3.jpg 881w\" sizes=\"auto, (max-width: 630px) 100vw, 630px\" \/><figcaption id=\"caption-attachment-76200\" class=\"wp-caption-text\">Club Defensores<\/figcaption><\/figure>\n<p>&nbsp;<\/p>\n<p>Fuente: Municipio<\/p>\n","protected":false},"excerpt":{"rendered":"<p>El Dr. Juan Ignacio Ustarroz, estuvo junto al Director de Deporte Municipal, Mart\u00edn silvestre, recorriendo el Club Defensores de nuestra &#8230; <a title=\"Club Defensores recibe apoyo del Municipio por medio del programa \u201cEsfuerzos compartidos\u201d\" class=\"read-more\" href=\"https:\/\/www.hoymercedes.com.ar\/principal\/2018\/05\/23\/club-defensores-recibe-apoyo-del-municipio-por-medio-del-programa-esfuerzos-compartidos\/\" aria-label=\"Leer m\u00e1s sobre Club Defensores recibe apoyo del Municipio por medio del programa \u201cEsfuerzos compartidos\u201d\">Leer m\u00e1s<\/a><\/p>\n","protected":false},"author":1,"featured_media":76197,"comment_status":"closed","ping_status":"open","sticky":false,"template":"","format":"standard","meta":{"_monsterinsights_skip_tracking":false,"_monsterinsights_sitenote_active":false,"_monsterinsights_sitenote_note":"","_monsterinsights_sitenote_category":0,"jetpack_post_was_ever_published":false,"_jetpack_newsletter_access":"","_jetpack_dont_email_post_to_subs":false,"_jetpack_newsletter_tier_id":0,"_jetpack_memberships_contains_paywalled_content":false,"_jetpack_memberships_contains_paid_content":false,"footnotes":"","jetpack_publicize_message":"","jetpack_publicize_feature_enabled":true,"jetpack_social_post_already_shared":true,"jetpack_social_options":{"image_generator_settings":{"template":"highway","default_image_id":0,"font":"","enabled":false},"version":2},"_wpas_customize_per_network":false},"categories":[21],"tags":[7333,6696,12046,244],"class_list":["post-76195","post","type-post","status-publish","format-standard","has-post-thumbnail","hentry","category-deportes","tag-club-defensores","tag-deporte","tag-esfuerzos-compartidos","tag-municipio-2","generate-columns","tablet-grid-50","mobile-grid-100","grid-parent","grid-50"],"jetpack_publicize_connections":[],"jetpack_featured_media_url":"https:\/\/www.hoymercedes.com.ar\/principal\/wp-content\/uploads\/2018\/05\/ustarroz-defensores-2.jpg","wps_subtitle":"Visita de Ustarroz","jetpack_sharing_enabled":true,"_links":{"self":[{"href":"https:\/\/www.hoymercedes.com.ar\/principal\/wp-json\/wp\/v2\/posts\/76195","targetHints":{"allow":["GET"]}}],"collection":[{"href":"https:\/\/www.hoymercedes.com.ar\/principal\/wp-json\/wp\/v2\/posts"}],"about":[{"href":"https:\/\/www.hoymercedes.com.ar\/principal\/wp-json\/wp\/v2\/types\/post"}],"author":[{"embeddable":true,"href":"https:\/\/www.hoymercedes.com.ar\/principal\/wp-json\/wp\/v2\/users\/1"}],"replies":[{"embeddable":true,"href":"https:\/\/www.hoymercedes.com.ar\/principal\/wp-json\/wp\/v2\/comments?post=76195"}],"version-history":[{"count":0,"href":"https:\/\/www.hoymercedes.com.ar\/principal\/wp-json\/wp\/v2\/posts\/76195\/revisions"}],"wp:featuredmedia":[{"embeddable":true,"href":"https:\/\/www.hoymercedes.com.ar\/principal\/wp-json\/wp\/v2\/media\/76197"}],"wp:attachment":[{"href":"https:\/\/www.hoymercedes.com.ar\/principal\/wp-json\/wp\/v2\/media?parent=76195"}],"wp:term":[{"taxonomy":"category","embeddable":true,"href":"https:\/\/www.hoymercedes.com.ar\/principal\/wp-json\/wp\/v2\/categories?post=76195"},{"taxonomy":"post_tag","embeddable":true,"href":"https:\/\/www.hoymercedes.com.ar\/principal\/wp-json\/wp\/v2\/tags?post=76195"}],"curies":[{"name":"wp","href":"https:\/\/api.w.org\/{rel}","templated":true}]}}