{"id":76202,"date":"2018-05-24T16:28:21","date_gmt":"2018-05-24T19:28:21","guid":{"rendered":"http:\/\/www.hoymercedes.com.ar\/principal\/?p=76202"},"modified":"2018-05-23T21:43:10","modified_gmt":"2018-05-24T00:43:10","slug":"76202","status":"publish","type":"post","link":"https:\/\/www.hoymercedes.com.ar\/principal\/2018\/05\/24\/76202\/","title":{"rendered":"Alumnos de la Escuela de Nataci\u00f3n estuvieron compitiendo en Marcos Paz"},"content":{"rendered":"<p>El s\u00e1bado 19 de mayo, alumnos de la Escuela de Nataci\u00f3n Neptuno\u00a0participaron del Torneo de Nataci\u00f3n Inter Escuelas que se realiz\u00f3\u00a0en Hidro Club Sapa de Marcos Paz.<\/p>\n<p><img loading=\"lazy\" decoding=\"async\" data-attachment-id=\"76203\" data-permalink=\"https:\/\/www.hoymercedes.com.ar\/principal\/2018\/05\/24\/76202\/img-20180519-wa0016-1\/#main\" data-orig-file=\"https:\/\/www.hoymercedes.com.ar\/principal\/wp-content\/uploads\/2018\/05\/IMG-20180519-WA0016-1.jpg\" data-orig-size=\"768,514\" data-comments-opened=\"0\" data-image-meta=\"{&quot;aperture&quot;:&quot;0&quot;,&quot;credit&quot;:&quot;&quot;,&quot;camera&quot;:&quot;&quot;,&quot;caption&quot;:&quot;&quot;,&quot;created_timestamp&quot;:&quot;0&quot;,&quot;copyright&quot;:&quot;&quot;,&quot;focal_length&quot;:&quot;0&quot;,&quot;iso&quot;:&quot;0&quot;,&quot;shutter_speed&quot;:&quot;0&quot;,&quot;title&quot;:&quot;&quot;,&quot;orientation&quot;:&quot;0&quot;}\" data-image-title=\"IMG-20180519-WA0016-1\" data-image-description=\"\" data-image-caption=\"\" data-large-file=\"https:\/\/www.hoymercedes.com.ar\/principal\/wp-content\/uploads\/2018\/05\/IMG-20180519-WA0016-1.jpg\" class=\"aligncenter size-medium wp-image-76203\" src=\"https:\/\/www.hoymercedes.com.ar\/principal\/wp-content\/uploads\/2018\/05\/IMG-20180519-WA0016-1-630x422.jpg\" alt=\"\" width=\"630\" height=\"422\" srcset=\"https:\/\/www.hoymercedes.com.ar\/principal\/wp-content\/uploads\/2018\/05\/IMG-20180519-WA0016-1-630x422.jpg 630w, https:\/\/www.hoymercedes.com.ar\/principal\/wp-content\/uploads\/2018\/05\/IMG-20180519-WA0016-1-150x100.jpg 150w, https:\/\/www.hoymercedes.com.ar\/principal\/wp-content\/uploads\/2018\/05\/IMG-20180519-WA0016-1.jpg 768w\" sizes=\"auto, (max-width: 630px) 100vw, 630px\" \/><\/p>\n<p>Los nadadores fueron: Obredor Atilio, Mendes Agust\u00edn, Ilariucci\u00a0Luca, Del Canto Ariadna, Ballesteros Anaclara, Rodr\u00edguez Luz,\u00a0Alterino Perazzo Abril, Del Canto Sabina, Fink Joaqu\u00edn, Bugarin Tadeo,\u00a0L\u00f3pez S\u00e1nchez Juan Pedro, Di Pascuo Valentino, Costa Juan Pedro,\u00a0Parodi Martina, Ojeda Constanza, Fischer Daniela, Fink Francisco y\u00a0Chacar Agust\u00edn.<\/p>\n<p>Todos nadaron 25 metros crol y 25 metros espalda, adem\u00e1s de la posta 4 x 25 metros crol mixta. Fue un d\u00eda hermoso, lleno de emoci\u00f3n porque fue el\u00a0primer torneo de varios alumnos. Adem\u00e1s, consiguieron muchos primeros puestos.<\/p>\n<p>Juanjo Bugarin, su entrenador y director de la Escuela, los felicita\u00a0y agradece a los padres que permiten a sus hijos participar de este\u00a0tipo de eventos.<\/p>\n<p>NEPTUNO funciona de lunes a viernes de 8 a 21 en Acceso San Mart\u00edn\u00a0y 168, dentro del complejo Noelandia. Informes e inscripci\u00f3n al\u00a015511929 o por face: Neptuno Escuela de Nataci\u00f3n<\/p>\n","protected":false},"excerpt":{"rendered":"<p>El s\u00e1bado 19 de mayo, alumnos de la Escuela de Nataci\u00f3n Neptuno\u00a0participaron del Torneo de Nataci\u00f3n Inter Escuelas que se &#8230; <a title=\"Alumnos de la Escuela de Nataci\u00f3n estuvieron compitiendo en Marcos Paz\" class=\"read-more\" href=\"https:\/\/www.hoymercedes.com.ar\/principal\/2018\/05\/24\/76202\/\" aria-label=\"Leer m\u00e1s sobre Alumnos de la Escuela de Nataci\u00f3n estuvieron compitiendo en Marcos Paz\">Leer m\u00e1s<\/a><\/p>\n","protected":false},"author":1,"featured_media":76203,"comment_status":"closed","ping_status":"open","sticky":false,"template":"","format":"standard","meta":{"_monsterinsights_skip_tracking":false,"_monsterinsights_sitenote_active":false,"_monsterinsights_sitenote_note":"","_monsterinsights_sitenote_category":0,"jetpack_post_was_ever_published":false,"_jetpack_newsletter_access":"","_jetpack_dont_email_post_to_subs":false,"_jetpack_newsletter_tier_id":0,"_jetpack_memberships_contains_paywalled_content":false,"_jetpack_memberships_contains_paid_content":false,"footnotes":"","jetpack_publicize_message":"","jetpack_publicize_feature_enabled":true,"jetpack_social_post_already_shared":true,"jetpack_social_options":{"image_generator_settings":{"template":"highway","default_image_id":0,"font":"","enabled":false},"version":2},"_wpas_customize_per_network":false},"categories":[21],"tags":[8725,204,10689,9969],"class_list":["post-76202","post","type-post","status-publish","format-standard","has-post-thumbnail","hentry","category-deportes","tag-competencia","tag-deportes-2","tag-marcos-paz","tag-natacion","generate-columns","tablet-grid-50","mobile-grid-100","grid-parent","grid-50"],"jetpack_publicize_connections":[],"jetpack_featured_media_url":"https:\/\/www.hoymercedes.com.ar\/principal\/wp-content\/uploads\/2018\/05\/IMG-20180519-WA0016-1.jpg","wps_subtitle":"Encuentro deportivo","jetpack_sharing_enabled":true,"_links":{"self":[{"href":"https:\/\/www.hoymercedes.com.ar\/principal\/wp-json\/wp\/v2\/posts\/76202","targetHints":{"allow":["GET"]}}],"collection":[{"href":"https:\/\/www.hoymercedes.com.ar\/principal\/wp-json\/wp\/v2\/posts"}],"about":[{"href":"https:\/\/www.hoymercedes.com.ar\/principal\/wp-json\/wp\/v2\/types\/post"}],"author":[{"embeddable":true,"href":"https:\/\/www.hoymercedes.com.ar\/principal\/wp-json\/wp\/v2\/users\/1"}],"replies":[{"embeddable":true,"href":"https:\/\/www.hoymercedes.com.ar\/principal\/wp-json\/wp\/v2\/comments?post=76202"}],"version-history":[{"count":0,"href":"https:\/\/www.hoymercedes.com.ar\/principal\/wp-json\/wp\/v2\/posts\/76202\/revisions"}],"wp:featuredmedia":[{"embeddable":true,"href":"https:\/\/www.hoymercedes.com.ar\/principal\/wp-json\/wp\/v2\/media\/76203"}],"wp:attachment":[{"href":"https:\/\/www.hoymercedes.com.ar\/principal\/wp-json\/wp\/v2\/media?parent=76202"}],"wp:term":[{"taxonomy":"category","embeddable":true,"href":"https:\/\/www.hoymercedes.com.ar\/principal\/wp-json\/wp\/v2\/categories?post=76202"},{"taxonomy":"post_tag","embeddable":true,"href":"https:\/\/www.hoymercedes.com.ar\/principal\/wp-json\/wp\/v2\/tags?post=76202"}],"curies":[{"name":"wp","href":"https:\/\/api.w.org\/{rel}","templated":true}]}}