{"id":76212,"date":"2018-05-23T09:55:09","date_gmt":"2018-05-23T12:55:09","guid":{"rendered":"http:\/\/www.hoymercedes.com.ar\/principal\/?p=76212"},"modified":"2018-05-23T09:56:36","modified_gmt":"2018-05-23T12:56:36","slug":"gol-de-gonzalo-perez-en-la-victoria-de-lujan-para-meterse-en-semifinales","status":"publish","type":"post","link":"https:\/\/www.hoymercedes.com.ar\/principal\/2018\/05\/23\/gol-de-gonzalo-perez-en-la-victoria-de-lujan-para-meterse-en-semifinales\/","title":{"rendered":"Gol de Gonzalo P\u00e9rez en la victoria de Luj\u00e1n para meterse en semifinales (video)"},"content":{"rendered":"<p>elcivismo.com.ar Luj\u00e1n dio un paso m\u00e1s. Despu\u00e9s de 10 a\u00f1os volvi\u00f3 a jugar el Reducido y se meti\u00f3 en las semifinales en busca del segundo ascenso al dejar en el camino a Ferrocarril Midland en el Campo Municipal. Con autoridad, se impuso por 2 a 1 y ahora le apunta a Argentino de Quilmes, el pr\u00f3ximo rival.<\/p>\n<figure id=\"attachment_76213\" aria-describedby=\"caption-attachment-76213\" style=\"width: 620px\" class=\"wp-caption aligncenter\"><img loading=\"lazy\" decoding=\"async\" data-attachment-id=\"76213\" data-permalink=\"https:\/\/www.hoymercedes.com.ar\/principal\/2018\/05\/23\/gol-de-gonzalo-perez-en-la-victoria-de-lujan-para-meterse-en-semifinales\/gonzalo-perez-festejo-gol-vs-midland-reducido-2018\/#main\" data-orig-file=\"https:\/\/www.hoymercedes.com.ar\/principal\/wp-content\/uploads\/2018\/05\/Gonzalo-Perez-festejo-gol-vs-Midland-Reducido-2018.png\" data-orig-size=\"1080,809\" data-comments-opened=\"0\" data-image-meta=\"{&quot;aperture&quot;:&quot;0&quot;,&quot;credit&quot;:&quot;&quot;,&quot;camera&quot;:&quot;&quot;,&quot;caption&quot;:&quot;&quot;,&quot;created_timestamp&quot;:&quot;0&quot;,&quot;copyright&quot;:&quot;&quot;,&quot;focal_length&quot;:&quot;0&quot;,&quot;iso&quot;:&quot;0&quot;,&quot;shutter_speed&quot;:&quot;0&quot;,&quot;title&quot;:&quot;&quot;,&quot;orientation&quot;:&quot;0&quot;}\" data-image-title=\"Gonzalo Perez festejo gol vs Midland Reducido 2018\" data-image-description=\"\" data-image-caption=\"\" data-large-file=\"https:\/\/www.hoymercedes.com.ar\/principal\/wp-content\/uploads\/2018\/05\/Gonzalo-Perez-festejo-gol-vs-Midland-Reducido-2018-1024x767.png\" class=\"wp-image-76213 size-medium\" src=\"https:\/\/www.hoymercedes.com.ar\/principal\/wp-content\/uploads\/2018\/05\/Gonzalo-Perez-festejo-gol-vs-Midland-Reducido-2018-630x472.png\" alt=\"\" width=\"630\" height=\"472\" srcset=\"https:\/\/www.hoymercedes.com.ar\/principal\/wp-content\/uploads\/2018\/05\/Gonzalo-Perez-festejo-gol-vs-Midland-Reducido-2018-630x472.png 630w, https:\/\/www.hoymercedes.com.ar\/principal\/wp-content\/uploads\/2018\/05\/Gonzalo-Perez-festejo-gol-vs-Midland-Reducido-2018-150x112.png 150w, https:\/\/www.hoymercedes.com.ar\/principal\/wp-content\/uploads\/2018\/05\/Gonzalo-Perez-festejo-gol-vs-Midland-Reducido-2018-1024x767.png 1024w, https:\/\/www.hoymercedes.com.ar\/principal\/wp-content\/uploads\/2018\/05\/Gonzalo-Perez-festejo-gol-vs-Midland-Reducido-2018.png 1080w\" sizes=\"auto, (max-width: 630px) 100vw, 630px\" \/><figcaption id=\"caption-attachment-76213\" class=\"wp-caption-text\">Foto: Envi\u00f3n Deportivo.<\/figcaption><\/figure>\n<p>Poco le import\u00f3 la ventaja deportiva al Lujanero. Es que no especul\u00f3 en el primer tiempo. A pesar que el empate le serv\u00eda, sali\u00f3 a buscar el partido. Por eso, Delfor Minervino se abri\u00f3 bien por la derecha y -como siempre- se transform\u00f3 en un puntero m\u00e1s. Del otro lado, Lucas Chambi era el eje del equipo, bien enchufado y punzante por la izquierda.<\/p>\n<p>Dos veces avis\u00f3 el local. Primero con un tiro de esquina desde la derecha de Chambi que se fue cerrando por el segundo palo y Monasterio lleg\u00f3 a cabecear a la parte externa de la red. Despu\u00e9s, el 10 desbord\u00f3 por la izquierda y tir\u00f3 el centro atr\u00e1s que encontr\u00f3 a Federico Carneiro, aunque en el camino dio en una pierna de un defensor. Hasta que a los 26 lleg\u00f3 la explosi\u00f3n: el central dud\u00f3 con el arquero ante el pelotazo largo de Z\u00faccaro y Vera Borda, m\u00e1s r\u00e1pido que todos, defini\u00f3 entre las piernas de Mansilla para poner el 1 a 0.<\/p>\n<p>En una r\u00e1faga el Lujanero pareci\u00f3 liquidar todo. Porque dos minutos despu\u00e9s, Gast\u00f3n S\u00e1nchez la arm\u00f3 toda por la derecha y toc\u00f3 al medio para Gonzalo P\u00e9rez que, de frente al arco, acomod\u00f3 el borde interno de su pie para poner la pelota contra el palo. 2-0.<\/p>\n<p>Sin embargo, antes del final del primer tiempo, el Funebrero se meti\u00f3 en partido por el error de Mat\u00edas Lescano, que dej\u00f3 escapar la pelota entre sus manos tras un tiro de esquina desde la derecha y Luciano Nebot la empuj\u00f3 de cabeza.<\/p>\n<p>Con la obligaci\u00f3n de dar vuelta el resultado, Midland pas\u00f3 a defender con tres en el fondo. Por eso, los espacios aparecieron r\u00e1pidamente. All\u00ed, S\u00e1nchez corri\u00f3 habilitado sobre la derecha y toc\u00f3 para Vera Borda, quien no pudo controlar ante el mal pique en un campo de juego bastante deteriorado. Despu\u00e9s, el 9 se quiso quitar la bronca ganando con potencia pero rematando por arriba del travesa\u00f1o.<\/p>\n<p>A esa altura, el partido ya estaba quebrado. El visitante tuvo un tiro libre en la boca del \u00e1rea que no supo aprovechar. Mientras que Delfor Minervino lleg\u00f3 hasta el otro extremo de la cancha, aunque no pudo definir c\u00f3modo ante la salida del arquero.<\/p>\n<p>Con la urgencia del paso de los minutos, el Funebrero se fue con todo, aunque sin ideas ni claridad. Solo apuntaba al pelotazo para presionar arriba. Pero Dalmiro Gaeto le simplific\u00f3 la tarde al Lujanero, peg\u00e1ndole un cabezazo a Joaqu\u00edn Marcos y viendo la roja.<\/p>\n<p>Por eso, el \u00faltimo tramo del encuentro pr\u00e1cticamente que sobr\u00f3. Midland se jug\u00f3 los \u00faltimos cartuchos y Luj\u00e1n cuid\u00f3 piernas ya pensando en la semifinal.<\/p>\n<p><strong>EL S\u00c1BADO<\/strong><\/p>\n<p>Por el primer encuentro de las semifinales del Reducido, Luj\u00e1n recibir\u00e1 el pr\u00f3ximo s\u00e1bado desde las 15.30 a Argentino de Quilmes en el Campo Municipal. El equipo de Pedro Monz\u00f3n dej\u00f3 en el camino esta tarde al Deportivo Merlo. En esta fase, la ventaja deportiva es simplemente el hecho de cerrar la serie en casa. Tampoco cuentan los goles de visitante. Por lo que si hay empate en los resultados, habr\u00e1 definici\u00f3n por penales.<\/p>\n<p><b>LUJ\u00c1N (2)<\/b><\/p>\n<p>Mat\u00edas Lescano;\u00a0Delfor Minervino,\u00a0Luciano Monasterio,\u00a0Mart\u00edn Zuccaro y\u00a0Franco Rodr\u00edguez;\u00a0Gast\u00f3n S\u00e1nchez,\u00a0Maximiliano Pighin,\u00a0Federico Carneiro y Gonzalo P\u00e9rez; Lucas Chambi y Juan Cruz Vera Borda.\u00a0<strong>DT:<\/strong>\u00a0Osvaldo Ruggero.\u00a0<strong>Suplentes:<\/strong>\u00a0Gustavo Ruhl, Jonathan Morey,\u00a0El\u00edas Mendoza y\u00a0Juan Brunetti.\u00a0<b>Cambios:<\/b>\u00a068\u2032 Joaqu\u00edn Marcos por Lucas Chambi, 88\u2032 Imanol Varela por Gast\u00f3n S\u00e1nchez (LUJ) y 90\u2032(+1) Dami\u00e1n Santagati por Gonzalo P\u00e9rez.<\/p>\n<p><strong>FERROCARRILL MIDLAND (1)<\/strong><\/p>\n<p>Mat\u00edas Mansilla; Andr\u00e9s Siena, Patricio Grgona, Luciano Nebot y Claudio Nu\u00f1ez; Juan Carlos Lescano, Leonardo Cel\u00edn, Bruno Rodr\u00edguez y Dalmiro Gaeto; Amando Lezcano y Gonzalo Vivanco.\u00a0<strong>DT:<\/strong>\u00a0Diego Mart\u00ednez.\u00a0<strong>Suplentes:<\/strong>\u00a0Gonzalo Ojeda, C\u00e9sar Acosta, Diego Grecco, Leandro Scornaienchi, Mart\u00edn Mustachi y Lucas Buono.\u00a0<b>Cambio:<\/b>\u00a050\u2032 Mart\u00edn Civit por Claudio Nu\u00f1ez.<\/p>\n<p><b>Goles:<\/b>\u00a027\u2032 Juan Cruz Vera Borda (Luj\u00e1n), 30\u2032 Gonzalo P\u00e9rez (Luj\u00e1n), 41\u2032 Luciano Nebot (Midland)<\/p>\n<p><b>\u00c1rbitro:\u00a0<\/b>Cristian Ben\u00edtez (Muy Bien).<\/p>\n<p><b>Amonestados:<\/b>\u00a0Juan Carlos Lescano (Midland), Armando Lezcano (Midland), Andr\u00e9s Siena (Midland)<\/p>\n<p><b>Expulsados:<\/b>\u00a069\u2032 Dalmiro Gaeto (Midland)<\/p>\n<p><b>Estadio:<\/b>\u00a0Campo Municipal de Deportes de Luj\u00e1n<\/p>\n<div class=\"wp-playlist wp-video-playlist wp-playlist-light\">\n\t\t<video controls=\"controls\" preload=\"none\" width=\"1178\"\n\t\t height=\"884\"\t><\/video>\n\t<div class=\"wp-playlist-next\"><\/div>\n\t<div class=\"wp-playlist-prev\"><\/div>\n\t<noscript>\n\t<ol>\n\t\t<li><a href='https:\/\/www.hoymercedes.com.ar\/principal\/wp-content\/uploads\/2018\/05\/Gol-de-perez-ante-midland.mp4'>Gol de perez ante midland<\/a><\/li>\t<\/ol>\n\t<\/noscript>\n\t<script data-jetpack-boost=\"ignore\" type=\"application\/json\" class=\"wp-playlist-script\">{\"type\":\"video\",\"tracklist\":true,\"tracknumbers\":true,\"images\":true,\"artists\":true,\"tracks\":[{\"src\":\"https:\/\/www.hoymercedes.com.ar\/principal\/wp-content\/uploads\/2018\/05\/Gol-de-perez-ante-midland.mp4\",\"type\":\"video\/mp4\",\"title\":\"Gol de perez ante midland\",\"caption\":\"\",\"description\":\"\",\"meta\":{\"length_formatted\":\"0:55\"},\"dimensions\":{\"original\":{\"width\":640,\"height\":480},\"resized\":{\"width\":1178,\"height\":884}},\"image\":{\"src\":\"https:\/\/www.hoymercedes.com.ar\/principal\/wp-includes\/images\/media\/video.svg\",\"width\":48,\"height\":64},\"thumb\":{\"src\":\"https:\/\/www.hoymercedes.com.ar\/principal\/wp-includes\/images\/media\/video.svg\",\"width\":48,\"height\":64}}]}<\/script>\n<\/div>\n\t\n","protected":false},"excerpt":{"rendered":"<p>elcivismo.com.ar Luj\u00e1n dio un paso m\u00e1s. Despu\u00e9s de 10 a\u00f1os volvi\u00f3 a jugar el Reducido y se meti\u00f3 en las &#8230; <a title=\"Gol de Gonzalo P\u00e9rez en la victoria de Luj\u00e1n para meterse en semifinales (video)\" class=\"read-more\" href=\"https:\/\/www.hoymercedes.com.ar\/principal\/2018\/05\/23\/gol-de-gonzalo-perez-en-la-victoria-de-lujan-para-meterse-en-semifinales\/\" aria-label=\"Leer m\u00e1s sobre Gol de Gonzalo P\u00e9rez en la victoria de Luj\u00e1n para meterse en semifinales (video)\">Leer m\u00e1s<\/a><\/p>\n","protected":false},"author":1,"featured_media":76213,"comment_status":"closed","ping_status":"open","sticky":false,"template":"","format":"standard","meta":{"_monsterinsights_skip_tracking":false,"_monsterinsights_sitenote_active":false,"_monsterinsights_sitenote_note":"","_monsterinsights_sitenote_category":0,"jetpack_post_was_ever_published":false,"_jetpack_newsletter_access":"","_jetpack_dont_email_post_to_subs":false,"_jetpack_newsletter_tier_id":0,"_jetpack_memberships_contains_paywalled_content":false,"_jetpack_memberships_contains_paid_content":false,"footnotes":"","jetpack_publicize_message":"","jetpack_publicize_feature_enabled":true,"jetpack_social_post_already_shared":true,"jetpack_social_options":{"image_generator_settings":{"template":"highway","default_image_id":0,"font":"","enabled":false},"version":2},"_wpas_customize_per_network":false},"categories":[21],"tags":[],"class_list":["post-76212","post","type-post","status-publish","format-standard","has-post-thumbnail","hentry","category-deportes","generate-columns","tablet-grid-50","mobile-grid-100","grid-parent","grid-50"],"jetpack_publicize_connections":[],"jetpack_featured_media_url":"https:\/\/www.hoymercedes.com.ar\/principal\/wp-content\/uploads\/2018\/05\/Gonzalo-Perez-festejo-gol-vs-Midland-Reducido-2018.png","wps_subtitle":"Primera C","jetpack_sharing_enabled":true,"jetpack-related-posts":[{"id":161070,"url":"https:\/\/www.hoymercedes.com.ar\/principal\/2023\/04\/18\/tenis-bautista-ricaldoni-felipe-flores-y-simon-ferrero-campeones-en-lujan\/","url_meta":{"origin":76212,"position":0},"title":"Tenis: Bautista Ricaldoni, Felipe Flores y Sim\u00f3n Ferrero campeones en Lujan","author":"hoymercedes","date":"18 abril, 2023","format":false,"excerpt":"Se realiz\u00f3 el pasado fin de semana, en el club Din\u00e1mica de Lujan, el Primer Promocional de Grado 5 de la zona oeste de la provincia de Buenos Aires.\u00a0 \u00a0Gran rendimiento tuvieron los jugadores alumnos de las Escuelas de tenis del Club Mercedes y de la Liga de Padres,\u00a0 que\u2026","rel":"","context":"En \u00abSociedad\u00bb","block_context":{"text":"Sociedad","link":"https:\/\/www.hoymercedes.com.ar\/principal\/category\/sociedad\/"},"img":{"alt_text":"","src":"https:\/\/i0.wp.com\/www.hoymercedes.com.ar\/principal\/wp-content\/uploads\/2023\/04\/20230415_193150.jpg?resize=350%2C200&ssl=1","width":350,"height":200,"srcset":"https:\/\/i0.wp.com\/www.hoymercedes.com.ar\/principal\/wp-content\/uploads\/2023\/04\/20230415_193150.jpg?resize=350%2C200&ssl=1 1x, https:\/\/i0.wp.com\/www.hoymercedes.com.ar\/principal\/wp-content\/uploads\/2023\/04\/20230415_193150.jpg?resize=525%2C300&ssl=1 1.5x, https:\/\/i0.wp.com\/www.hoymercedes.com.ar\/principal\/wp-content\/uploads\/2023\/04\/20230415_193150.jpg?resize=700%2C400&ssl=1 2x"},"classes":[]},{"id":150869,"url":"https:\/\/www.hoymercedes.com.ar\/principal\/2022\/07\/17\/pedro-tipitto-campeon-y-tomas-pescio-subcampeon-en-el-grado-5-de-lujan\/","url_meta":{"origin":76212,"position":1},"title":"Pedro Tipitto campe\u00f3n y Tom\u00e1s Pescio subcampe\u00f3n en el Grado 5 de Luj\u00e1n","author":"hoymercedes","date":"17 julio, 2022","format":false,"excerpt":"Trece tenistas de Mercedes participaron del 3er Promocional de Grado 5 en Luj\u00e1n. Pedro Tipitto campe\u00f3n y Tom\u00e1s Pescio subcampe\u00f3n.","rel":"","context":"En \u00abDeportes\u00bb","block_context":{"text":"Deportes","link":"https:\/\/www.hoymercedes.com.ar\/principal\/category\/deportes\/"},"img":{"alt_text":"","src":"https:\/\/i0.wp.com\/www.hoymercedes.com.ar\/principal\/wp-content\/uploads\/2022\/07\/20220716_161231.jpg?resize=350%2C200&ssl=1","width":350,"height":200,"srcset":"https:\/\/i0.wp.com\/www.hoymercedes.com.ar\/principal\/wp-content\/uploads\/2022\/07\/20220716_161231.jpg?resize=350%2C200&ssl=1 1x, https:\/\/i0.wp.com\/www.hoymercedes.com.ar\/principal\/wp-content\/uploads\/2022\/07\/20220716_161231.jpg?resize=525%2C300&ssl=1 1.5x, https:\/\/i0.wp.com\/www.hoymercedes.com.ar\/principal\/wp-content\/uploads\/2022\/07\/20220716_161231.jpg?resize=700%2C400&ssl=1 2x"},"classes":[]},{"id":102290,"url":"https:\/\/www.hoymercedes.com.ar\/principal\/2019\/11\/14\/por-la-linebh-ateneo-cef-40-y-estudiantes-buscan-la-final-en-primera-quinta-sexta-y-mami\/","url_meta":{"origin":76212,"position":2},"title":"Por la LINEBH, Ateneo, CEF 40 y Estudiantes buscan la final en Primera, Quinta, Sexta y Mami","author":"hoymercedes","date":"14 noviembre, 2019","format":false,"excerpt":"Con Parque Esperanza como organizador, pero en cancha del Club Luj\u00e1n, se jugaron los cuartos de final del torneo de hockey de la LINEBH, donde Estudiantes y CEF 40 jugaron partidos para clasificar a semifinales, donde Ateneo ya espera en Primera, Sexta y Mami. En Primera Divisi\u00f3n, Hurac\u00e1n elimin\u00f3 a\u2026","rel":"","context":"En \u00abDeportes\u00bb","block_context":{"text":"Deportes","link":"https:\/\/www.hoymercedes.com.ar\/principal\/category\/deportes\/"},"img":{"alt_text":"","src":"https:\/\/i0.wp.com\/www.hoymercedes.com.ar\/principal\/wp-content\/uploads\/2019\/11\/CUARTOS-DE-FINAL.png?resize=350%2C200&ssl=1","width":350,"height":200},"classes":[]},{"id":180412,"url":"https:\/\/www.hoymercedes.com.ar\/principal\/2024\/11\/11\/tenis-tomas-pescio-fue-subcampeon-en-lujan\/","url_meta":{"origin":76212,"position":3},"title":"Tenis: Tom\u00e1s Pescio fue subcampe\u00f3n en Luj\u00e1n","author":"hoymercedes","date":"11 noviembre, 2024","format":false,"excerpt":"En la tarde del s\u00e1bado, se realiz\u00f3 en la ciudad de Luj\u00e1n el Abierto de Tenis para los j\u00f3venes tenistas de la regi\u00f3n. En el torneo, la joven promesa del tenis mercedino Tom\u00e1s Pescio se coron\u00f3 sub campe\u00f3n. \"Gran importancia tiene ese resultado en su corta carrera ten\u00edstica ya que\u2026","rel":"","context":"En \u00abDeportes\u00bb","block_context":{"text":"Deportes","link":"https:\/\/www.hoymercedes.com.ar\/principal\/category\/deportes\/"},"img":{"alt_text":"","src":"https:\/\/i0.wp.com\/www.hoymercedes.com.ar\/principal\/wp-content\/uploads\/2024\/11\/IMG-20241110-WA0092-1.jpg?resize=350%2C200&ssl=1","width":350,"height":200,"srcset":"https:\/\/i0.wp.com\/www.hoymercedes.com.ar\/principal\/wp-content\/uploads\/2024\/11\/IMG-20241110-WA0092-1.jpg?resize=350%2C200&ssl=1 1x, https:\/\/i0.wp.com\/www.hoymercedes.com.ar\/principal\/wp-content\/uploads\/2024\/11\/IMG-20241110-WA0092-1.jpg?resize=525%2C300&ssl=1 1.5x, https:\/\/i0.wp.com\/www.hoymercedes.com.ar\/principal\/wp-content\/uploads\/2024\/11\/IMG-20241110-WA0092-1.jpg?resize=700%2C400&ssl=1 2x"},"classes":[]},{"id":74189,"url":"https:\/\/www.hoymercedes.com.ar\/principal\/2018\/04\/02\/matias-rebagliatti-sub-campeon-en-lujan\/","url_meta":{"origin":76212,"position":4},"title":"Mat\u00edas Rebagliatti Sub Campe\u00f3n en Luj\u00e1n","author":"hoymercedes","date":"2 abril, 2018","format":false,"excerpt":"Se realiz\u00f3 el pasado s\u00e1bado en las canchas del Club Din\u00e1mica de Luj\u00e1n, el 1er Grado 5 de ATOBA para las categor\u00edas de los m\u00e1s peque\u00f1os. Con una gran organizaci\u00f3n se llevaron adelante dos categor\u00edas de varones (sub 10 a\u00f1os y sub 12) y una de damas (sub 10\/12 a\u00f1os\u2026","rel":"","context":"En \u00abSociedad\u00bb","block_context":{"text":"Sociedad","link":"https:\/\/www.hoymercedes.com.ar\/principal\/category\/sociedad\/"},"img":{"alt_text":"","src":"https:\/\/i0.wp.com\/www.hoymercedes.com.ar\/principal\/wp-content\/uploads\/2018\/04\/20180330_190032.jpg?resize=350%2C200&ssl=1","width":350,"height":200,"srcset":"https:\/\/i0.wp.com\/www.hoymercedes.com.ar\/principal\/wp-content\/uploads\/2018\/04\/20180330_190032.jpg?resize=350%2C200&ssl=1 1x, https:\/\/i0.wp.com\/www.hoymercedes.com.ar\/principal\/wp-content\/uploads\/2018\/04\/20180330_190032.jpg?resize=525%2C300&ssl=1 1.5x, https:\/\/i0.wp.com\/www.hoymercedes.com.ar\/principal\/wp-content\/uploads\/2018\/04\/20180330_190032.jpg?resize=700%2C400&ssl=1 2x, https:\/\/i0.wp.com\/www.hoymercedes.com.ar\/principal\/wp-content\/uploads\/2018\/04\/20180330_190032.jpg?resize=1050%2C600&ssl=1 3x, https:\/\/i0.wp.com\/www.hoymercedes.com.ar\/principal\/wp-content\/uploads\/2018\/04\/20180330_190032.jpg?resize=1400%2C800&ssl=1 4x"},"classes":[]},{"id":136851,"url":"https:\/\/www.hoymercedes.com.ar\/principal\/2021\/09\/08\/el-gcm-tiene-clasificados-para-la-final-argentina\/","url_meta":{"origin":76212,"position":5},"title":"El GCM tiene clasificados para la final Argentina","author":"hoymercedes","date":"8 septiembre, 2021","format":false,"excerpt":"Mancusi\u00a0Javier (categor\u00eda\u00a0 0 a 9), Ojea Manuel (categor\u00eda\u00a0 10 a 16) y Ferraris Fernando (categor\u00eda\u00a0 17 a 24), representar\u00e1n a Mercedes y buscar\u00e1n un lugar en\u00a0 Campeonato Latinoamericano \u2022 Adem\u00e1s, se jugaron dos partidos del campeonato de Parejas con Handicap.\u00a0 El pasado fin de semana se jugo la segunda y\u2026","rel":"","context":"En \u00abDeportes\u00bb","block_context":{"text":"Deportes","link":"https:\/\/www.hoymercedes.com.ar\/principal\/category\/deportes\/"},"img":{"alt_text":"","src":"https:\/\/i0.wp.com\/www.hoymercedes.com.ar\/principal\/wp-content\/uploads\/2021\/09\/07-golf.jpeg?resize=350%2C200&ssl=1","width":350,"height":200,"srcset":"https:\/\/i0.wp.com\/www.hoymercedes.com.ar\/principal\/wp-content\/uploads\/2021\/09\/07-golf.jpeg?resize=350%2C200&ssl=1 1x, https:\/\/i0.wp.com\/www.hoymercedes.com.ar\/principal\/wp-content\/uploads\/2021\/09\/07-golf.jpeg?resize=525%2C300&ssl=1 1.5x, https:\/\/i0.wp.com\/www.hoymercedes.com.ar\/principal\/wp-content\/uploads\/2021\/09\/07-golf.jpeg?resize=700%2C400&ssl=1 2x"},"classes":[]}],"_links":{"self":[{"href":"https:\/\/www.hoymercedes.com.ar\/principal\/wp-json\/wp\/v2\/posts\/76212","targetHints":{"allow":["GET"]}}],"collection":[{"href":"https:\/\/www.hoymercedes.com.ar\/principal\/wp-json\/wp\/v2\/posts"}],"about":[{"href":"https:\/\/www.hoymercedes.com.ar\/principal\/wp-json\/wp\/v2\/types\/post"}],"author":[{"embeddable":true,"href":"https:\/\/www.hoymercedes.com.ar\/principal\/wp-json\/wp\/v2\/users\/1"}],"replies":[{"embeddable":true,"href":"https:\/\/www.hoymercedes.com.ar\/principal\/wp-json\/wp\/v2\/comments?post=76212"}],"version-history":[{"count":0,"href":"https:\/\/www.hoymercedes.com.ar\/principal\/wp-json\/wp\/v2\/posts\/76212\/revisions"}],"wp:featuredmedia":[{"embeddable":true,"href":"https:\/\/www.hoymercedes.com.ar\/principal\/wp-json\/wp\/v2\/media\/76213"}],"wp:attachment":[{"href":"https:\/\/www.hoymercedes.com.ar\/principal\/wp-json\/wp\/v2\/media?parent=76212"}],"wp:term":[{"taxonomy":"category","embeddable":true,"href":"https:\/\/www.hoymercedes.com.ar\/principal\/wp-json\/wp\/v2\/categories?post=76212"},{"taxonomy":"post_tag","embeddable":true,"href":"https:\/\/www.hoymercedes.com.ar\/principal\/wp-json\/wp\/v2\/tags?post=76212"}],"curies":[{"name":"wp","href":"https:\/\/api.w.org\/{rel}","templated":true}]}}